
			
				

					
				

			
		{"items":"\n\t\t\t\t\t\t\t\t\t\t\t\t\t\t<link rel=\"stylesheet\" id=\"wd-post-types-mod-categories-style-bg-css\" href=\"https:\/\/brmagazine.com.ec\/wp-content\/themes\/woodmart\/css\/parts\/post-types-mod-categories-style-bg.min.css?ver=8.2.7\" type=\"text\/css\" media=\"all\" \/> \t\t\t\n<article id=\"post-6432\" class=\"wd-post blog-design-list blog-post-loop blog-style-flat post-6432 post type-post status-publish format-standard has-post-thumbnail hentry category-sociales pmpro-has-access\">\n\t<div class=\"wd-post-inner\">\n\t\t<div class=\"wd-post-thumb\">\n\t\t\t\t\t\t\t<div class=\"wd-post-img\">\n\t\t\t\t\t<img width=\"1024\" height=\"789\" src=\"https:\/\/brmagazine.com.ec\/wp-content\/uploads\/2025\/12\/WhatsApp-Image-2025-12-08-at-1.54.52-PM-1024x789.jpeg\" class=\"attachment-large size-large\" alt=\"\" decoding=\"async\" fetchpriority=\"high\" srcset=\"https:\/\/brmagazine.com.ec\/wp-content\/uploads\/2025\/12\/WhatsApp-Image-2025-12-08-at-1.54.52-PM-1024x789.jpeg 1024w, https:\/\/brmagazine.com.ec\/wp-content\/uploads\/2025\/12\/WhatsApp-Image-2025-12-08-at-1.54.52-PM-300x231.jpeg 300w, https:\/\/brmagazine.com.ec\/wp-content\/uploads\/2025\/12\/WhatsApp-Image-2025-12-08-at-1.54.52-PM-768x592.jpeg 768w, https:\/\/brmagazine.com.ec\/wp-content\/uploads\/2025\/12\/WhatsApp-Image-2025-12-08-at-1.54.52-PM-1536x1184.jpeg 1536w, https:\/\/brmagazine.com.ec\/wp-content\/uploads\/2025\/12\/WhatsApp-Image-2025-12-08-at-1.54.52-PM-16x12.jpeg 16w, https:\/\/brmagazine.com.ec\/wp-content\/uploads\/2025\/12\/WhatsApp-Image-2025-12-08-at-1.54.52-PM.jpeg 1600w\" sizes=\"(max-width: 1024px) 100vw, 1024px\" \/>\t\t\t\t<\/div>\n\t\t\t\t\t\t\t\t\t\t\t\t<a class=\"wd-post-link wd-fill\" href=\"https:\/\/brmagazine.com.ec\/saint-gobain-imptek-ratifico-su-compromiso-con-el-deporte-de-aventura-sumandose-a-la-nonstop-imptek-2025-por-decimotercera-ocasion\/\" rel=\"bookmark\" aria-label=\"Link on post Saint-Gobain Imptek ratific\u00f3 su compromiso con el deporte de aventura sum\u00e1ndose a la NONSTOP IMPTEK 2025 por decimotercera ocasi\u00f3n\"><\/a>\n\t\t\t\t\t\t\t<div class=\"wd-post-cat wd-style-with-bg\">\n\t\t\t\t\t<a href=\"https:\/\/brmagazine.com.ec\/category\/sociales\/\" rel=\"category tag\">Sociales<\/a>\t\t\t\t<\/div>\n\t\t\t\t\t<\/div>\n\n\t\t<div class=\"wd-post-content\">\n\t\t\t<div class=\"wd-post-content-inner wd-scroll\">\n\t\t\t\t\t\t\t\t\t<div class=\"wd-post-meta\">\n\t\t\t\t\t\t\t\t\t\t\t\t\t\t\t<link rel=\"stylesheet\" id=\"wd-blog-mod-author-css\" href=\"https:\/\/brmagazine.com.ec\/wp-content\/themes\/woodmart\/css\/parts\/blog-mod-author.min.css?ver=8.2.7\" type=\"text\/css\" media=\"all\" \/> \t\t\t\t\t\t\t\t\t<div class=\"wd-post-author\">\n\t\t\t\t\t\t\t\t\t\t\t\t<span>Posted by<\/span>\n\t\t\n\t\t\t\t\t<img alt='author-avatar' src='https:\/\/brmagazine.com.ec\/wp-content\/uploads\/2025\/12\/jose-terranova-soporte-br_avatar-22x22.png' srcset='https:\/\/brmagazine.com.ec\/wp-content\/uploads\/2025\/12\/jose-terranova-soporte-br_avatar-44x44.png 2x' class='avatar avatar-22 photo' height='22' width='22' decoding='async'\/>\t\t\n\t\t\t\t\t<a href=\"https:\/\/brmagazine.com.ec\/author\/jose-terranova\/\" class=\"author\" rel=\"author\">Jose Terranova (Soporte Br)<\/a>\n\t\t\t\t\t\t\t\t\t\t<\/div>\n\t\t\t\t\t\t<div class=\"wd-modified-date\">\n\t\t\t\t\t\t\t\t\t<time class=\"updated\" datetime=\"2025-12-08T14:49:32-05:00\">\n\t\t\tdiciembre 8, 2025\t\t<\/time>\n\t\t\t\t\t\t\t\t<\/div>\n\n\t\t\t\t\t\t\t\t\t\t\t\t\t<div class=\"wd-post-share wd-tltp\">\n\t\t\t\t\t\t\t\t<div class=\"tooltip top\">\n\t\t\t\t\t\t\t\t\t<div class=\"tooltip-inner\">\n\t\t\t\t\t\t\t\t\t\t\t\t\t<link rel=\"stylesheet\" id=\"wd-social-icons-css\" href=\"https:\/\/brmagazine.com.ec\/wp-content\/themes\/woodmart\/css\/parts\/el-social-icons.min.css?ver=8.2.7\" type=\"text\/css\" media=\"all\" \/> \t\t\t\t\t\t<div\n\t\t\t\t\t\tclass=\" wd-social-icons  wd-style-default wd-size-small social-share wd-shape-circle color-scheme-light text-center\">\n\t\t\t\t\n\t\t\t\t\n\t\t\t\t\t\t\t\t\t<a rel=\"noopener noreferrer nofollow\" href=\"https:\/\/www.facebook.com\/sharer\/sharer.php?u=https:\/\/brmagazine.com.ec\/saint-gobain-imptek-ratifico-su-compromiso-con-el-deporte-de-aventura-sumandose-a-la-nonstop-imptek-2025-por-decimotercera-ocasion\/\" target=\"_blank\" class=\" wd-social-icon social-facebook\" aria-label=\"Facebook social link\">\n\t\t\t\t\t\t<span class=\"wd-icon\"><\/span>\n\t\t\t\t\t\t\t\t\t\t\t<\/a>\n\t\t\t\t\n\t\t\t\t\t\t\t\t\t<a rel=\"noopener noreferrer nofollow\" href=\"https:\/\/x.com\/share?url=https:\/\/brmagazine.com.ec\/saint-gobain-imptek-ratifico-su-compromiso-con-el-deporte-de-aventura-sumandose-a-la-nonstop-imptek-2025-por-decimotercera-ocasion\/\" target=\"_blank\" class=\" wd-social-icon social-twitter\" aria-label=\"X social link\">\n\t\t\t\t\t\t<span class=\"wd-icon\"><\/span>\n\t\t\t\t\t\t\t\t\t\t\t<\/a>\n\t\t\t\t\n\t\t\t\t\n\t\t\t\t\n\t\t\t\t\n\t\t\t\t\n\t\t\t\t\n\t\t\t\t\t\t\t\t\t<a rel=\"noopener noreferrer nofollow\" href=\"https:\/\/pinterest.com\/pin\/create\/button\/?url=https:\/\/brmagazine.com.ec\/saint-gobain-imptek-ratifico-su-compromiso-con-el-deporte-de-aventura-sumandose-a-la-nonstop-imptek-2025-por-decimotercera-ocasion\/&media=https:\/\/brmagazine.com.ec\/wp-content\/uploads\/2025\/12\/WhatsApp-Image-2025-12-08-at-1.54.52-PM.jpeg&description=Saint-Gobain+Imptek+ratific%C3%B3+su+compromiso+con+el+deporte+de+aventura+sum%C3%A1ndose+a+la+NONSTOP+IMPTEK+2025+por+decimotercera+ocasi%C3%B3n\" target=\"_blank\" class=\" wd-social-icon social-pinterest\" aria-label=\"Pinterest social link\">\n\t\t\t\t\t\t<span class=\"wd-icon\"><\/span>\n\t\t\t\t\t\t\t\t\t\t\t<\/a>\n\t\t\t\t\n\t\t\t\t\n\t\t\t\t\t\t\t\t\t<a rel=\"noopener noreferrer nofollow\" href=\"https:\/\/www.linkedin.com\/shareArticle?mini=true&url=https:\/\/brmagazine.com.ec\/saint-gobain-imptek-ratifico-su-compromiso-con-el-deporte-de-aventura-sumandose-a-la-nonstop-imptek-2025-por-decimotercera-ocasion\/\" target=\"_blank\" class=\" wd-social-icon social-linkedin\" aria-label=\"Linkedin social link\">\n\t\t\t\t\t\t<span class=\"wd-icon\"><\/span>\n\t\t\t\t\t\t\t\t\t\t\t<\/a>\n\t\t\t\t\n\t\t\t\t\n\t\t\t\t\n\t\t\t\t\n\t\t\t\t\n\t\t\t\t\n\t\t\t\t\n\t\t\t\t\n\t\t\t\t\n\t\t\t\t\n\t\t\t\t\n\t\t\t\t\n\t\t\t\t\n\t\t\t\t\n\t\t\t\t\n\t\t\t\t\t\t\t\t\t<a rel=\"noopener noreferrer nofollow\" href=\"https:\/\/telegram.me\/share\/url?url=https:\/\/brmagazine.com.ec\/saint-gobain-imptek-ratifico-su-compromiso-con-el-deporte-de-aventura-sumandose-a-la-nonstop-imptek-2025-por-decimotercera-ocasion\/\" target=\"_blank\" class=\" wd-social-icon social-tg\" aria-label=\"Telegram social link\">\n\t\t\t\t\t\t<span class=\"wd-icon\"><\/span>\n\t\t\t\t\t\t\t\t\t\t\t<\/a>\n\t\t\t\t\n\t\t\t\t\n\t\t\t<\/div>\n\n\t\t\t\t\t\t\t\t\t\t\t<\/div>\n\t\t\t\t\t\t\t\t\t<div class=\"tooltip-arrow\"><\/div>\n\t\t\t\t\t\t\t\t<\/div>\n\t\t\t\t\t\t\t<\/div>\n\t\t\t\t\t\t\n\t\t\t\t\t\t\t\t\t\t\t\t\t\t\t\t<link rel=\"stylesheet\" id=\"wd-blog-mod-comments-button-css\" href=\"https:\/\/brmagazine.com.ec\/wp-content\/themes\/woodmart\/css\/parts\/blog-mod-comments-button.min.css?ver=8.2.7\" type=\"text\/css\" media=\"all\" \/> \t\t\t\t\t\t\t\t\t\t<div class=\"wd-post-reply wd-style-1\">\n\t\t\t\t\t\t\t\t<a href=\"https:\/\/brmagazine.com.ec\/saint-gobain-imptek-ratifico-su-compromiso-con-el-deporte-de-aventura-sumandose-a-la-nonstop-imptek-2025-por-decimotercera-ocasion\/#respond\"><span class=\"wd-replies-count\">0<\/span><\/a>\t\t\t\t\t\t\t<\/div>\n\t\t\t\t\t\t\t\t\t\t\t<\/div>\n\t\t\t\t\t\t\t\t\t\t\t\t\t<h3 class=\"wd-post-title wd-entities-title title post-title\">\n\t\t\t\t\t\t<a href=\"https:\/\/brmagazine.com.ec\/saint-gobain-imptek-ratifico-su-compromiso-con-el-deporte-de-aventura-sumandose-a-la-nonstop-imptek-2025-por-decimotercera-ocasion\/\" rel=\"bookmark\">\n\t\t\t\t\t\t\tSaint-Gobain Imptek ratific\u00f3 su compromiso con el deporte de aventura sum\u00e1ndose a la NONSTOP IMPTEK 2025 por decimotercera ocasi\u00f3n\t\t\t\t\t\t<\/a>\n\t\t\t\t\t<\/h3>\n\t\t\t\t\t\t\t\t\t\t\t\t\t<div class=\"wd-post-excerpt wd-scroll-content\">\n\t\t\t\t\t\t\t\t\t\t\t\t\tSaint-Gobain Imptek reafirm\u00f3 su compromiso con el deporte al patrocinar la NON STOP IMPTEK, la competencia local m\u00e1s importante para sumar puntos en el ranking mundial de carreras de aventura....\t\t\t\t\t\t\t\t\t\t\t<\/div>\n\t\t\t\t\t\t\t<\/div>\n\t\t\t\t\t\t\t\t\t\t\t\t<div class=\"wd-post-read-more wd-style-btn\">\n\t\t\t\t\t\t<a class=\" btn\" href=\"https:\/\/brmagazine.com.ec\/saint-gobain-imptek-ratifico-su-compromiso-con-el-deporte-de-aventura-sumandose-a-la-nonstop-imptek-2025-por-decimotercera-ocasion\/\">Continue reading<\/a>\t\t\t\t\t<\/div>\n\t\t\t\t\t\t\t\t\t<\/div>\n\t<\/div>\n<\/article>\n\t\t\t\t\t\t\t\t\t\t\t\n<article id=\"post-6428\" class=\"wd-post blog-design-list blog-post-loop blog-style-flat post-6428 post type-post status-publish format-standard has-post-thumbnail hentry category-sociales pmpro-has-access\">\n\t<div class=\"wd-post-inner\">\n\t\t<div class=\"wd-post-thumb\">\n\t\t\t\t\t\t\t<div class=\"wd-post-img\">\n\t\t\t\t\t<img width=\"1024\" height=\"683\" src=\"https:\/\/brmagazine.com.ec\/wp-content\/uploads\/2025\/12\/IngRamiroGarzon_NOVACERO_Top10LideresReputacionEcuador-1024x683.jpg\" class=\"attachment-large size-large\" alt=\"\" decoding=\"async\" srcset=\"https:\/\/brmagazine.com.ec\/wp-content\/uploads\/2025\/12\/IngRamiroGarzon_NOVACERO_Top10LideresReputacionEcuador-1024x683.jpg 1024w, https:\/\/brmagazine.com.ec\/wp-content\/uploads\/2025\/12\/IngRamiroGarzon_NOVACERO_Top10LideresReputacionEcuador-300x200.jpg 300w, https:\/\/brmagazine.com.ec\/wp-content\/uploads\/2025\/12\/IngRamiroGarzon_NOVACERO_Top10LideresReputacionEcuador-768x512.jpg 768w, https:\/\/brmagazine.com.ec\/wp-content\/uploads\/2025\/12\/IngRamiroGarzon_NOVACERO_Top10LideresReputacionEcuador-1536x1024.jpg 1536w, https:\/\/brmagazine.com.ec\/wp-content\/uploads\/2025\/12\/IngRamiroGarzon_NOVACERO_Top10LideresReputacionEcuador-2048x1366.jpg 2048w, https:\/\/brmagazine.com.ec\/wp-content\/uploads\/2025\/12\/IngRamiroGarzon_NOVACERO_Top10LideresReputacionEcuador-18x12.jpg 18w\" sizes=\"(max-width: 1024px) 100vw, 1024px\" \/>\t\t\t\t<\/div>\n\t\t\t\t\t\t\t\t\t\t\t\t<a class=\"wd-post-link wd-fill\" href=\"https:\/\/brmagazine.com.ec\/gerente-general-de-novacero-destaca-entre-los-lideres-con-mejor-reputacion-digital-en-ecuador\/\" rel=\"bookmark\" aria-label=\"Link on post Gerente General de Novacero destaca entre los l\u00edderes con mejor reputaci\u00f3n digital en Ecuador\"><\/a>\n\t\t\t\t\t\t\t<div class=\"wd-post-cat wd-style-with-bg\">\n\t\t\t\t\t<a href=\"https:\/\/brmagazine.com.ec\/category\/sociales\/\" rel=\"category tag\">Sociales<\/a>\t\t\t\t<\/div>\n\t\t\t\t\t<\/div>\n\n\t\t<div class=\"wd-post-content\">\n\t\t\t<div class=\"wd-post-content-inner wd-scroll\">\n\t\t\t\t\t\t\t\t\t<div class=\"wd-post-meta\">\n\t\t\t\t\t\t\t\t\t\t\t\t\t\t\t\t\t\t<div class=\"wd-post-author\">\n\t\t\t\t\t\t\t\t\t\t\t\t<span>Posted by<\/span>\n\t\t\n\t\t\t\t\t<img alt='author-avatar' src='https:\/\/brmagazine.com.ec\/wp-content\/uploads\/2025\/12\/jose-terranova-soporte-br_avatar-22x22.png' srcset='https:\/\/brmagazine.com.ec\/wp-content\/uploads\/2025\/12\/jose-terranova-soporte-br_avatar-44x44.png 2x' class='avatar avatar-22 photo' height='22' width='22' loading='lazy' decoding='async'\/>\t\t\n\t\t\t\t\t<a href=\"https:\/\/brmagazine.com.ec\/author\/jose-terranova\/\" class=\"author\" rel=\"author\">Jose Terranova (Soporte Br)<\/a>\n\t\t\t\t\t\t\t\t\t\t<\/div>\n\t\t\t\t\t\t<div class=\"wd-modified-date\">\n\t\t\t\t\t\t\t\t\t<time class=\"updated\" datetime=\"2025-12-04T13:58:39-05:00\">\n\t\t\tdiciembre 4, 2025\t\t<\/time>\n\t\t\t\t\t\t\t\t<\/div>\n\n\t\t\t\t\t\t\t\t\t\t\t\t\t<div class=\"wd-post-share wd-tltp\">\n\t\t\t\t\t\t\t\t<div class=\"tooltip top\">\n\t\t\t\t\t\t\t\t\t<div class=\"tooltip-inner\">\n\t\t\t\t\t\t\t\t\t\t\t\t\t<div\n\t\t\t\t\t\tclass=\" wd-social-icons  wd-style-default wd-size-small social-share wd-shape-circle color-scheme-light text-center\">\n\t\t\t\t\n\t\t\t\t\n\t\t\t\t\t\t\t\t\t<a rel=\"noopener noreferrer nofollow\" href=\"https:\/\/www.facebook.com\/sharer\/sharer.php?u=https:\/\/brmagazine.com.ec\/gerente-general-de-novacero-destaca-entre-los-lideres-con-mejor-reputacion-digital-en-ecuador\/\" target=\"_blank\" class=\" wd-social-icon social-facebook\" aria-label=\"Facebook social link\">\n\t\t\t\t\t\t<span class=\"wd-icon\"><\/span>\n\t\t\t\t\t\t\t\t\t\t\t<\/a>\n\t\t\t\t\n\t\t\t\t\t\t\t\t\t<a rel=\"noopener noreferrer nofollow\" href=\"https:\/\/x.com\/share?url=https:\/\/brmagazine.com.ec\/gerente-general-de-novacero-destaca-entre-los-lideres-con-mejor-reputacion-digital-en-ecuador\/\" target=\"_blank\" class=\" wd-social-icon social-twitter\" aria-label=\"X social link\">\n\t\t\t\t\t\t<span class=\"wd-icon\"><\/span>\n\t\t\t\t\t\t\t\t\t\t\t<\/a>\n\t\t\t\t\n\t\t\t\t\n\t\t\t\t\n\t\t\t\t\n\t\t\t\t\n\t\t\t\t\n\t\t\t\t\t\t\t\t\t<a rel=\"noopener noreferrer nofollow\" href=\"https:\/\/pinterest.com\/pin\/create\/button\/?url=https:\/\/brmagazine.com.ec\/gerente-general-de-novacero-destaca-entre-los-lideres-con-mejor-reputacion-digital-en-ecuador\/&media=https:\/\/brmagazine.com.ec\/wp-content\/uploads\/2025\/12\/IngRamiroGarzon_NOVACERO_Top10LideresReputacionEcuador-scaled.jpg&description=Gerente+General+de+Novacero+destaca+entre+los+l%C3%ADderes+con+mejor+reputaci%C3%B3n+digital+en+Ecuador\" target=\"_blank\" class=\" wd-social-icon social-pinterest\" aria-label=\"Pinterest social link\">\n\t\t\t\t\t\t<span class=\"wd-icon\"><\/span>\n\t\t\t\t\t\t\t\t\t\t\t<\/a>\n\t\t\t\t\n\t\t\t\t\n\t\t\t\t\t\t\t\t\t<a rel=\"noopener noreferrer nofollow\" href=\"https:\/\/www.linkedin.com\/shareArticle?mini=true&url=https:\/\/brmagazine.com.ec\/gerente-general-de-novacero-destaca-entre-los-lideres-con-mejor-reputacion-digital-en-ecuador\/\" target=\"_blank\" class=\" wd-social-icon social-linkedin\" aria-label=\"Linkedin social link\">\n\t\t\t\t\t\t<span class=\"wd-icon\"><\/span>\n\t\t\t\t\t\t\t\t\t\t\t<\/a>\n\t\t\t\t\n\t\t\t\t\n\t\t\t\t\n\t\t\t\t\n\t\t\t\t\n\t\t\t\t\n\t\t\t\t\n\t\t\t\t\n\t\t\t\t\n\t\t\t\t\n\t\t\t\t\n\t\t\t\t\n\t\t\t\t\n\t\t\t\t\n\t\t\t\t\n\t\t\t\t\t\t\t\t\t<a rel=\"noopener noreferrer nofollow\" href=\"https:\/\/telegram.me\/share\/url?url=https:\/\/brmagazine.com.ec\/gerente-general-de-novacero-destaca-entre-los-lideres-con-mejor-reputacion-digital-en-ecuador\/\" target=\"_blank\" class=\" wd-social-icon social-tg\" aria-label=\"Telegram social link\">\n\t\t\t\t\t\t<span class=\"wd-icon\"><\/span>\n\t\t\t\t\t\t\t\t\t\t\t<\/a>\n\t\t\t\t\n\t\t\t\t\n\t\t\t<\/div>\n\n\t\t\t\t\t\t\t\t\t\t\t<\/div>\n\t\t\t\t\t\t\t\t\t<div class=\"tooltip-arrow\"><\/div>\n\t\t\t\t\t\t\t\t<\/div>\n\t\t\t\t\t\t\t<\/div>\n\t\t\t\t\t\t\n\t\t\t\t\t\t\t\t\t\t\t\t\t\t\t\t\t\t\t\t<div class=\"wd-post-reply wd-style-1\">\n\t\t\t\t\t\t\t\t<a href=\"https:\/\/brmagazine.com.ec\/gerente-general-de-novacero-destaca-entre-los-lideres-con-mejor-reputacion-digital-en-ecuador\/#respond\"><span class=\"wd-replies-count\">0<\/span><\/a>\t\t\t\t\t\t\t<\/div>\n\t\t\t\t\t\t\t\t\t\t\t<\/div>\n\t\t\t\t\t\t\t\t\t\t\t\t\t<h3 class=\"wd-post-title wd-entities-title title post-title\">\n\t\t\t\t\t\t<a href=\"https:\/\/brmagazine.com.ec\/gerente-general-de-novacero-destaca-entre-los-lideres-con-mejor-reputacion-digital-en-ecuador\/\" rel=\"bookmark\">\n\t\t\t\t\t\t\tGerente General de Novacero destaca entre los l\u00edderes con mejor reputaci\u00f3n digital en Ecuador\t\t\t\t\t\t<\/a>\n\t\t\t\t\t<\/h3>\n\t\t\t\t\t\t\t\t\t\t\t\t\t<div class=\"wd-post-excerpt wd-scroll-content\">\n\t\t\t\t\t\t\t\t\t\t\t\t\tNoviembre de 2025.\u2212 El Ing. Ramiro Garz\u00f3n, Gerente General de Novacero, fue reconocido en el Top 10 de l\u00edderes empresariales con mejor reputaci\u00f3n digital en Ecuador, seg\u00fan el Estudio de...\t\t\t\t\t\t\t\t\t\t\t<\/div>\n\t\t\t\t\t\t\t<\/div>\n\t\t\t\t\t\t\t\t\t\t\t\t<div class=\"wd-post-read-more wd-style-btn\">\n\t\t\t\t\t\t<a class=\" btn\" href=\"https:\/\/brmagazine.com.ec\/gerente-general-de-novacero-destaca-entre-los-lideres-con-mejor-reputacion-digital-en-ecuador\/\">Continue reading<\/a>\t\t\t\t\t<\/div>\n\t\t\t\t\t\t\t\t\t<\/div>\n\t<\/div>\n<\/article>\n\t\t\t\t\t\t\t\t\t\t\t\n<article id=\"post-6424\" class=\"wd-post blog-design-list blog-post-loop blog-style-flat post-6424 post type-post status-publish format-standard has-post-thumbnail hentry category-sociales pmpro-has-access\">\n\t<div class=\"wd-post-inner\">\n\t\t<div class=\"wd-post-thumb\">\n\t\t\t\t\t\t\t<div class=\"wd-post-img\">\n\t\t\t\t\t<img width=\"896\" height=\"595\" src=\"https:\/\/brmagazine.com.ec\/wp-content\/uploads\/2025\/12\/WhatsApp-Image-2025-12-04-at-11.38.55-AM.jpeg\" class=\"attachment-large size-large\" alt=\"\" decoding=\"async\" loading=\"lazy\" srcset=\"https:\/\/brmagazine.com.ec\/wp-content\/uploads\/2025\/12\/WhatsApp-Image-2025-12-04-at-11.38.55-AM.jpeg 896w, https:\/\/brmagazine.com.ec\/wp-content\/uploads\/2025\/12\/WhatsApp-Image-2025-12-04-at-11.38.55-AM-300x199.jpeg 300w, https:\/\/brmagazine.com.ec\/wp-content\/uploads\/2025\/12\/WhatsApp-Image-2025-12-04-at-11.38.55-AM-768x510.jpeg 768w, https:\/\/brmagazine.com.ec\/wp-content\/uploads\/2025\/12\/WhatsApp-Image-2025-12-04-at-11.38.55-AM-18x12.jpeg 18w\" sizes=\"auto, (max-width: 896px) 100vw, 896px\" \/>\t\t\t\t<\/div>\n\t\t\t\t\t\t\t\t\t\t\t\t<a class=\"wd-post-link wd-fill\" href=\"https:\/\/brmagazine.com.ec\/grupo-futuro-moviliza-a-183-colaboradores-de-sus-empresas-para-recuperar-la-chocolatera-y-reafirmar-su-compromiso-con-el-ambiente\/\" rel=\"bookmark\" aria-label=\"Link on post Grupo Futuro moviliza a 183 colaboradores de sus empresas para recuperar La Chocolatera y reafirmar su compromiso con el ambiente\"><\/a>\n\t\t\t\t\t\t\t<div class=\"wd-post-cat wd-style-with-bg\">\n\t\t\t\t\t<a href=\"https:\/\/brmagazine.com.ec\/category\/sociales\/\" rel=\"category tag\">Sociales<\/a>\t\t\t\t<\/div>\n\t\t\t\t\t<\/div>\n\n\t\t<div class=\"wd-post-content\">\n\t\t\t<div class=\"wd-post-content-inner wd-scroll\">\n\t\t\t\t\t\t\t\t\t<div class=\"wd-post-meta\">\n\t\t\t\t\t\t\t\t\t\t\t\t\t\t\t\t\t\t<div class=\"wd-post-author\">\n\t\t\t\t\t\t\t\t\t\t\t\t<span>Posted by<\/span>\n\t\t\n\t\t\t\t\t<img alt='author-avatar' src='https:\/\/brmagazine.com.ec\/wp-content\/uploads\/2025\/12\/jose-terranova-soporte-br_avatar-22x22.png' srcset='https:\/\/brmagazine.com.ec\/wp-content\/uploads\/2025\/12\/jose-terranova-soporte-br_avatar-44x44.png 2x' class='avatar avatar-22 photo' height='22' width='22' loading='lazy' decoding='async'\/>\t\t\n\t\t\t\t\t<a href=\"https:\/\/brmagazine.com.ec\/author\/jose-terranova\/\" class=\"author\" rel=\"author\">Jose Terranova (Soporte Br)<\/a>\n\t\t\t\t\t\t\t\t\t\t<\/div>\n\t\t\t\t\t\t<div class=\"wd-modified-date\">\n\t\t\t\t\t\t\t\t\t<time class=\"updated\" datetime=\"2025-12-04T13:40:29-05:00\">\n\t\t\tdiciembre 4, 2025\t\t<\/time>\n\t\t\t\t\t\t\t\t<\/div>\n\n\t\t\t\t\t\t\t\t\t\t\t\t\t<div class=\"wd-post-share wd-tltp\">\n\t\t\t\t\t\t\t\t<div class=\"tooltip top\">\n\t\t\t\t\t\t\t\t\t<div class=\"tooltip-inner\">\n\t\t\t\t\t\t\t\t\t\t\t\t\t<div\n\t\t\t\t\t\tclass=\" wd-social-icons  wd-style-default wd-size-small social-share wd-shape-circle color-scheme-light text-center\">\n\t\t\t\t\n\t\t\t\t\n\t\t\t\t\t\t\t\t\t<a rel=\"noopener noreferrer nofollow\" href=\"https:\/\/www.facebook.com\/sharer\/sharer.php?u=https:\/\/brmagazine.com.ec\/grupo-futuro-moviliza-a-183-colaboradores-de-sus-empresas-para-recuperar-la-chocolatera-y-reafirmar-su-compromiso-con-el-ambiente\/\" target=\"_blank\" class=\" wd-social-icon social-facebook\" aria-label=\"Facebook social link\">\n\t\t\t\t\t\t<span class=\"wd-icon\"><\/span>\n\t\t\t\t\t\t\t\t\t\t\t<\/a>\n\t\t\t\t\n\t\t\t\t\t\t\t\t\t<a rel=\"noopener noreferrer nofollow\" href=\"https:\/\/x.com\/share?url=https:\/\/brmagazine.com.ec\/grupo-futuro-moviliza-a-183-colaboradores-de-sus-empresas-para-recuperar-la-chocolatera-y-reafirmar-su-compromiso-con-el-ambiente\/\" target=\"_blank\" class=\" wd-social-icon social-twitter\" aria-label=\"X social link\">\n\t\t\t\t\t\t<span class=\"wd-icon\"><\/span>\n\t\t\t\t\t\t\t\t\t\t\t<\/a>\n\t\t\t\t\n\t\t\t\t\n\t\t\t\t\n\t\t\t\t\n\t\t\t\t\n\t\t\t\t\n\t\t\t\t\t\t\t\t\t<a rel=\"noopener noreferrer nofollow\" href=\"https:\/\/pinterest.com\/pin\/create\/button\/?url=https:\/\/brmagazine.com.ec\/grupo-futuro-moviliza-a-183-colaboradores-de-sus-empresas-para-recuperar-la-chocolatera-y-reafirmar-su-compromiso-con-el-ambiente\/&media=https:\/\/brmagazine.com.ec\/wp-content\/uploads\/2025\/12\/WhatsApp-Image-2025-12-04-at-11.38.55-AM.jpeg&description=Grupo+Futuro+moviliza+a+183+colaboradores+de+sus+empresas+para+recuperar+La+Chocolatera+y+reafirmar+su+compromiso+con+el+ambiente\" target=\"_blank\" class=\" wd-social-icon social-pinterest\" aria-label=\"Pinterest social link\">\n\t\t\t\t\t\t<span class=\"wd-icon\"><\/span>\n\t\t\t\t\t\t\t\t\t\t\t<\/a>\n\t\t\t\t\n\t\t\t\t\n\t\t\t\t\t\t\t\t\t<a rel=\"noopener noreferrer nofollow\" href=\"https:\/\/www.linkedin.com\/shareArticle?mini=true&url=https:\/\/brmagazine.com.ec\/grupo-futuro-moviliza-a-183-colaboradores-de-sus-empresas-para-recuperar-la-chocolatera-y-reafirmar-su-compromiso-con-el-ambiente\/\" target=\"_blank\" class=\" wd-social-icon social-linkedin\" aria-label=\"Linkedin social link\">\n\t\t\t\t\t\t<span class=\"wd-icon\"><\/span>\n\t\t\t\t\t\t\t\t\t\t\t<\/a>\n\t\t\t\t\n\t\t\t\t\n\t\t\t\t\n\t\t\t\t\n\t\t\t\t\n\t\t\t\t\n\t\t\t\t\n\t\t\t\t\n\t\t\t\t\n\t\t\t\t\n\t\t\t\t\n\t\t\t\t\n\t\t\t\t\n\t\t\t\t\n\t\t\t\t\n\t\t\t\t\t\t\t\t\t<a rel=\"noopener noreferrer nofollow\" href=\"https:\/\/telegram.me\/share\/url?url=https:\/\/brmagazine.com.ec\/grupo-futuro-moviliza-a-183-colaboradores-de-sus-empresas-para-recuperar-la-chocolatera-y-reafirmar-su-compromiso-con-el-ambiente\/\" target=\"_blank\" class=\" wd-social-icon social-tg\" aria-label=\"Telegram social link\">\n\t\t\t\t\t\t<span class=\"wd-icon\"><\/span>\n\t\t\t\t\t\t\t\t\t\t\t<\/a>\n\t\t\t\t\n\t\t\t\t\n\t\t\t<\/div>\n\n\t\t\t\t\t\t\t\t\t\t\t<\/div>\n\t\t\t\t\t\t\t\t\t<div class=\"tooltip-arrow\"><\/div>\n\t\t\t\t\t\t\t\t<\/div>\n\t\t\t\t\t\t\t<\/div>\n\t\t\t\t\t\t\n\t\t\t\t\t\t\t\t\t\t\t\t\t\t\t\t\t\t\t\t<div class=\"wd-post-reply wd-style-1\">\n\t\t\t\t\t\t\t\t<a href=\"https:\/\/brmagazine.com.ec\/grupo-futuro-moviliza-a-183-colaboradores-de-sus-empresas-para-recuperar-la-chocolatera-y-reafirmar-su-compromiso-con-el-ambiente\/#respond\"><span class=\"wd-replies-count\">0<\/span><\/a>\t\t\t\t\t\t\t<\/div>\n\t\t\t\t\t\t\t\t\t\t\t<\/div>\n\t\t\t\t\t\t\t\t\t\t\t\t\t<h3 class=\"wd-post-title wd-entities-title title post-title\">\n\t\t\t\t\t\t<a href=\"https:\/\/brmagazine.com.ec\/grupo-futuro-moviliza-a-183-colaboradores-de-sus-empresas-para-recuperar-la-chocolatera-y-reafirmar-su-compromiso-con-el-ambiente\/\" rel=\"bookmark\">\n\t\t\t\t\t\t\tGrupo Futuro moviliza a 183 colaboradores de sus empresas para recuperar La Chocolatera y reafirmar su compromiso con el ambiente\t\t\t\t\t\t<\/a>\n\t\t\t\t\t<\/h3>\n\t\t\t\t\t\t\t\t\t\t\t\t\t<div class=\"wd-post-excerpt wd-scroll-content\">\n\t\t\t\t\t\t\t\t\t\t\t\t\tQuito, diciembre de 2025.- Grupo Futuro, en conjunto con Fundaci\u00f3n Futuro, reafirma su compromiso con el cuidado del ecosistema, la sostenibilidad y el bienestar comunitario. En noviembre de 2025, se...\t\t\t\t\t\t\t\t\t\t\t<\/div>\n\t\t\t\t\t\t\t<\/div>\n\t\t\t\t\t\t\t\t\t\t\t\t<div class=\"wd-post-read-more wd-style-btn\">\n\t\t\t\t\t\t<a class=\" btn\" href=\"https:\/\/brmagazine.com.ec\/grupo-futuro-moviliza-a-183-colaboradores-de-sus-empresas-para-recuperar-la-chocolatera-y-reafirmar-su-compromiso-con-el-ambiente\/\">Continue reading<\/a>\t\t\t\t\t<\/div>\n\t\t\t\t\t\t\t\t\t<\/div>\n\t<\/div>\n<\/article>\n\t\t\t\t\t\t\t\t\t\t\t\n<article id=\"post-6409\" class=\"wd-post blog-design-list blog-post-loop blog-style-flat post-6409 post type-post status-publish format-standard has-post-thumbnail hentry category-sociales pmpro-has-access\">\n\t<div class=\"wd-post-inner\">\n\t\t<div class=\"wd-post-thumb\">\n\t\t\t\t\t\t\t<div class=\"wd-post-img\">\n\t\t\t\t\t<img width=\"792\" height=\"1024\" src=\"https:\/\/brmagazine.com.ec\/wp-content\/uploads\/2025\/12\/GENBA_HT-B600_04_DolbyAtmos-DTSX_940x1215px-792x1024.jpg\" class=\"attachment-large size-large\" alt=\"\" decoding=\"async\" loading=\"lazy\" srcset=\"https:\/\/brmagazine.com.ec\/wp-content\/uploads\/2025\/12\/GENBA_HT-B600_04_DolbyAtmos-DTSX_940x1215px-792x1024.jpg 792w, https:\/\/brmagazine.com.ec\/wp-content\/uploads\/2025\/12\/GENBA_HT-B600_04_DolbyAtmos-DTSX_940x1215px-232x300.jpg 232w, https:\/\/brmagazine.com.ec\/wp-content\/uploads\/2025\/12\/GENBA_HT-B600_04_DolbyAtmos-DTSX_940x1215px-768x993.jpg 768w, https:\/\/brmagazine.com.ec\/wp-content\/uploads\/2025\/12\/GENBA_HT-B600_04_DolbyAtmos-DTSX_940x1215px-9x12.jpg 9w, https:\/\/brmagazine.com.ec\/wp-content\/uploads\/2025\/12\/GENBA_HT-B600_04_DolbyAtmos-DTSX_940x1215px.jpg 940w\" sizes=\"auto, (max-width: 792px) 100vw, 792px\" \/>\t\t\t\t<\/div>\n\t\t\t\t\t\t\t\t\t\t\t\t<a class=\"wd-post-link wd-fill\" href=\"https:\/\/brmagazine.com.ec\/tu-sala-tu-cine-las-innovaciones-con-las-que-sony-redefine-el-entretenimiento-en-casa\/\" rel=\"bookmark\" aria-label=\"Link on post Tu sala, tu cine: las innovaciones con las que Sony redefine el entretenimiento en casa\"><\/a>\n\t\t\t\t\t\t\t<div class=\"wd-post-cat wd-style-with-bg\">\n\t\t\t\t\t<a href=\"https:\/\/brmagazine.com.ec\/category\/sociales\/\" rel=\"category tag\">Sociales<\/a>\t\t\t\t<\/div>\n\t\t\t\t\t<\/div>\n\n\t\t<div class=\"wd-post-content\">\n\t\t\t<div class=\"wd-post-content-inner wd-scroll\">\n\t\t\t\t\t\t\t\t\t<div class=\"wd-post-meta\">\n\t\t\t\t\t\t\t\t\t\t\t\t\t\t\t\t\t\t<div class=\"wd-post-author\">\n\t\t\t\t\t\t\t\t\t\t\t\t<span>Posted by<\/span>\n\t\t\n\t\t\t\t\t<img alt='author-avatar' src='https:\/\/brmagazine.com.ec\/wp-content\/uploads\/2025\/12\/jose-terranova-soporte-br_avatar-22x22.png' srcset='https:\/\/brmagazine.com.ec\/wp-content\/uploads\/2025\/12\/jose-terranova-soporte-br_avatar-44x44.png 2x' class='avatar avatar-22 photo' height='22' width='22' loading='lazy' decoding='async'\/>\t\t\n\t\t\t\t\t<a href=\"https:\/\/brmagazine.com.ec\/author\/jose-terranova\/\" class=\"author\" rel=\"author\">Jose Terranova (Soporte Br)<\/a>\n\t\t\t\t\t\t\t\t\t\t<\/div>\n\t\t\t\t\t\t<div class=\"wd-modified-date\">\n\t\t\t\t\t\t\t\t\t<time class=\"updated\" datetime=\"2025-12-03T12:09:10-05:00\">\n\t\t\tdiciembre 3, 2025\t\t<\/time>\n\t\t\t\t\t\t\t\t<\/div>\n\n\t\t\t\t\t\t\t\t\t\t\t\t\t<div class=\"wd-post-share wd-tltp\">\n\t\t\t\t\t\t\t\t<div class=\"tooltip top\">\n\t\t\t\t\t\t\t\t\t<div class=\"tooltip-inner\">\n\t\t\t\t\t\t\t\t\t\t\t\t\t<div\n\t\t\t\t\t\tclass=\" wd-social-icons  wd-style-default wd-size-small social-share wd-shape-circle color-scheme-light text-center\">\n\t\t\t\t\n\t\t\t\t\n\t\t\t\t\t\t\t\t\t<a rel=\"noopener noreferrer nofollow\" href=\"https:\/\/www.facebook.com\/sharer\/sharer.php?u=https:\/\/brmagazine.com.ec\/tu-sala-tu-cine-las-innovaciones-con-las-que-sony-redefine-el-entretenimiento-en-casa\/\" target=\"_blank\" class=\" wd-social-icon social-facebook\" aria-label=\"Facebook social link\">\n\t\t\t\t\t\t<span class=\"wd-icon\"><\/span>\n\t\t\t\t\t\t\t\t\t\t\t<\/a>\n\t\t\t\t\n\t\t\t\t\t\t\t\t\t<a rel=\"noopener noreferrer nofollow\" href=\"https:\/\/x.com\/share?url=https:\/\/brmagazine.com.ec\/tu-sala-tu-cine-las-innovaciones-con-las-que-sony-redefine-el-entretenimiento-en-casa\/\" target=\"_blank\" class=\" wd-social-icon social-twitter\" aria-label=\"X social link\">\n\t\t\t\t\t\t<span class=\"wd-icon\"><\/span>\n\t\t\t\t\t\t\t\t\t\t\t<\/a>\n\t\t\t\t\n\t\t\t\t\n\t\t\t\t\n\t\t\t\t\n\t\t\t\t\n\t\t\t\t\n\t\t\t\t\t\t\t\t\t<a rel=\"noopener noreferrer nofollow\" href=\"https:\/\/pinterest.com\/pin\/create\/button\/?url=https:\/\/brmagazine.com.ec\/tu-sala-tu-cine-las-innovaciones-con-las-que-sony-redefine-el-entretenimiento-en-casa\/&media=https:\/\/brmagazine.com.ec\/wp-content\/uploads\/2025\/12\/GENBA_HT-B600_04_DolbyAtmos-DTSX_940x1215px.jpg&description=Tu+sala%2C+tu+cine%3A+las+innovaciones+con+las+que+Sony+redefine+el+entretenimiento+en+casa\" target=\"_blank\" class=\" wd-social-icon social-pinterest\" aria-label=\"Pinterest social link\">\n\t\t\t\t\t\t<span class=\"wd-icon\"><\/span>\n\t\t\t\t\t\t\t\t\t\t\t<\/a>\n\t\t\t\t\n\t\t\t\t\n\t\t\t\t\t\t\t\t\t<a rel=\"noopener noreferrer nofollow\" href=\"https:\/\/www.linkedin.com\/shareArticle?mini=true&url=https:\/\/brmagazine.com.ec\/tu-sala-tu-cine-las-innovaciones-con-las-que-sony-redefine-el-entretenimiento-en-casa\/\" target=\"_blank\" class=\" wd-social-icon social-linkedin\" aria-label=\"Linkedin social link\">\n\t\t\t\t\t\t<span class=\"wd-icon\"><\/span>\n\t\t\t\t\t\t\t\t\t\t\t<\/a>\n\t\t\t\t\n\t\t\t\t\n\t\t\t\t\n\t\t\t\t\n\t\t\t\t\n\t\t\t\t\n\t\t\t\t\n\t\t\t\t\n\t\t\t\t\n\t\t\t\t\n\t\t\t\t\n\t\t\t\t\n\t\t\t\t\n\t\t\t\t\n\t\t\t\t\n\t\t\t\t\t\t\t\t\t<a rel=\"noopener noreferrer nofollow\" href=\"https:\/\/telegram.me\/share\/url?url=https:\/\/brmagazine.com.ec\/tu-sala-tu-cine-las-innovaciones-con-las-que-sony-redefine-el-entretenimiento-en-casa\/\" target=\"_blank\" class=\" wd-social-icon social-tg\" aria-label=\"Telegram social link\">\n\t\t\t\t\t\t<span class=\"wd-icon\"><\/span>\n\t\t\t\t\t\t\t\t\t\t\t<\/a>\n\t\t\t\t\n\t\t\t\t\n\t\t\t<\/div>\n\n\t\t\t\t\t\t\t\t\t\t\t<\/div>\n\t\t\t\t\t\t\t\t\t<div class=\"tooltip-arrow\"><\/div>\n\t\t\t\t\t\t\t\t<\/div>\n\t\t\t\t\t\t\t<\/div>\n\t\t\t\t\t\t\n\t\t\t\t\t\t\t\t\t\t\t\t\t\t\t\t\t\t\t\t<div class=\"wd-post-reply wd-style-1\">\n\t\t\t\t\t\t\t\t<a href=\"https:\/\/brmagazine.com.ec\/tu-sala-tu-cine-las-innovaciones-con-las-que-sony-redefine-el-entretenimiento-en-casa\/#respond\"><span class=\"wd-replies-count\">0<\/span><\/a>\t\t\t\t\t\t\t<\/div>\n\t\t\t\t\t\t\t\t\t\t\t<\/div>\n\t\t\t\t\t\t\t\t\t\t\t\t\t<h3 class=\"wd-post-title wd-entities-title title post-title\">\n\t\t\t\t\t\t<a href=\"https:\/\/brmagazine.com.ec\/tu-sala-tu-cine-las-innovaciones-con-las-que-sony-redefine-el-entretenimiento-en-casa\/\" rel=\"bookmark\">\n\t\t\t\t\t\t\tTu sala, tu cine: las innovaciones con las que Sony redefine el entretenimiento en casa\t\t\t\t\t\t<\/a>\n\t\t\t\t\t<\/h3>\n\t\t\t\t\t\t\t\t\t\t\t\t\t<div class=\"wd-post-excerpt wd-scroll-content\">\n\t\t\t\t\t\t\t\t\t\t\t\t\tVer una pel\u00edcula en casa puede ser una experiencia completamente diferente cuando tienes la imagen y el sonido adecuado. El sentir cada detalle, desde los susurros m\u00e1s sutiles hasta los...\t\t\t\t\t\t\t\t\t\t\t<\/div>\n\t\t\t\t\t\t\t<\/div>\n\t\t\t\t\t\t\t\t\t\t\t\t<div class=\"wd-post-read-more wd-style-btn\">\n\t\t\t\t\t\t<a class=\" btn\" href=\"https:\/\/brmagazine.com.ec\/tu-sala-tu-cine-las-innovaciones-con-las-que-sony-redefine-el-entretenimiento-en-casa\/\">Continue reading<\/a>\t\t\t\t\t<\/div>\n\t\t\t\t\t\t\t\t\t<\/div>\n\t<\/div>\n<\/article>\n\t\t\t\t\t\t\t\t\t\t\t\n<article id=\"post-6399\" class=\"wd-post blog-design-list blog-post-loop blog-style-flat post-6399 post type-post status-publish format-standard has-post-thumbnail hentry category-sociales pmpro-has-access\">\n\t<div class=\"wd-post-inner\">\n\t\t<div class=\"wd-post-thumb\">\n\t\t\t\t\t\t\t<div class=\"wd-post-img\">\n\t\t\t\t\t<img width=\"624\" height=\"1024\" src=\"https:\/\/brmagazine.com.ec\/wp-content\/uploads\/2025\/12\/img48-624x1024.jpg\" class=\"attachment-large size-large\" alt=\"\" decoding=\"async\" loading=\"lazy\" srcset=\"https:\/\/brmagazine.com.ec\/wp-content\/uploads\/2025\/12\/img48-624x1024.jpg 624w, https:\/\/brmagazine.com.ec\/wp-content\/uploads\/2025\/12\/img48-183x300.jpg 183w, https:\/\/brmagazine.com.ec\/wp-content\/uploads\/2025\/12\/img48-7x12.jpg 7w, https:\/\/brmagazine.com.ec\/wp-content\/uploads\/2025\/12\/img48.jpg 637w\" sizes=\"auto, (max-width: 624px) 100vw, 624px\" \/>\t\t\t\t<\/div>\n\t\t\t\t\t\t\t\t\t\t\t\t<a class=\"wd-post-link wd-fill\" href=\"https:\/\/brmagazine.com.ec\/cees-premio-a-la-sostenibilidad-en-la-construccion\/\" rel=\"bookmark\" aria-label=\"Link on post CEES | PREMIO A LA SOSTENIBILIDAD EN LA CONSTRUCCI\u00d3N\"><\/a>\n\t\t\t\t\t\t\t<div class=\"wd-post-cat wd-style-with-bg\">\n\t\t\t\t\t<a href=\"https:\/\/brmagazine.com.ec\/category\/sociales\/\" rel=\"category tag\">Sociales<\/a>\t\t\t\t<\/div>\n\t\t\t\t\t<\/div>\n\n\t\t<div class=\"wd-post-content\">\n\t\t\t<div class=\"wd-post-content-inner wd-scroll\">\n\t\t\t\t\t\t\t\t\t<div class=\"wd-post-meta\">\n\t\t\t\t\t\t\t\t\t\t\t\t\t\t\t\t\t\t<div class=\"wd-post-author\">\n\t\t\t\t\t\t\t\t\t\t\t\t<span>Posted by<\/span>\n\t\t\n\t\t\t\t\t<img alt='author-avatar' src='https:\/\/brmagazine.com.ec\/wp-content\/uploads\/2025\/12\/jose-terranova-soporte-br_avatar-22x22.png' srcset='https:\/\/brmagazine.com.ec\/wp-content\/uploads\/2025\/12\/jose-terranova-soporte-br_avatar-44x44.png 2x' class='avatar avatar-22 photo' height='22' width='22' loading='lazy' decoding='async'\/>\t\t\n\t\t\t\t\t<a href=\"https:\/\/brmagazine.com.ec\/author\/jose-terranova\/\" class=\"author\" rel=\"author\">Jose Terranova (Soporte Br)<\/a>\n\t\t\t\t\t\t\t\t\t\t<\/div>\n\t\t\t\t\t\t<div class=\"wd-modified-date\">\n\t\t\t\t\t\t\t\t\t<time class=\"updated\" datetime=\"2025-12-03T11:54:54-05:00\">\n\t\t\tdiciembre 3, 2025\t\t<\/time>\n\t\t\t\t\t\t\t\t<\/div>\n\n\t\t\t\t\t\t\t\t\t\t\t\t\t<div class=\"wd-post-share wd-tltp\">\n\t\t\t\t\t\t\t\t<div class=\"tooltip top\">\n\t\t\t\t\t\t\t\t\t<div class=\"tooltip-inner\">\n\t\t\t\t\t\t\t\t\t\t\t\t\t<div\n\t\t\t\t\t\tclass=\" wd-social-icons  wd-style-default wd-size-small social-share wd-shape-circle color-scheme-light text-center\">\n\t\t\t\t\n\t\t\t\t\n\t\t\t\t\t\t\t\t\t<a rel=\"noopener noreferrer nofollow\" href=\"https:\/\/www.facebook.com\/sharer\/sharer.php?u=https:\/\/brmagazine.com.ec\/cees-premio-a-la-sostenibilidad-en-la-construccion\/\" target=\"_blank\" class=\" wd-social-icon social-facebook\" aria-label=\"Facebook social link\">\n\t\t\t\t\t\t<span class=\"wd-icon\"><\/span>\n\t\t\t\t\t\t\t\t\t\t\t<\/a>\n\t\t\t\t\n\t\t\t\t\t\t\t\t\t<a rel=\"noopener noreferrer nofollow\" href=\"https:\/\/x.com\/share?url=https:\/\/brmagazine.com.ec\/cees-premio-a-la-sostenibilidad-en-la-construccion\/\" target=\"_blank\" class=\" wd-social-icon social-twitter\" aria-label=\"X social link\">\n\t\t\t\t\t\t<span class=\"wd-icon\"><\/span>\n\t\t\t\t\t\t\t\t\t\t\t<\/a>\n\t\t\t\t\n\t\t\t\t\n\t\t\t\t\n\t\t\t\t\n\t\t\t\t\n\t\t\t\t\n\t\t\t\t\t\t\t\t\t<a rel=\"noopener noreferrer nofollow\" href=\"https:\/\/pinterest.com\/pin\/create\/button\/?url=https:\/\/brmagazine.com.ec\/cees-premio-a-la-sostenibilidad-en-la-construccion\/&media=https:\/\/brmagazine.com.ec\/wp-content\/uploads\/2025\/12\/img48.jpg&description=CEES+%7C+PREMIO+A+LA+SOSTENIBILIDAD+EN+LA+CONSTRUCCI%C3%93N\" target=\"_blank\" class=\" wd-social-icon social-pinterest\" aria-label=\"Pinterest social link\">\n\t\t\t\t\t\t<span class=\"wd-icon\"><\/span>\n\t\t\t\t\t\t\t\t\t\t\t<\/a>\n\t\t\t\t\n\t\t\t\t\n\t\t\t\t\t\t\t\t\t<a rel=\"noopener noreferrer nofollow\" href=\"https:\/\/www.linkedin.com\/shareArticle?mini=true&url=https:\/\/brmagazine.com.ec\/cees-premio-a-la-sostenibilidad-en-la-construccion\/\" target=\"_blank\" class=\" wd-social-icon social-linkedin\" aria-label=\"Linkedin social link\">\n\t\t\t\t\t\t<span class=\"wd-icon\"><\/span>\n\t\t\t\t\t\t\t\t\t\t\t<\/a>\n\t\t\t\t\n\t\t\t\t\n\t\t\t\t\n\t\t\t\t\n\t\t\t\t\n\t\t\t\t\n\t\t\t\t\n\t\t\t\t\n\t\t\t\t\n\t\t\t\t\n\t\t\t\t\n\t\t\t\t\n\t\t\t\t\n\t\t\t\t\n\t\t\t\t\n\t\t\t\t\t\t\t\t\t<a rel=\"noopener noreferrer nofollow\" href=\"https:\/\/telegram.me\/share\/url?url=https:\/\/brmagazine.com.ec\/cees-premio-a-la-sostenibilidad-en-la-construccion\/\" target=\"_blank\" class=\" wd-social-icon social-tg\" aria-label=\"Telegram social link\">\n\t\t\t\t\t\t<span class=\"wd-icon\"><\/span>\n\t\t\t\t\t\t\t\t\t\t\t<\/a>\n\t\t\t\t\n\t\t\t\t\n\t\t\t<\/div>\n\n\t\t\t\t\t\t\t\t\t\t\t<\/div>\n\t\t\t\t\t\t\t\t\t<div class=\"tooltip-arrow\"><\/div>\n\t\t\t\t\t\t\t\t<\/div>\n\t\t\t\t\t\t\t<\/div>\n\t\t\t\t\t\t\n\t\t\t\t\t\t\t\t\t\t\t\t\t\t\t\t\t\t\t\t<div class=\"wd-post-reply wd-style-1\">\n\t\t\t\t\t\t\t\t<a href=\"https:\/\/brmagazine.com.ec\/cees-premio-a-la-sostenibilidad-en-la-construccion\/#respond\"><span class=\"wd-replies-count\">0<\/span><\/a>\t\t\t\t\t\t\t<\/div>\n\t\t\t\t\t\t\t\t\t\t\t<\/div>\n\t\t\t\t\t\t\t\t\t\t\t\t\t<h3 class=\"wd-post-title wd-entities-title title post-title\">\n\t\t\t\t\t\t<a href=\"https:\/\/brmagazine.com.ec\/cees-premio-a-la-sostenibilidad-en-la-construccion\/\" rel=\"bookmark\">\n\t\t\t\t\t\t\tCEES | PREMIO A LA SOSTENIBILIDAD EN LA CONSTRUCCI\u00d3N\t\t\t\t\t\t<\/a>\n\t\t\t\t\t<\/h3>\n\t\t\t\t\t\t\t\t\t\t\t\t\t<div class=\"wd-post-excerpt wd-scroll-content\">\n\t\t\t\t\t\t\t\t\t\t\t\t\tEl pasado viernes 21 de noviembre, la Capilla del Hombre se convirti\u00f3 en el punto de encuentro de los principales actores del sector de la construcci\u00f3n sostenible en Ecuador, durante...\t\t\t\t\t\t\t\t\t\t\t<\/div>\n\t\t\t\t\t\t\t<\/div>\n\t\t\t\t\t\t\t\t\t\t\t\t<div class=\"wd-post-read-more wd-style-btn\">\n\t\t\t\t\t\t<a class=\" btn\" href=\"https:\/\/brmagazine.com.ec\/cees-premio-a-la-sostenibilidad-en-la-construccion\/\">Continue reading<\/a>\t\t\t\t\t<\/div>\n\t\t\t\t\t\t\t\t\t<\/div>\n\t<\/div>\n<\/article>\n\t\t\t\t\t\t\t\t\t\t\t\n<article id=\"post-6385\" class=\"wd-post blog-design-list blog-post-loop blog-style-flat post-6385 post type-post status-publish format-standard has-post-thumbnail hentry category-sociales pmpro-has-access\">\n\t<div class=\"wd-post-inner\">\n\t\t<div class=\"wd-post-thumb\">\n\t\t\t\t\t\t\t<div class=\"wd-post-img\">\n\t\t\t\t\t<img width=\"1024\" height=\"775\" src=\"https:\/\/brmagazine.com.ec\/wp-content\/uploads\/2025\/12\/WhatsApp-Image-2025-11-28-at-1.43.39-PM-1024x775.jpeg\" class=\"attachment-large size-large\" alt=\"\" decoding=\"async\" loading=\"lazy\" srcset=\"https:\/\/brmagazine.com.ec\/wp-content\/uploads\/2025\/12\/WhatsApp-Image-2025-11-28-at-1.43.39-PM-1024x775.jpeg 1024w, https:\/\/brmagazine.com.ec\/wp-content\/uploads\/2025\/12\/WhatsApp-Image-2025-11-28-at-1.43.39-PM-300x227.jpeg 300w, https:\/\/brmagazine.com.ec\/wp-content\/uploads\/2025\/12\/WhatsApp-Image-2025-11-28-at-1.43.39-PM-768x581.jpeg 768w, https:\/\/brmagazine.com.ec\/wp-content\/uploads\/2025\/12\/WhatsApp-Image-2025-11-28-at-1.43.39-PM-1536x1163.jpeg 1536w, https:\/\/brmagazine.com.ec\/wp-content\/uploads\/2025\/12\/WhatsApp-Image-2025-11-28-at-1.43.39-PM-16x12.jpeg 16w, https:\/\/brmagazine.com.ec\/wp-content\/uploads\/2025\/12\/WhatsApp-Image-2025-11-28-at-1.43.39-PM.jpeg 1600w\" sizes=\"auto, (max-width: 1024px) 100vw, 1024px\" \/>\t\t\t\t<\/div>\n\t\t\t\t\t\t\t\t\t\t\t\t<a class=\"wd-post-link wd-fill\" href=\"https:\/\/brmagazine.com.ec\/zenz-wellness-community-el-nuevo-concepto-residencial-de-proano-proano-enfocado-en-el-bienestar\/\" rel=\"bookmark\" aria-label=\"Link on post Zenz Wellness Community, el nuevo concepto residencial de Proa\u00f1o | Proa\u00f1o enfocado en el bienestar\"><\/a>\n\t\t\t\t\t\t\t<div class=\"wd-post-cat wd-style-with-bg\">\n\t\t\t\t\t<a href=\"https:\/\/brmagazine.com.ec\/category\/sociales\/\" rel=\"category tag\">Sociales<\/a>\t\t\t\t<\/div>\n\t\t\t\t\t<\/div>\n\n\t\t<div class=\"wd-post-content\">\n\t\t\t<div class=\"wd-post-content-inner wd-scroll\">\n\t\t\t\t\t\t\t\t\t<div class=\"wd-post-meta\">\n\t\t\t\t\t\t\t\t\t\t\t\t\t\t\t\t\t\t<div class=\"wd-post-author\">\n\t\t\t\t\t\t\t\t\t\t\t\t<span>Posted by<\/span>\n\t\t\n\t\t\t\t\t<img alt='author-avatar' src='https:\/\/brmagazine.com.ec\/wp-content\/uploads\/2025\/12\/jose-terranova-soporte-br_avatar-22x22.png' srcset='https:\/\/brmagazine.com.ec\/wp-content\/uploads\/2025\/12\/jose-terranova-soporte-br_avatar-44x44.png 2x' class='avatar avatar-22 photo' height='22' width='22' loading='lazy' decoding='async'\/>\t\t\n\t\t\t\t\t<a href=\"https:\/\/brmagazine.com.ec\/author\/jose-terranova\/\" class=\"author\" rel=\"author\">Jose Terranova (Soporte Br)<\/a>\n\t\t\t\t\t\t\t\t\t\t<\/div>\n\t\t\t\t\t\t<div class=\"wd-modified-date\">\n\t\t\t\t\t\t\t\t\t<time class=\"updated\" datetime=\"2025-12-03T11:22:31-05:00\">\n\t\t\tdiciembre 3, 2025\t\t<\/time>\n\t\t\t\t\t\t\t\t<\/div>\n\n\t\t\t\t\t\t\t\t\t\t\t\t\t<div class=\"wd-post-share wd-tltp\">\n\t\t\t\t\t\t\t\t<div class=\"tooltip top\">\n\t\t\t\t\t\t\t\t\t<div class=\"tooltip-inner\">\n\t\t\t\t\t\t\t\t\t\t\t\t\t<div\n\t\t\t\t\t\tclass=\" wd-social-icons  wd-style-default wd-size-small social-share wd-shape-circle color-scheme-light text-center\">\n\t\t\t\t\n\t\t\t\t\n\t\t\t\t\t\t\t\t\t<a rel=\"noopener noreferrer nofollow\" href=\"https:\/\/www.facebook.com\/sharer\/sharer.php?u=https:\/\/brmagazine.com.ec\/zenz-wellness-community-el-nuevo-concepto-residencial-de-proano-proano-enfocado-en-el-bienestar\/\" target=\"_blank\" class=\" wd-social-icon social-facebook\" aria-label=\"Facebook social link\">\n\t\t\t\t\t\t<span class=\"wd-icon\"><\/span>\n\t\t\t\t\t\t\t\t\t\t\t<\/a>\n\t\t\t\t\n\t\t\t\t\t\t\t\t\t<a rel=\"noopener noreferrer nofollow\" href=\"https:\/\/x.com\/share?url=https:\/\/brmagazine.com.ec\/zenz-wellness-community-el-nuevo-concepto-residencial-de-proano-proano-enfocado-en-el-bienestar\/\" target=\"_blank\" class=\" wd-social-icon social-twitter\" aria-label=\"X social link\">\n\t\t\t\t\t\t<span class=\"wd-icon\"><\/span>\n\t\t\t\t\t\t\t\t\t\t\t<\/a>\n\t\t\t\t\n\t\t\t\t\n\t\t\t\t\n\t\t\t\t\n\t\t\t\t\n\t\t\t\t\n\t\t\t\t\t\t\t\t\t<a rel=\"noopener noreferrer nofollow\" href=\"https:\/\/pinterest.com\/pin\/create\/button\/?url=https:\/\/brmagazine.com.ec\/zenz-wellness-community-el-nuevo-concepto-residencial-de-proano-proano-enfocado-en-el-bienestar\/&media=https:\/\/brmagazine.com.ec\/wp-content\/uploads\/2025\/12\/WhatsApp-Image-2025-11-28-at-1.43.39-PM.jpeg&description=Zenz+Wellness+Community%2C+el+nuevo+concepto+residencial+de+Proa%C3%B1o+%7C+Proa%C3%B1o+enfocado+en+el+bienestar\" target=\"_blank\" class=\" wd-social-icon social-pinterest\" aria-label=\"Pinterest social link\">\n\t\t\t\t\t\t<span class=\"wd-icon\"><\/span>\n\t\t\t\t\t\t\t\t\t\t\t<\/a>\n\t\t\t\t\n\t\t\t\t\n\t\t\t\t\t\t\t\t\t<a rel=\"noopener noreferrer nofollow\" href=\"https:\/\/www.linkedin.com\/shareArticle?mini=true&url=https:\/\/brmagazine.com.ec\/zenz-wellness-community-el-nuevo-concepto-residencial-de-proano-proano-enfocado-en-el-bienestar\/\" target=\"_blank\" class=\" wd-social-icon social-linkedin\" aria-label=\"Linkedin social link\">\n\t\t\t\t\t\t<span class=\"wd-icon\"><\/span>\n\t\t\t\t\t\t\t\t\t\t\t<\/a>\n\t\t\t\t\n\t\t\t\t\n\t\t\t\t\n\t\t\t\t\n\t\t\t\t\n\t\t\t\t\n\t\t\t\t\n\t\t\t\t\n\t\t\t\t\n\t\t\t\t\n\t\t\t\t\n\t\t\t\t\n\t\t\t\t\n\t\t\t\t\n\t\t\t\t\n\t\t\t\t\t\t\t\t\t<a rel=\"noopener noreferrer nofollow\" href=\"https:\/\/telegram.me\/share\/url?url=https:\/\/brmagazine.com.ec\/zenz-wellness-community-el-nuevo-concepto-residencial-de-proano-proano-enfocado-en-el-bienestar\/\" target=\"_blank\" class=\" wd-social-icon social-tg\" aria-label=\"Telegram social link\">\n\t\t\t\t\t\t<span class=\"wd-icon\"><\/span>\n\t\t\t\t\t\t\t\t\t\t\t<\/a>\n\t\t\t\t\n\t\t\t\t\n\t\t\t<\/div>\n\n\t\t\t\t\t\t\t\t\t\t\t<\/div>\n\t\t\t\t\t\t\t\t\t<div class=\"tooltip-arrow\"><\/div>\n\t\t\t\t\t\t\t\t<\/div>\n\t\t\t\t\t\t\t<\/div>\n\t\t\t\t\t\t\n\t\t\t\t\t\t\t\t\t\t\t\t\t\t\t\t\t\t\t\t<div class=\"wd-post-reply wd-style-1\">\n\t\t\t\t\t\t\t\t<a href=\"https:\/\/brmagazine.com.ec\/zenz-wellness-community-el-nuevo-concepto-residencial-de-proano-proano-enfocado-en-el-bienestar\/#respond\"><span class=\"wd-replies-count\">0<\/span><\/a>\t\t\t\t\t\t\t<\/div>\n\t\t\t\t\t\t\t\t\t\t\t<\/div>\n\t\t\t\t\t\t\t\t\t\t\t\t\t<h3 class=\"wd-post-title wd-entities-title title post-title\">\n\t\t\t\t\t\t<a href=\"https:\/\/brmagazine.com.ec\/zenz-wellness-community-el-nuevo-concepto-residencial-de-proano-proano-enfocado-en-el-bienestar\/\" rel=\"bookmark\">\n\t\t\t\t\t\t\tZenz Wellness Community, el nuevo concepto residencial de Proa\u00f1o | Proa\u00f1o enfocado en el bienestar\t\t\t\t\t\t<\/a>\n\t\t\t\t\t<\/h3>\n\t\t\t\t\t\t\t\t\t\t\t\t\t<div class=\"wd-post-excerpt wd-scroll-content\">\n\t\t\t\t\t\t\t\t\t\t\t\t\tQuito, noviembre 2025.- El s\u00e1bado 22 de noviembre, a partir de las 11:00 de la ma\u00f1ana, Zenz Wellness Community abri\u00f3 sus puertas como se abre un nuevo cap\u00edtulo: con intenci\u00f3n,...\t\t\t\t\t\t\t\t\t\t\t<\/div>\n\t\t\t\t\t\t\t<\/div>\n\t\t\t\t\t\t\t\t\t\t\t\t<div class=\"wd-post-read-more wd-style-btn\">\n\t\t\t\t\t\t<a class=\" btn\" href=\"https:\/\/brmagazine.com.ec\/zenz-wellness-community-el-nuevo-concepto-residencial-de-proano-proano-enfocado-en-el-bienestar\/\">Continue reading<\/a>\t\t\t\t\t<\/div>\n\t\t\t\t\t\t\t\t\t<\/div>\n\t<\/div>\n<\/article>\n\t\t\t\t\t\t\t\t\t\t\t\n<article id=\"post-6381\" class=\"wd-post blog-design-list blog-post-loop blog-style-flat post-6381 post type-post status-publish format-standard has-post-thumbnail hentry category-sociales pmpro-has-access\">\n\t<div class=\"wd-post-inner\">\n\t\t<div class=\"wd-post-thumb\">\n\t\t\t\t\t\t\t<div class=\"wd-post-img\">\n\t\t\t\t\t<img width=\"1024\" height=\"682\" src=\"https:\/\/brmagazine.com.ec\/wp-content\/uploads\/2025\/12\/Foto-1_Equipo-Aglomerados-Cotopaxi-1-1024x682.jpeg\" class=\"attachment-large size-large\" alt=\"\" decoding=\"async\" loading=\"lazy\" srcset=\"https:\/\/brmagazine.com.ec\/wp-content\/uploads\/2025\/12\/Foto-1_Equipo-Aglomerados-Cotopaxi-1-1024x682.jpeg 1024w, https:\/\/brmagazine.com.ec\/wp-content\/uploads\/2025\/12\/Foto-1_Equipo-Aglomerados-Cotopaxi-1-300x200.jpeg 300w, https:\/\/brmagazine.com.ec\/wp-content\/uploads\/2025\/12\/Foto-1_Equipo-Aglomerados-Cotopaxi-1-768x512.jpeg 768w, https:\/\/brmagazine.com.ec\/wp-content\/uploads\/2025\/12\/Foto-1_Equipo-Aglomerados-Cotopaxi-1-1536x1023.jpeg 1536w, https:\/\/brmagazine.com.ec\/wp-content\/uploads\/2025\/12\/Foto-1_Equipo-Aglomerados-Cotopaxi-1-18x12.jpeg 18w, https:\/\/brmagazine.com.ec\/wp-content\/uploads\/2025\/12\/Foto-1_Equipo-Aglomerados-Cotopaxi-1.jpeg 1600w\" sizes=\"auto, (max-width: 1024px) 100vw, 1024px\" \/>\t\t\t\t<\/div>\n\t\t\t\t\t\t\t\t\t\t\t\t<a class=\"wd-post-link wd-fill\" href=\"https:\/\/brmagazine.com.ec\/aglomerados-cotopaxi-celebra-48-anos-liderando-la-industria-forestal-sostenible-en-ecuador\/\" rel=\"bookmark\" aria-label=\"Link on post Aglomerados Cotopaxi celebra 48 a\u00f1os liderando la industria forestal sostenible en Ecuador\"><\/a>\n\t\t\t\t\t\t\t<div class=\"wd-post-cat wd-style-with-bg\">\n\t\t\t\t\t<a href=\"https:\/\/brmagazine.com.ec\/category\/sociales\/\" rel=\"category tag\">Sociales<\/a>\t\t\t\t<\/div>\n\t\t\t\t\t<\/div>\n\n\t\t<div class=\"wd-post-content\">\n\t\t\t<div class=\"wd-post-content-inner wd-scroll\">\n\t\t\t\t\t\t\t\t\t<div class=\"wd-post-meta\">\n\t\t\t\t\t\t\t\t\t\t\t\t\t\t\t\t\t\t<div class=\"wd-post-author\">\n\t\t\t\t\t\t\t\t\t\t\t\t<span>Posted by<\/span>\n\t\t\n\t\t\t\t\t<img alt='author-avatar' src='https:\/\/brmagazine.com.ec\/wp-content\/uploads\/2025\/12\/jose-terranova-soporte-br_avatar-22x22.png' srcset='https:\/\/brmagazine.com.ec\/wp-content\/uploads\/2025\/12\/jose-terranova-soporte-br_avatar-44x44.png 2x' class='avatar avatar-22 photo' height='22' width='22' loading='lazy' decoding='async'\/>\t\t\n\t\t\t\t\t<a href=\"https:\/\/brmagazine.com.ec\/author\/jose-terranova\/\" class=\"author\" rel=\"author\">Jose Terranova (Soporte Br)<\/a>\n\t\t\t\t\t\t\t\t\t\t<\/div>\n\t\t\t\t\t\t<div class=\"wd-modified-date\">\n\t\t\t\t\t\t\t\t\t<time class=\"updated\" datetime=\"2025-12-03T11:09:38-05:00\">\n\t\t\tdiciembre 3, 2025\t\t<\/time>\n\t\t\t\t\t\t\t\t<\/div>\n\n\t\t\t\t\t\t\t\t\t\t\t\t\t<div class=\"wd-post-share wd-tltp\">\n\t\t\t\t\t\t\t\t<div class=\"tooltip top\">\n\t\t\t\t\t\t\t\t\t<div class=\"tooltip-inner\">\n\t\t\t\t\t\t\t\t\t\t\t\t\t<div\n\t\t\t\t\t\tclass=\" wd-social-icons  wd-style-default wd-size-small social-share wd-shape-circle color-scheme-light text-center\">\n\t\t\t\t\n\t\t\t\t\n\t\t\t\t\t\t\t\t\t<a rel=\"noopener noreferrer nofollow\" href=\"https:\/\/www.facebook.com\/sharer\/sharer.php?u=https:\/\/brmagazine.com.ec\/aglomerados-cotopaxi-celebra-48-anos-liderando-la-industria-forestal-sostenible-en-ecuador\/\" target=\"_blank\" class=\" wd-social-icon social-facebook\" aria-label=\"Facebook social link\">\n\t\t\t\t\t\t<span class=\"wd-icon\"><\/span>\n\t\t\t\t\t\t\t\t\t\t\t<\/a>\n\t\t\t\t\n\t\t\t\t\t\t\t\t\t<a rel=\"noopener noreferrer nofollow\" href=\"https:\/\/x.com\/share?url=https:\/\/brmagazine.com.ec\/aglomerados-cotopaxi-celebra-48-anos-liderando-la-industria-forestal-sostenible-en-ecuador\/\" target=\"_blank\" class=\" wd-social-icon social-twitter\" aria-label=\"X social link\">\n\t\t\t\t\t\t<span class=\"wd-icon\"><\/span>\n\t\t\t\t\t\t\t\t\t\t\t<\/a>\n\t\t\t\t\n\t\t\t\t\n\t\t\t\t\n\t\t\t\t\n\t\t\t\t\n\t\t\t\t\n\t\t\t\t\t\t\t\t\t<a rel=\"noopener noreferrer nofollow\" href=\"https:\/\/pinterest.com\/pin\/create\/button\/?url=https:\/\/brmagazine.com.ec\/aglomerados-cotopaxi-celebra-48-anos-liderando-la-industria-forestal-sostenible-en-ecuador\/&media=https:\/\/brmagazine.com.ec\/wp-content\/uploads\/2025\/12\/Foto-1_Equipo-Aglomerados-Cotopaxi-1.jpeg&description=Aglomerados+Cotopaxi+celebra+48+a%C3%B1os+liderando+la+industria+forestal+sostenible+en+Ecuador\" target=\"_blank\" class=\" wd-social-icon social-pinterest\" aria-label=\"Pinterest social link\">\n\t\t\t\t\t\t<span class=\"wd-icon\"><\/span>\n\t\t\t\t\t\t\t\t\t\t\t<\/a>\n\t\t\t\t\n\t\t\t\t\n\t\t\t\t\t\t\t\t\t<a rel=\"noopener noreferrer nofollow\" href=\"https:\/\/www.linkedin.com\/shareArticle?mini=true&url=https:\/\/brmagazine.com.ec\/aglomerados-cotopaxi-celebra-48-anos-liderando-la-industria-forestal-sostenible-en-ecuador\/\" target=\"_blank\" class=\" wd-social-icon social-linkedin\" aria-label=\"Linkedin social link\">\n\t\t\t\t\t\t<span class=\"wd-icon\"><\/span>\n\t\t\t\t\t\t\t\t\t\t\t<\/a>\n\t\t\t\t\n\t\t\t\t\n\t\t\t\t\n\t\t\t\t\n\t\t\t\t\n\t\t\t\t\n\t\t\t\t\n\t\t\t\t\n\t\t\t\t\n\t\t\t\t\n\t\t\t\t\n\t\t\t\t\n\t\t\t\t\n\t\t\t\t\n\t\t\t\t\n\t\t\t\t\t\t\t\t\t<a rel=\"noopener noreferrer nofollow\" href=\"https:\/\/telegram.me\/share\/url?url=https:\/\/brmagazine.com.ec\/aglomerados-cotopaxi-celebra-48-anos-liderando-la-industria-forestal-sostenible-en-ecuador\/\" target=\"_blank\" class=\" wd-social-icon social-tg\" aria-label=\"Telegram social link\">\n\t\t\t\t\t\t<span class=\"wd-icon\"><\/span>\n\t\t\t\t\t\t\t\t\t\t\t<\/a>\n\t\t\t\t\n\t\t\t\t\n\t\t\t<\/div>\n\n\t\t\t\t\t\t\t\t\t\t\t<\/div>\n\t\t\t\t\t\t\t\t\t<div class=\"tooltip-arrow\"><\/div>\n\t\t\t\t\t\t\t\t<\/div>\n\t\t\t\t\t\t\t<\/div>\n\t\t\t\t\t\t\n\t\t\t\t\t\t\t\t\t\t\t\t\t\t\t\t\t\t\t\t<div class=\"wd-post-reply wd-style-1\">\n\t\t\t\t\t\t\t\t<a href=\"https:\/\/brmagazine.com.ec\/aglomerados-cotopaxi-celebra-48-anos-liderando-la-industria-forestal-sostenible-en-ecuador\/#respond\"><span class=\"wd-replies-count\">0<\/span><\/a>\t\t\t\t\t\t\t<\/div>\n\t\t\t\t\t\t\t\t\t\t\t<\/div>\n\t\t\t\t\t\t\t\t\t\t\t\t\t<h3 class=\"wd-post-title wd-entities-title title post-title\">\n\t\t\t\t\t\t<a href=\"https:\/\/brmagazine.com.ec\/aglomerados-cotopaxi-celebra-48-anos-liderando-la-industria-forestal-sostenible-en-ecuador\/\" rel=\"bookmark\">\n\t\t\t\t\t\t\tAglomerados Cotopaxi celebra 48 a\u00f1os liderando la industria forestal sostenible en Ecuador\t\t\t\t\t\t<\/a>\n\t\t\t\t\t<\/h3>\n\t\t\t\t\t\t\t\t\t\t\t\t\t<div class=\"wd-post-excerpt wd-scroll-content\">\n\t\t\t\t\t\t\t\t\t\t\t\t\tEcuador, noviembre de 2025.\u2013 Aglomerados Cotopaxi celebra 48 a\u00f1os de historia, consolid\u00e1ndose como l\u00edder nacional y referente regional en innovaci\u00f3n, sostenibilidad y calidad industrial. Durante casi medio siglo, la compa\u00f1\u00eda...\t\t\t\t\t\t\t\t\t\t\t<\/div>\n\t\t\t\t\t\t\t<\/div>\n\t\t\t\t\t\t\t\t\t\t\t\t<div class=\"wd-post-read-more wd-style-btn\">\n\t\t\t\t\t\t<a class=\" btn\" href=\"https:\/\/brmagazine.com.ec\/aglomerados-cotopaxi-celebra-48-anos-liderando-la-industria-forestal-sostenible-en-ecuador\/\">Continue reading<\/a>\t\t\t\t\t<\/div>\n\t\t\t\t\t\t\t\t\t<\/div>\n\t<\/div>\n<\/article>\n\t\t\t\t\t\t\t\t\t\t\t\n<article id=\"post-6377\" class=\"wd-post blog-design-list blog-post-loop blog-style-flat post-6377 post type-post status-publish format-standard has-post-thumbnail hentry category-sociales pmpro-has-access\">\n\t<div class=\"wd-post-inner\">\n\t\t<div class=\"wd-post-thumb\">\n\t\t\t\t\t\t\t<div class=\"wd-post-img\">\n\t\t\t\t\t<img width=\"1024\" height=\"773\" src=\"https:\/\/brmagazine.com.ec\/wp-content\/uploads\/2025\/12\/WhatsApp-Image-2025-11-28-at-10.04.29-AM-1024x773.jpeg\" class=\"attachment-large size-large\" alt=\"\" decoding=\"async\" loading=\"lazy\" srcset=\"https:\/\/brmagazine.com.ec\/wp-content\/uploads\/2025\/12\/WhatsApp-Image-2025-11-28-at-10.04.29-AM-1024x773.jpeg 1024w, https:\/\/brmagazine.com.ec\/wp-content\/uploads\/2025\/12\/WhatsApp-Image-2025-11-28-at-10.04.29-AM-300x226.jpeg 300w, https:\/\/brmagazine.com.ec\/wp-content\/uploads\/2025\/12\/WhatsApp-Image-2025-11-28-at-10.04.29-AM-768x579.jpeg 768w, https:\/\/brmagazine.com.ec\/wp-content\/uploads\/2025\/12\/WhatsApp-Image-2025-11-28-at-10.04.29-AM-16x12.jpeg 16w, https:\/\/brmagazine.com.ec\/wp-content\/uploads\/2025\/12\/WhatsApp-Image-2025-11-28-at-10.04.29-AM.jpeg 1132w\" sizes=\"auto, (max-width: 1024px) 100vw, 1024px\" \/>\t\t\t\t<\/div>\n\t\t\t\t\t\t\t\t\t\t\t\t<a class=\"wd-post-link wd-fill\" href=\"https:\/\/brmagazine.com.ec\/mg-motor-impulsa-su-expansion-en-ecuador-con-dos-nuevos-suv\/\" rel=\"bookmark\" aria-label=\"Link on post MG Motor impulsa su expansi\u00f3n en Ecuador con dos nuevos SUV\"><\/a>\n\t\t\t\t\t\t\t<div class=\"wd-post-cat wd-style-with-bg\">\n\t\t\t\t\t<a href=\"https:\/\/brmagazine.com.ec\/category\/sociales\/\" rel=\"category tag\">Sociales<\/a>\t\t\t\t<\/div>\n\t\t\t\t\t<\/div>\n\n\t\t<div class=\"wd-post-content\">\n\t\t\t<div class=\"wd-post-content-inner wd-scroll\">\n\t\t\t\t\t\t\t\t\t<div class=\"wd-post-meta\">\n\t\t\t\t\t\t\t\t\t\t\t\t\t\t\t\t\t\t<div class=\"wd-post-author\">\n\t\t\t\t\t\t\t\t\t\t\t\t<span>Posted by<\/span>\n\t\t\n\t\t\t\t\t<img alt='author-avatar' src='https:\/\/brmagazine.com.ec\/wp-content\/uploads\/2025\/12\/jose-terranova-soporte-br_avatar-22x22.png' srcset='https:\/\/brmagazine.com.ec\/wp-content\/uploads\/2025\/12\/jose-terranova-soporte-br_avatar-44x44.png 2x' class='avatar avatar-22 photo' height='22' width='22' loading='lazy' decoding='async'\/>\t\t\n\t\t\t\t\t<a href=\"https:\/\/brmagazine.com.ec\/author\/jose-terranova\/\" class=\"author\" rel=\"author\">Jose Terranova (Soporte Br)<\/a>\n\t\t\t\t\t\t\t\t\t\t<\/div>\n\t\t\t\t\t\t<div class=\"wd-modified-date\">\n\t\t\t\t\t\t\t\t\t<time class=\"updated\" datetime=\"2025-12-03T10:58:24-05:00\">\n\t\t\tdiciembre 3, 2025\t\t<\/time>\n\t\t\t\t\t\t\t\t<\/div>\n\n\t\t\t\t\t\t\t\t\t\t\t\t\t<div class=\"wd-post-share wd-tltp\">\n\t\t\t\t\t\t\t\t<div class=\"tooltip top\">\n\t\t\t\t\t\t\t\t\t<div class=\"tooltip-inner\">\n\t\t\t\t\t\t\t\t\t\t\t\t\t<div\n\t\t\t\t\t\tclass=\" wd-social-icons  wd-style-default wd-size-small social-share wd-shape-circle color-scheme-light text-center\">\n\t\t\t\t\n\t\t\t\t\n\t\t\t\t\t\t\t\t\t<a rel=\"noopener noreferrer nofollow\" href=\"https:\/\/www.facebook.com\/sharer\/sharer.php?u=https:\/\/brmagazine.com.ec\/mg-motor-impulsa-su-expansion-en-ecuador-con-dos-nuevos-suv\/\" target=\"_blank\" class=\" wd-social-icon social-facebook\" aria-label=\"Facebook social link\">\n\t\t\t\t\t\t<span class=\"wd-icon\"><\/span>\n\t\t\t\t\t\t\t\t\t\t\t<\/a>\n\t\t\t\t\n\t\t\t\t\t\t\t\t\t<a rel=\"noopener noreferrer nofollow\" href=\"https:\/\/x.com\/share?url=https:\/\/brmagazine.com.ec\/mg-motor-impulsa-su-expansion-en-ecuador-con-dos-nuevos-suv\/\" target=\"_blank\" class=\" wd-social-icon social-twitter\" aria-label=\"X social link\">\n\t\t\t\t\t\t<span class=\"wd-icon\"><\/span>\n\t\t\t\t\t\t\t\t\t\t\t<\/a>\n\t\t\t\t\n\t\t\t\t\n\t\t\t\t\n\t\t\t\t\n\t\t\t\t\n\t\t\t\t\n\t\t\t\t\t\t\t\t\t<a rel=\"noopener noreferrer nofollow\" href=\"https:\/\/pinterest.com\/pin\/create\/button\/?url=https:\/\/brmagazine.com.ec\/mg-motor-impulsa-su-expansion-en-ecuador-con-dos-nuevos-suv\/&media=https:\/\/brmagazine.com.ec\/wp-content\/uploads\/2025\/12\/WhatsApp-Image-2025-11-28-at-10.04.29-AM.jpeg&description=MG+Motor+impulsa+su+expansi%C3%B3n+en+Ecuador+con+dos+nuevos+SUV\" target=\"_blank\" class=\" wd-social-icon social-pinterest\" aria-label=\"Pinterest social link\">\n\t\t\t\t\t\t<span class=\"wd-icon\"><\/span>\n\t\t\t\t\t\t\t\t\t\t\t<\/a>\n\t\t\t\t\n\t\t\t\t\n\t\t\t\t\t\t\t\t\t<a rel=\"noopener noreferrer nofollow\" href=\"https:\/\/www.linkedin.com\/shareArticle?mini=true&url=https:\/\/brmagazine.com.ec\/mg-motor-impulsa-su-expansion-en-ecuador-con-dos-nuevos-suv\/\" target=\"_blank\" class=\" wd-social-icon social-linkedin\" aria-label=\"Linkedin social link\">\n\t\t\t\t\t\t<span class=\"wd-icon\"><\/span>\n\t\t\t\t\t\t\t\t\t\t\t<\/a>\n\t\t\t\t\n\t\t\t\t\n\t\t\t\t\n\t\t\t\t\n\t\t\t\t\n\t\t\t\t\n\t\t\t\t\n\t\t\t\t\n\t\t\t\t\n\t\t\t\t\n\t\t\t\t\n\t\t\t\t\n\t\t\t\t\n\t\t\t\t\n\t\t\t\t\n\t\t\t\t\t\t\t\t\t<a rel=\"noopener noreferrer nofollow\" href=\"https:\/\/telegram.me\/share\/url?url=https:\/\/brmagazine.com.ec\/mg-motor-impulsa-su-expansion-en-ecuador-con-dos-nuevos-suv\/\" target=\"_blank\" class=\" wd-social-icon social-tg\" aria-label=\"Telegram social link\">\n\t\t\t\t\t\t<span class=\"wd-icon\"><\/span>\n\t\t\t\t\t\t\t\t\t\t\t<\/a>\n\t\t\t\t\n\t\t\t\t\n\t\t\t<\/div>\n\n\t\t\t\t\t\t\t\t\t\t\t<\/div>\n\t\t\t\t\t\t\t\t\t<div class=\"tooltip-arrow\"><\/div>\n\t\t\t\t\t\t\t\t<\/div>\n\t\t\t\t\t\t\t<\/div>\n\t\t\t\t\t\t\n\t\t\t\t\t\t\t\t\t\t\t\t\t\t\t\t\t\t\t\t<div class=\"wd-post-reply wd-style-1\">\n\t\t\t\t\t\t\t\t<a href=\"https:\/\/brmagazine.com.ec\/mg-motor-impulsa-su-expansion-en-ecuador-con-dos-nuevos-suv\/#respond\"><span class=\"wd-replies-count\">0<\/span><\/a>\t\t\t\t\t\t\t<\/div>\n\t\t\t\t\t\t\t\t\t\t\t<\/div>\n\t\t\t\t\t\t\t\t\t\t\t\t\t<h3 class=\"wd-post-title wd-entities-title title post-title\">\n\t\t\t\t\t\t<a href=\"https:\/\/brmagazine.com.ec\/mg-motor-impulsa-su-expansion-en-ecuador-con-dos-nuevos-suv\/\" rel=\"bookmark\">\n\t\t\t\t\t\t\tMG Motor impulsa su expansi\u00f3n en Ecuador con dos nuevos SUV\t\t\t\t\t\t<\/a>\n\t\t\t\t\t<\/h3>\n\t\t\t\t\t\t\t\t\t\t\t\t\t<div class=\"wd-post-excerpt wd-scroll-content\">\n\t\t\t\t\t\t\t\t\t\t\t\t\tQuito, noviembre de 2025.- MG Motor Ecuador impulsa su expansi\u00f3n en el mercado automotriz con una inversi\u00f3n estrat\u00e9gica, la apertura de un nuevo punto de venta y la incorporaci\u00f3n de...\t\t\t\t\t\t\t\t\t\t\t<\/div>\n\t\t\t\t\t\t\t<\/div>\n\t\t\t\t\t\t\t\t\t\t\t\t<div class=\"wd-post-read-more wd-style-btn\">\n\t\t\t\t\t\t<a class=\" btn\" href=\"https:\/\/brmagazine.com.ec\/mg-motor-impulsa-su-expansion-en-ecuador-con-dos-nuevos-suv\/\">Continue reading<\/a>\t\t\t\t\t<\/div>\n\t\t\t\t\t\t\t\t\t<\/div>\n\t<\/div>\n<\/article>\n\t\t\t\t\t\t\t\t\t\t\t\n<article id=\"post-6366\" class=\"wd-post blog-design-list blog-post-loop blog-style-flat post-6366 post type-post status-publish format-standard has-post-thumbnail hentry category-sociales pmpro-has-access\">\n\t<div class=\"wd-post-inner\">\n\t\t<div class=\"wd-post-thumb\">\n\t\t\t\t\t\t\t<div class=\"wd-post-img\">\n\t\t\t\t\t<img width=\"1024\" height=\"576\" src=\"https:\/\/brmagazine.com.ec\/wp-content\/uploads\/2025\/12\/WhatsApp-Image-2025-11-28-at-9.40.43-AM-1024x576.jpeg\" class=\"attachment-large size-large\" alt=\"\" decoding=\"async\" loading=\"lazy\" srcset=\"https:\/\/brmagazine.com.ec\/wp-content\/uploads\/2025\/12\/WhatsApp-Image-2025-11-28-at-9.40.43-AM-1024x576.jpeg 1024w, https:\/\/brmagazine.com.ec\/wp-content\/uploads\/2025\/12\/WhatsApp-Image-2025-11-28-at-9.40.43-AM-300x169.jpeg 300w, https:\/\/brmagazine.com.ec\/wp-content\/uploads\/2025\/12\/WhatsApp-Image-2025-11-28-at-9.40.43-AM-768x432.jpeg 768w, https:\/\/brmagazine.com.ec\/wp-content\/uploads\/2025\/12\/WhatsApp-Image-2025-11-28-at-9.40.43-AM-1536x864.jpeg 1536w, https:\/\/brmagazine.com.ec\/wp-content\/uploads\/2025\/12\/WhatsApp-Image-2025-11-28-at-9.40.43-AM-18x10.jpeg 18w, https:\/\/brmagazine.com.ec\/wp-content\/uploads\/2025\/12\/WhatsApp-Image-2025-11-28-at-9.40.43-AM.jpeg 1600w\" sizes=\"auto, (max-width: 1024px) 100vw, 1024px\" \/>\t\t\t\t<\/div>\n\t\t\t\t\t\t\t\t\t\t\t\t<a class=\"wd-post-link wd-fill\" href=\"https:\/\/brmagazine.com.ec\/ambiensa-la-primera-inmobiliaria-del-ecuador-se-suma-al-programa-miti-miti-del-gobierno-nacional-con-10-mil-viviendas\/\" rel=\"bookmark\" aria-label=\"Link on post Ambiensa la primera inmobiliaria del Ecuador se suma al programa \u201cMiti Miti\u201d, del Gobierno Nacional con 10 mil viviendas\"><\/a>\n\t\t\t\t\t\t\t<div class=\"wd-post-cat wd-style-with-bg\">\n\t\t\t\t\t<a href=\"https:\/\/brmagazine.com.ec\/category\/sociales\/\" rel=\"category tag\">Sociales<\/a>\t\t\t\t<\/div>\n\t\t\t\t\t<\/div>\n\n\t\t<div class=\"wd-post-content\">\n\t\t\t<div class=\"wd-post-content-inner wd-scroll\">\n\t\t\t\t\t\t\t\t\t<div class=\"wd-post-meta\">\n\t\t\t\t\t\t\t\t\t\t\t\t\t\t\t\t\t\t<div class=\"wd-post-author\">\n\t\t\t\t\t\t\t\t\t\t\t\t<span>Posted by<\/span>\n\t\t\n\t\t\t\t\t<img alt='author-avatar' src='https:\/\/brmagazine.com.ec\/wp-content\/uploads\/2025\/12\/jose-terranova-soporte-br_avatar-22x22.png' srcset='https:\/\/brmagazine.com.ec\/wp-content\/uploads\/2025\/12\/jose-terranova-soporte-br_avatar-44x44.png 2x' class='avatar avatar-22 photo' height='22' width='22' loading='lazy' decoding='async'\/>\t\t\n\t\t\t\t\t<a href=\"https:\/\/brmagazine.com.ec\/author\/jose-terranova\/\" class=\"author\" rel=\"author\">Jose Terranova (Soporte Br)<\/a>\n\t\t\t\t\t\t\t\t\t\t<\/div>\n\t\t\t\t\t\t<div class=\"wd-modified-date\">\n\t\t\t\t\t\t\t\t\t<time class=\"updated\" datetime=\"2025-12-03T10:49:24-05:00\">\n\t\t\tdiciembre 3, 2025\t\t<\/time>\n\t\t\t\t\t\t\t\t<\/div>\n\n\t\t\t\t\t\t\t\t\t\t\t\t\t<div class=\"wd-post-share wd-tltp\">\n\t\t\t\t\t\t\t\t<div class=\"tooltip top\">\n\t\t\t\t\t\t\t\t\t<div class=\"tooltip-inner\">\n\t\t\t\t\t\t\t\t\t\t\t\t\t<div\n\t\t\t\t\t\tclass=\" wd-social-icons  wd-style-default wd-size-small social-share wd-shape-circle color-scheme-light text-center\">\n\t\t\t\t\n\t\t\t\t\n\t\t\t\t\t\t\t\t\t<a rel=\"noopener noreferrer nofollow\" href=\"https:\/\/www.facebook.com\/sharer\/sharer.php?u=https:\/\/brmagazine.com.ec\/ambiensa-la-primera-inmobiliaria-del-ecuador-se-suma-al-programa-miti-miti-del-gobierno-nacional-con-10-mil-viviendas\/\" target=\"_blank\" class=\" wd-social-icon social-facebook\" aria-label=\"Facebook social link\">\n\t\t\t\t\t\t<span class=\"wd-icon\"><\/span>\n\t\t\t\t\t\t\t\t\t\t\t<\/a>\n\t\t\t\t\n\t\t\t\t\t\t\t\t\t<a rel=\"noopener noreferrer nofollow\" href=\"https:\/\/x.com\/share?url=https:\/\/brmagazine.com.ec\/ambiensa-la-primera-inmobiliaria-del-ecuador-se-suma-al-programa-miti-miti-del-gobierno-nacional-con-10-mil-viviendas\/\" target=\"_blank\" class=\" wd-social-icon social-twitter\" aria-label=\"X social link\">\n\t\t\t\t\t\t<span class=\"wd-icon\"><\/span>\n\t\t\t\t\t\t\t\t\t\t\t<\/a>\n\t\t\t\t\n\t\t\t\t\n\t\t\t\t\n\t\t\t\t\n\t\t\t\t\n\t\t\t\t\n\t\t\t\t\t\t\t\t\t<a rel=\"noopener noreferrer nofollow\" href=\"https:\/\/pinterest.com\/pin\/create\/button\/?url=https:\/\/brmagazine.com.ec\/ambiensa-la-primera-inmobiliaria-del-ecuador-se-suma-al-programa-miti-miti-del-gobierno-nacional-con-10-mil-viviendas\/&media=https:\/\/brmagazine.com.ec\/wp-content\/uploads\/2025\/12\/WhatsApp-Image-2025-11-28-at-9.40.43-AM.jpeg&description=Ambiensa+la+primera+inmobiliaria+del+Ecuador+se+suma+al+programa+%E2%80%9CMiti+Miti%E2%80%9D%2C+del+Gobierno+Nacional+con+10+mil+viviendas\" target=\"_blank\" class=\" wd-social-icon social-pinterest\" aria-label=\"Pinterest social link\">\n\t\t\t\t\t\t<span class=\"wd-icon\"><\/span>\n\t\t\t\t\t\t\t\t\t\t\t<\/a>\n\t\t\t\t\n\t\t\t\t\n\t\t\t\t\t\t\t\t\t<a rel=\"noopener noreferrer nofollow\" href=\"https:\/\/www.linkedin.com\/shareArticle?mini=true&url=https:\/\/brmagazine.com.ec\/ambiensa-la-primera-inmobiliaria-del-ecuador-se-suma-al-programa-miti-miti-del-gobierno-nacional-con-10-mil-viviendas\/\" target=\"_blank\" class=\" wd-social-icon social-linkedin\" aria-label=\"Linkedin social link\">\n\t\t\t\t\t\t<span class=\"wd-icon\"><\/span>\n\t\t\t\t\t\t\t\t\t\t\t<\/a>\n\t\t\t\t\n\t\t\t\t\n\t\t\t\t\n\t\t\t\t\n\t\t\t\t\n\t\t\t\t\n\t\t\t\t\n\t\t\t\t\n\t\t\t\t\n\t\t\t\t\n\t\t\t\t\n\t\t\t\t\n\t\t\t\t\n\t\t\t\t\n\t\t\t\t\n\t\t\t\t\t\t\t\t\t<a rel=\"noopener noreferrer nofollow\" href=\"https:\/\/telegram.me\/share\/url?url=https:\/\/brmagazine.com.ec\/ambiensa-la-primera-inmobiliaria-del-ecuador-se-suma-al-programa-miti-miti-del-gobierno-nacional-con-10-mil-viviendas\/\" target=\"_blank\" class=\" wd-social-icon social-tg\" aria-label=\"Telegram social link\">\n\t\t\t\t\t\t<span class=\"wd-icon\"><\/span>\n\t\t\t\t\t\t\t\t\t\t\t<\/a>\n\t\t\t\t\n\t\t\t\t\n\t\t\t<\/div>\n\n\t\t\t\t\t\t\t\t\t\t\t<\/div>\n\t\t\t\t\t\t\t\t\t<div class=\"tooltip-arrow\"><\/div>\n\t\t\t\t\t\t\t\t<\/div>\n\t\t\t\t\t\t\t<\/div>\n\t\t\t\t\t\t\n\t\t\t\t\t\t\t\t\t\t\t\t\t\t\t\t\t\t\t\t<div class=\"wd-post-reply wd-style-1\">\n\t\t\t\t\t\t\t\t<a href=\"https:\/\/brmagazine.com.ec\/ambiensa-la-primera-inmobiliaria-del-ecuador-se-suma-al-programa-miti-miti-del-gobierno-nacional-con-10-mil-viviendas\/#respond\"><span class=\"wd-replies-count\">0<\/span><\/a>\t\t\t\t\t\t\t<\/div>\n\t\t\t\t\t\t\t\t\t\t\t<\/div>\n\t\t\t\t\t\t\t\t\t\t\t\t\t<h3 class=\"wd-post-title wd-entities-title title post-title\">\n\t\t\t\t\t\t<a href=\"https:\/\/brmagazine.com.ec\/ambiensa-la-primera-inmobiliaria-del-ecuador-se-suma-al-programa-miti-miti-del-gobierno-nacional-con-10-mil-viviendas\/\" rel=\"bookmark\">\n\t\t\t\t\t\t\tAmbiensa la primera inmobiliaria del Ecuador se suma al programa \u201cMiti Miti\u201d, del Gobierno Nacional con 10 mil viviendas\t\t\t\t\t\t<\/a>\n\t\t\t\t\t<\/h3>\n\t\t\t\t\t\t\t\t\t\t\t\t\t<div class=\"wd-post-excerpt wd-scroll-content\">\n\t\t\t\t\t\t\t\t\t\t\t\t\tGuayaquil, 27 de noviembre 2025.- Ambiensa, l\u00edder n\u00famero uno en construcci\u00f3n de viviendas en Ecuador y referente en el desarrollo urbano sostenible, con m\u00e1s de 10 mil hogares ecuatorianos construidos,...\t\t\t\t\t\t\t\t\t\t\t<\/div>\n\t\t\t\t\t\t\t<\/div>\n\t\t\t\t\t\t\t\t\t\t\t\t<div class=\"wd-post-read-more wd-style-btn\">\n\t\t\t\t\t\t<a class=\" btn\" href=\"https:\/\/brmagazine.com.ec\/ambiensa-la-primera-inmobiliaria-del-ecuador-se-suma-al-programa-miti-miti-del-gobierno-nacional-con-10-mil-viviendas\/\">Continue reading<\/a>\t\t\t\t\t<\/div>\n\t\t\t\t\t\t\t\t\t<\/div>\n\t<\/div>\n<\/article>\n\t\t\t\t\t\t\t\t\t\t\t\n<article id=\"post-6354\" class=\"wd-post blog-design-list blog-post-loop blog-style-flat post-6354 post type-post status-publish format-standard has-post-thumbnail hentry category-sociales pmpro-has-access\">\n\t<div class=\"wd-post-inner\">\n\t\t<div class=\"wd-post-thumb\">\n\t\t\t\t\t\t\t<div class=\"wd-post-img\">\n\t\t\t\t\t<img width=\"1024\" height=\"575\" src=\"https:\/\/brmagazine.com.ec\/wp-content\/uploads\/2025\/12\/WhatsApp-Image-2025-11-26-at-12.42.52-PM-1024x575.jpeg\" class=\"attachment-large size-large\" alt=\"\" decoding=\"async\" loading=\"lazy\" srcset=\"https:\/\/brmagazine.com.ec\/wp-content\/uploads\/2025\/12\/WhatsApp-Image-2025-11-26-at-12.42.52-PM-1024x575.jpeg 1024w, https:\/\/brmagazine.com.ec\/wp-content\/uploads\/2025\/12\/WhatsApp-Image-2025-11-26-at-12.42.52-PM-300x169.jpeg 300w, https:\/\/brmagazine.com.ec\/wp-content\/uploads\/2025\/12\/WhatsApp-Image-2025-11-26-at-12.42.52-PM-768x432.jpeg 768w, https:\/\/brmagazine.com.ec\/wp-content\/uploads\/2025\/12\/WhatsApp-Image-2025-11-26-at-12.42.52-PM-1536x863.jpeg 1536w, https:\/\/brmagazine.com.ec\/wp-content\/uploads\/2025\/12\/WhatsApp-Image-2025-11-26-at-12.42.52-PM-18x10.jpeg 18w, https:\/\/brmagazine.com.ec\/wp-content\/uploads\/2025\/12\/WhatsApp-Image-2025-11-26-at-12.42.52-PM.jpeg 1600w\" sizes=\"auto, (max-width: 1024px) 100vw, 1024px\" \/>\t\t\t\t<\/div>\n\t\t\t\t\t\t\t\t\t\t\t\t<a class=\"wd-post-link wd-fill\" href=\"https:\/\/brmagazine.com.ec\/marbol-green-plaza-cumple-un-ano-liderando-el-retail-sostenible-y-el-desarrollo-urbano-responsable-del-pais\/\" rel=\"bookmark\" aria-label=\"Link on post M\u00c1RBOL Green Plaza cumple un a\u00f1o liderando el retail sostenible y el desarrollo urbano responsable del pa\u00eds\"><\/a>\n\t\t\t\t\t\t\t<div class=\"wd-post-cat wd-style-with-bg\">\n\t\t\t\t\t<a href=\"https:\/\/brmagazine.com.ec\/category\/sociales\/\" rel=\"category tag\">Sociales<\/a>\t\t\t\t<\/div>\n\t\t\t\t\t<\/div>\n\n\t\t<div class=\"wd-post-content\">\n\t\t\t<div class=\"wd-post-content-inner wd-scroll\">\n\t\t\t\t\t\t\t\t\t<div class=\"wd-post-meta\">\n\t\t\t\t\t\t\t\t\t\t\t\t\t\t\t\t\t\t<div class=\"wd-post-author\">\n\t\t\t\t\t\t\t\t\t\t\t\t<span>Posted by<\/span>\n\t\t\n\t\t\t\t\t<img alt='author-avatar' src='https:\/\/brmagazine.com.ec\/wp-content\/uploads\/2025\/12\/jose-terranova-soporte-br_avatar-22x22.png' srcset='https:\/\/brmagazine.com.ec\/wp-content\/uploads\/2025\/12\/jose-terranova-soporte-br_avatar-44x44.png 2x' class='avatar avatar-22 photo' height='22' width='22' loading='lazy' decoding='async'\/>\t\t\n\t\t\t\t\t<a href=\"https:\/\/brmagazine.com.ec\/author\/jose-terranova\/\" class=\"author\" rel=\"author\">Jose Terranova (Soporte Br)<\/a>\n\t\t\t\t\t\t\t\t\t\t<\/div>\n\t\t\t\t\t\t<div class=\"wd-modified-date\">\n\t\t\t\t\t\t\t\t\t<time class=\"updated\" datetime=\"2025-12-03T10:33:16-05:00\">\n\t\t\tdiciembre 3, 2025\t\t<\/time>\n\t\t\t\t\t\t\t\t<\/div>\n\n\t\t\t\t\t\t\t\t\t\t\t\t\t<div class=\"wd-post-share wd-tltp\">\n\t\t\t\t\t\t\t\t<div class=\"tooltip top\">\n\t\t\t\t\t\t\t\t\t<div class=\"tooltip-inner\">\n\t\t\t\t\t\t\t\t\t\t\t\t\t<div\n\t\t\t\t\t\tclass=\" wd-social-icons  wd-style-default wd-size-small social-share wd-shape-circle color-scheme-light text-center\">\n\t\t\t\t\n\t\t\t\t\n\t\t\t\t\t\t\t\t\t<a rel=\"noopener noreferrer nofollow\" href=\"https:\/\/www.facebook.com\/sharer\/sharer.php?u=https:\/\/brmagazine.com.ec\/marbol-green-plaza-cumple-un-ano-liderando-el-retail-sostenible-y-el-desarrollo-urbano-responsable-del-pais\/\" target=\"_blank\" class=\" wd-social-icon social-facebook\" aria-label=\"Facebook social link\">\n\t\t\t\t\t\t<span class=\"wd-icon\"><\/span>\n\t\t\t\t\t\t\t\t\t\t\t<\/a>\n\t\t\t\t\n\t\t\t\t\t\t\t\t\t<a rel=\"noopener noreferrer nofollow\" href=\"https:\/\/x.com\/share?url=https:\/\/brmagazine.com.ec\/marbol-green-plaza-cumple-un-ano-liderando-el-retail-sostenible-y-el-desarrollo-urbano-responsable-del-pais\/\" target=\"_blank\" class=\" wd-social-icon social-twitter\" aria-label=\"X social link\">\n\t\t\t\t\t\t<span class=\"wd-icon\"><\/span>\n\t\t\t\t\t\t\t\t\t\t\t<\/a>\n\t\t\t\t\n\t\t\t\t\n\t\t\t\t\n\t\t\t\t\n\t\t\t\t\n\t\t\t\t\n\t\t\t\t\t\t\t\t\t<a rel=\"noopener noreferrer nofollow\" href=\"https:\/\/pinterest.com\/pin\/create\/button\/?url=https:\/\/brmagazine.com.ec\/marbol-green-plaza-cumple-un-ano-liderando-el-retail-sostenible-y-el-desarrollo-urbano-responsable-del-pais\/&media=https:\/\/brmagazine.com.ec\/wp-content\/uploads\/2025\/12\/WhatsApp-Image-2025-11-26-at-12.42.52-PM.jpeg&description=M%C3%81RBOL+Green+Plaza+cumple+un+a%C3%B1o+liderando+el+retail+sostenible+y+el+desarrollo+urbano+responsable+del+pa%C3%ADs\" target=\"_blank\" class=\" wd-social-icon social-pinterest\" aria-label=\"Pinterest social link\">\n\t\t\t\t\t\t<span class=\"wd-icon\"><\/span>\n\t\t\t\t\t\t\t\t\t\t\t<\/a>\n\t\t\t\t\n\t\t\t\t\n\t\t\t\t\t\t\t\t\t<a rel=\"noopener noreferrer nofollow\" href=\"https:\/\/www.linkedin.com\/shareArticle?mini=true&url=https:\/\/brmagazine.com.ec\/marbol-green-plaza-cumple-un-ano-liderando-el-retail-sostenible-y-el-desarrollo-urbano-responsable-del-pais\/\" target=\"_blank\" class=\" wd-social-icon social-linkedin\" aria-label=\"Linkedin social link\">\n\t\t\t\t\t\t<span class=\"wd-icon\"><\/span>\n\t\t\t\t\t\t\t\t\t\t\t<\/a>\n\t\t\t\t\n\t\t\t\t\n\t\t\t\t\n\t\t\t\t\n\t\t\t\t\n\t\t\t\t\n\t\t\t\t\n\t\t\t\t\n\t\t\t\t\n\t\t\t\t\n\t\t\t\t\n\t\t\t\t\n\t\t\t\t\n\t\t\t\t\n\t\t\t\t\n\t\t\t\t\t\t\t\t\t<a rel=\"noopener noreferrer nofollow\" href=\"https:\/\/telegram.me\/share\/url?url=https:\/\/brmagazine.com.ec\/marbol-green-plaza-cumple-un-ano-liderando-el-retail-sostenible-y-el-desarrollo-urbano-responsable-del-pais\/\" target=\"_blank\" class=\" wd-social-icon social-tg\" aria-label=\"Telegram social link\">\n\t\t\t\t\t\t<span class=\"wd-icon\"><\/span>\n\t\t\t\t\t\t\t\t\t\t\t<\/a>\n\t\t\t\t\n\t\t\t\t\n\t\t\t<\/div>\n\n\t\t\t\t\t\t\t\t\t\t\t<\/div>\n\t\t\t\t\t\t\t\t\t<div class=\"tooltip-arrow\"><\/div>\n\t\t\t\t\t\t\t\t<\/div>\n\t\t\t\t\t\t\t<\/div>\n\t\t\t\t\t\t\n\t\t\t\t\t\t\t\t\t\t\t\t\t\t\t\t\t\t\t\t<div class=\"wd-post-reply wd-style-1\">\n\t\t\t\t\t\t\t\t<a href=\"https:\/\/brmagazine.com.ec\/marbol-green-plaza-cumple-un-ano-liderando-el-retail-sostenible-y-el-desarrollo-urbano-responsable-del-pais\/#respond\"><span class=\"wd-replies-count\">0<\/span><\/a>\t\t\t\t\t\t\t<\/div>\n\t\t\t\t\t\t\t\t\t\t\t<\/div>\n\t\t\t\t\t\t\t\t\t\t\t\t\t<h3 class=\"wd-post-title wd-entities-title title post-title\">\n\t\t\t\t\t\t<a href=\"https:\/\/brmagazine.com.ec\/marbol-green-plaza-cumple-un-ano-liderando-el-retail-sostenible-y-el-desarrollo-urbano-responsable-del-pais\/\" rel=\"bookmark\">\n\t\t\t\t\t\t\tM\u00c1RBOL Green Plaza cumple un a\u00f1o liderando el retail sostenible y el desarrollo urbano responsable del pa\u00eds\t\t\t\t\t\t<\/a>\n\t\t\t\t\t<\/h3>\n\t\t\t\t\t\t\t\t\t\t\t\t\t<div class=\"wd-post-excerpt wd-scroll-content\">\n\t\t\t\t\t\t\t\t\t\t\t\t\tGuayaquil, noviembre de 2025.-\u00a0M\u00c1RBOL Green Plaza cumpli\u00f3 su primer a\u00f1o consolid\u00e1ndose como la primera plaza ecomercial del Ecuador, un concepto que redefine la relaci\u00f3n entre comercio, arquitectura sostenible y bienestar...\t\t\t\t\t\t\t\t\t\t\t<\/div>\n\t\t\t\t\t\t\t<\/div>\n\t\t\t\t\t\t\t\t\t\t\t\t<div class=\"wd-post-read-more wd-style-btn\">\n\t\t\t\t\t\t<a class=\" btn\" href=\"https:\/\/brmagazine.com.ec\/marbol-green-plaza-cumple-un-ano-liderando-el-retail-sostenible-y-el-desarrollo-urbano-responsable-del-pais\/\">Continue reading<\/a>\t\t\t\t\t<\/div>\n\t\t\t\t\t\t\t\t\t<\/div>\n\t<\/div>\n<\/article>\n\t\t\t\t\t\n\t\t\t\t\t","status":"no-more-posts","nextPage":"?woo_ajax=1","currentPage":"https:\/\/brmagazine.com.ec\/author\/jose-terranova\/page\/11"}