
			
				

					
				

			
		{"items":"\n\t\t\t\t\t\t\t\t\t\t\t\t\t\t<link rel=\"stylesheet\" id=\"wd-post-types-mod-categories-style-bg-css\" href=\"https:\/\/brmagazine.com.ec\/wp-content\/themes\/woodmart\/css\/parts\/post-types-mod-categories-style-bg.min.css?ver=8.2.7\" type=\"text\/css\" media=\"all\" \/> \t\t\t\n<article id=\"post-6350\" class=\"wd-post blog-design-list blog-post-loop blog-style-flat post-6350 post type-post status-publish format-standard has-post-thumbnail hentry category-sociales pmpro-has-access\">\n\t<div class=\"wd-post-inner\">\n\t\t<div class=\"wd-post-thumb\">\n\t\t\t\t\t\t\t<div class=\"wd-post-img\">\n\t\t\t\t\t<img width=\"1024\" height=\"684\" src=\"https:\/\/brmagazine.com.ec\/wp-content\/uploads\/2025\/11\/DSC06354-1024x684.jpg\" class=\"attachment-large size-large\" alt=\"\" decoding=\"async\" fetchpriority=\"high\" srcset=\"https:\/\/brmagazine.com.ec\/wp-content\/uploads\/2025\/11\/DSC06354-1024x684.jpg 1024w, https:\/\/brmagazine.com.ec\/wp-content\/uploads\/2025\/11\/DSC06354-300x200.jpg 300w, https:\/\/brmagazine.com.ec\/wp-content\/uploads\/2025\/11\/DSC06354-768x513.jpg 768w, https:\/\/brmagazine.com.ec\/wp-content\/uploads\/2025\/11\/DSC06354-1536x1027.jpg 1536w, https:\/\/brmagazine.com.ec\/wp-content\/uploads\/2025\/11\/DSC06354-18x12.jpg 18w, https:\/\/brmagazine.com.ec\/wp-content\/uploads\/2025\/11\/DSC06354.jpg 1616w\" sizes=\"(max-width: 1024px) 100vw, 1024px\" \/>\t\t\t\t<\/div>\n\t\t\t\t\t\t\t\t\t\t\t\t<a class=\"wd-post-link wd-fill\" href=\"https:\/\/brmagazine.com.ec\/lanzamiento-oficial-de-construgo-la-nueva-aplicacion-que-transforma-la-compra-de-materiales-para-la-construccion-mas-cerca-de-ti\/\" rel=\"bookmark\" aria-label=\"Link on post Lanzamiento oficial de construGO: la nueva aplicaci\u00f3n que transforma la compra de materiales para la construcci\u00f3n, m\u00e1s cerca de ti.\"><\/a>\n\t\t\t\t\t\t\t<div class=\"wd-post-cat wd-style-with-bg\">\n\t\t\t\t\t<a href=\"https:\/\/brmagazine.com.ec\/category\/sociales\/\" rel=\"category tag\">Sociales<\/a>\t\t\t\t<\/div>\n\t\t\t\t\t<\/div>\n\n\t\t<div class=\"wd-post-content\">\n\t\t\t<div class=\"wd-post-content-inner wd-scroll\">\n\t\t\t\t\t\t\t\t\t<div class=\"wd-post-meta\">\n\t\t\t\t\t\t\t\t\t\t\t\t\t\t\t<link rel=\"stylesheet\" id=\"wd-blog-mod-author-css\" href=\"https:\/\/brmagazine.com.ec\/wp-content\/themes\/woodmart\/css\/parts\/blog-mod-author.min.css?ver=8.2.7\" type=\"text\/css\" media=\"all\" \/> \t\t\t\t\t\t\t\t\t<div class=\"wd-post-author\">\n\t\t\t\t\t\t\t\t\t\t\t\t<span>Posted by<\/span>\n\t\t\n\t\t\t\t\t<img alt='author-avatar' src='https:\/\/brmagazine.com.ec\/wp-content\/uploads\/2025\/08\/jhon-lopez_avatar-22x22.png' srcset='https:\/\/brmagazine.com.ec\/wp-content\/uploads\/2025\/08\/jhon-lopez_avatar-44x44.png 2x' class='avatar avatar-22 photo' height='22' width='22' decoding='async'\/>\t\t\n\t\t\t\t\t<a href=\"https:\/\/brmagazine.com.ec\/author\/jhon-lopez\/\" class=\"author\" rel=\"author\">Jhon L\u00f3pez (Soporte Br)<\/a>\n\t\t\t\t\t\t\t\t\t\t<\/div>\n\t\t\t\t\t\t<div class=\"wd-modified-date\">\n\t\t\t\t\t\t\t\t\t<time class=\"updated\" datetime=\"2025-11-24T13:52:28-05:00\">\n\t\t\tnoviembre 24, 2025\t\t<\/time>\n\t\t\t\t\t\t\t\t<\/div>\n\n\t\t\t\t\t\t\t\t\t\t\t\t\t<div class=\"wd-post-share wd-tltp\">\n\t\t\t\t\t\t\t\t<div class=\"tooltip top\">\n\t\t\t\t\t\t\t\t\t<div class=\"tooltip-inner\">\n\t\t\t\t\t\t\t\t\t\t\t\t\t<link rel=\"stylesheet\" id=\"wd-social-icons-css\" href=\"https:\/\/brmagazine.com.ec\/wp-content\/themes\/woodmart\/css\/parts\/el-social-icons.min.css?ver=8.2.7\" type=\"text\/css\" media=\"all\" \/> \t\t\t\t\t\t<div\n\t\t\t\t\t\tclass=\" wd-social-icons  wd-style-default wd-size-small social-share wd-shape-circle color-scheme-light text-center\">\n\t\t\t\t\n\t\t\t\t\n\t\t\t\t\t\t\t\t\t<a rel=\"noopener noreferrer nofollow\" href=\"https:\/\/www.facebook.com\/sharer\/sharer.php?u=https:\/\/brmagazine.com.ec\/blog\/\" target=\"_blank\" class=\" wd-social-icon social-facebook\" aria-label=\"Facebook social link\">\n\t\t\t\t\t\t<span class=\"wd-icon\"><\/span>\n\t\t\t\t\t\t\t\t\t\t\t<\/a>\n\t\t\t\t\n\t\t\t\t\t\t\t\t\t<a rel=\"noopener noreferrer nofollow\" href=\"https:\/\/x.com\/share?url=https:\/\/brmagazine.com.ec\/blog\/\" target=\"_blank\" class=\" wd-social-icon social-twitter\" aria-label=\"X social link\">\n\t\t\t\t\t\t<span class=\"wd-icon\"><\/span>\n\t\t\t\t\t\t\t\t\t\t\t<\/a>\n\t\t\t\t\n\t\t\t\t\n\t\t\t\t\n\t\t\t\t\n\t\t\t\t\n\t\t\t\t\n\t\t\t\t\t\t\t\t\t<a rel=\"noopener noreferrer nofollow\" href=\"https:\/\/pinterest.com\/pin\/create\/button\/?url=https:\/\/brmagazine.com.ec\/blog\/&media=https:\/\/brmagazine.com.ec\/wp-content\/uploads\/2025\/11\/DSC06354.jpg&description=Lanzamiento+oficial+de+construGO%3A+la+nueva+aplicaci%C3%B3n+que+transforma+la+compra+de+materiales+para+la+construcci%C3%B3n%2C+m%C3%A1s+cerca+de+ti.\" target=\"_blank\" class=\" wd-social-icon social-pinterest\" aria-label=\"Pinterest social link\">\n\t\t\t\t\t\t<span class=\"wd-icon\"><\/span>\n\t\t\t\t\t\t\t\t\t\t\t<\/a>\n\t\t\t\t\n\t\t\t\t\n\t\t\t\t\t\t\t\t\t<a rel=\"noopener noreferrer nofollow\" href=\"https:\/\/www.linkedin.com\/shareArticle?mini=true&url=https:\/\/brmagazine.com.ec\/blog\/\" target=\"_blank\" class=\" wd-social-icon social-linkedin\" aria-label=\"Linkedin social link\">\n\t\t\t\t\t\t<span class=\"wd-icon\"><\/span>\n\t\t\t\t\t\t\t\t\t\t\t<\/a>\n\t\t\t\t\n\t\t\t\t\n\t\t\t\t\n\t\t\t\t\n\t\t\t\t\n\t\t\t\t\n\t\t\t\t\n\t\t\t\t\n\t\t\t\t\n\t\t\t\t\n\t\t\t\t\n\t\t\t\t\n\t\t\t\t\n\t\t\t\t\n\t\t\t\t\n\t\t\t\t\t\t\t\t\t<a rel=\"noopener noreferrer nofollow\" href=\"https:\/\/telegram.me\/share\/url?url=https:\/\/brmagazine.com.ec\/blog\/\" target=\"_blank\" class=\" wd-social-icon social-tg\" aria-label=\"Telegram social link\">\n\t\t\t\t\t\t<span class=\"wd-icon\"><\/span>\n\t\t\t\t\t\t\t\t\t\t\t<\/a>\n\t\t\t\t\n\t\t\t\t\n\t\t\t<\/div>\n\n\t\t\t\t\t\t\t\t\t\t\t<\/div>\n\t\t\t\t\t\t\t\t\t<div class=\"tooltip-arrow\"><\/div>\n\t\t\t\t\t\t\t\t<\/div>\n\t\t\t\t\t\t\t<\/div>\n\t\t\t\t\t\t\n\t\t\t\t\t\t\t\t\t\t\t\t\t\t\t\t<link rel=\"stylesheet\" id=\"wd-blog-mod-comments-button-css\" href=\"https:\/\/brmagazine.com.ec\/wp-content\/themes\/woodmart\/css\/parts\/blog-mod-comments-button.min.css?ver=8.2.7\" type=\"text\/css\" media=\"all\" \/> \t\t\t\t\t\t\t\t\t\t<div class=\"wd-post-reply wd-style-1\">\n\t\t\t\t\t\t\t\t<a href=\"https:\/\/brmagazine.com.ec\/lanzamiento-oficial-de-construgo-la-nueva-aplicacion-que-transforma-la-compra-de-materiales-para-la-construccion-mas-cerca-de-ti\/#respond\"><span class=\"wd-replies-count\">0<\/span><\/a>\t\t\t\t\t\t\t<\/div>\n\t\t\t\t\t\t\t\t\t\t\t<\/div>\n\t\t\t\t\t\t\t\t\t\t\t\t\t<h3 class=\"wd-post-title wd-entities-title title post-title\">\n\t\t\t\t\t\t<a href=\"https:\/\/brmagazine.com.ec\/lanzamiento-oficial-de-construgo-la-nueva-aplicacion-que-transforma-la-compra-de-materiales-para-la-construccion-mas-cerca-de-ti\/\" rel=\"bookmark\">\n\t\t\t\t\t\t\tLanzamiento oficial de construGO: la nueva aplicaci\u00f3n que transforma la compra de materiales para la construcci\u00f3n, m\u00e1s cerca de ti.\t\t\t\t\t\t<\/a>\n\t\t\t\t\t<\/h3>\n\t\t\t\t\t\t\t\t\t\t\t\t\t<div class=\"wd-post-excerpt wd-scroll-content\">\n\t\t\t\t\t\t\t\t\t\t\t\t\tComisariato del Constructor, una empresa ecuatoriana comprometida con la modernizaci\u00f3n y agilizaci\u00f3n de la compra de materiales para proyectos de construcci\u00f3n, presenta la aplicaci\u00f3n construGO. Esta plataforma tiene como objetivo...\t\t\t\t\t\t\t\t\t\t\t<\/div>\n\t\t\t\t\t\t\t<\/div>\n\t\t\t\t\t<\/div>\n\t<\/div>\n<\/article>\n\t\t\t\t\t\t\t\t\t\t\t\n<article id=\"post-6347\" class=\"wd-post blog-design-list blog-post-loop blog-style-flat post-6347 post type-post status-publish format-standard has-post-thumbnail hentry category-sociales pmpro-has-access\">\n\t<div class=\"wd-post-inner\">\n\t\t<div class=\"wd-post-thumb\">\n\t\t\t\t\t\t\t<div class=\"wd-post-img\">\n\t\t\t\t\t<img width=\"1024\" height=\"500\" src=\"https:\/\/brmagazine.com.ec\/wp-content\/uploads\/2025\/11\/EcoTank-Pro-Sakira-1024x500.jpg\" class=\"attachment-large size-large\" alt=\"\" decoding=\"async\" srcset=\"https:\/\/brmagazine.com.ec\/wp-content\/uploads\/2025\/11\/EcoTank-Pro-Sakira-1024x500.jpg 1024w, https:\/\/brmagazine.com.ec\/wp-content\/uploads\/2025\/11\/EcoTank-Pro-Sakira-300x147.jpg 300w, https:\/\/brmagazine.com.ec\/wp-content\/uploads\/2025\/11\/EcoTank-Pro-Sakira-768x375.jpg 768w, https:\/\/brmagazine.com.ec\/wp-content\/uploads\/2025\/11\/EcoTank-Pro-Sakira-1536x751.jpg 1536w, https:\/\/brmagazine.com.ec\/wp-content\/uploads\/2025\/11\/EcoTank-Pro-Sakira-2048x1001.jpg 2048w, https:\/\/brmagazine.com.ec\/wp-content\/uploads\/2025\/11\/EcoTank-Pro-Sakira-18x9.jpg 18w\" sizes=\"(max-width: 1024px) 100vw, 1024px\" \/>\t\t\t\t<\/div>\n\t\t\t\t\t\t\t\t\t\t\t\t<a class=\"wd-post-link wd-fill\" href=\"https:\/\/brmagazine.com.ec\/shakira-se-une-a-la-campana-de-las-nuevas-impresoras-ecotank-pro-de-epson-para-inspirar-a-los-emprendedores\/\" rel=\"bookmark\" aria-label=\"Link on post Shakira se une a la campa\u00f1a de las nuevas impresoras EcoTank Pro de Epson para inspirar a los emprendedores\"><\/a>\n\t\t\t\t\t\t\t<div class=\"wd-post-cat wd-style-with-bg\">\n\t\t\t\t\t<a href=\"https:\/\/brmagazine.com.ec\/category\/sociales\/\" rel=\"category tag\">Sociales<\/a>\t\t\t\t<\/div>\n\t\t\t\t\t<\/div>\n\n\t\t<div class=\"wd-post-content\">\n\t\t\t<div class=\"wd-post-content-inner wd-scroll\">\n\t\t\t\t\t\t\t\t\t<div class=\"wd-post-meta\">\n\t\t\t\t\t\t\t\t\t\t\t\t\t\t\t\t\t\t<div class=\"wd-post-author\">\n\t\t\t\t\t\t\t\t\t\t\t\t<span>Posted by<\/span>\n\t\t\n\t\t\t\t\t<img alt='author-avatar' src='https:\/\/brmagazine.com.ec\/wp-content\/uploads\/2025\/08\/jhon-lopez_avatar-22x22.png' srcset='https:\/\/brmagazine.com.ec\/wp-content\/uploads\/2025\/08\/jhon-lopez_avatar-44x44.png 2x' class='avatar avatar-22 photo' height='22' width='22' loading='lazy' decoding='async'\/>\t\t\n\t\t\t\t\t<a href=\"https:\/\/brmagazine.com.ec\/author\/jhon-lopez\/\" class=\"author\" rel=\"author\">Jhon L\u00f3pez (Soporte Br)<\/a>\n\t\t\t\t\t\t\t\t\t\t<\/div>\n\t\t\t\t\t\t<div class=\"wd-modified-date\">\n\t\t\t\t\t\t\t\t\t<time class=\"updated\" datetime=\"2025-11-24T12:58:48-05:00\">\n\t\t\tnoviembre 24, 2025\t\t<\/time>\n\t\t\t\t\t\t\t\t<\/div>\n\n\t\t\t\t\t\t\t\t\t\t\t\t\t<div class=\"wd-post-share wd-tltp\">\n\t\t\t\t\t\t\t\t<div class=\"tooltip top\">\n\t\t\t\t\t\t\t\t\t<div class=\"tooltip-inner\">\n\t\t\t\t\t\t\t\t\t\t\t\t\t<div\n\t\t\t\t\t\tclass=\" wd-social-icons  wd-style-default wd-size-small social-share wd-shape-circle color-scheme-light text-center\">\n\t\t\t\t\n\t\t\t\t\n\t\t\t\t\t\t\t\t\t<a rel=\"noopener noreferrer nofollow\" href=\"https:\/\/www.facebook.com\/sharer\/sharer.php?u=https:\/\/brmagazine.com.ec\/blog\/\" target=\"_blank\" class=\" wd-social-icon social-facebook\" aria-label=\"Facebook social link\">\n\t\t\t\t\t\t<span class=\"wd-icon\"><\/span>\n\t\t\t\t\t\t\t\t\t\t\t<\/a>\n\t\t\t\t\n\t\t\t\t\t\t\t\t\t<a rel=\"noopener noreferrer nofollow\" href=\"https:\/\/x.com\/share?url=https:\/\/brmagazine.com.ec\/blog\/\" target=\"_blank\" class=\" wd-social-icon social-twitter\" aria-label=\"X social link\">\n\t\t\t\t\t\t<span class=\"wd-icon\"><\/span>\n\t\t\t\t\t\t\t\t\t\t\t<\/a>\n\t\t\t\t\n\t\t\t\t\n\t\t\t\t\n\t\t\t\t\n\t\t\t\t\n\t\t\t\t\n\t\t\t\t\t\t\t\t\t<a rel=\"noopener noreferrer nofollow\" href=\"https:\/\/pinterest.com\/pin\/create\/button\/?url=https:\/\/brmagazine.com.ec\/blog\/&media=https:\/\/brmagazine.com.ec\/wp-content\/uploads\/2025\/11\/EcoTank-Pro-Sakira-scaled.jpg&description=Shakira+se+une+a+la+campa%C3%B1a+de+las+nuevas+impresoras+EcoTank+Pro+de+Epson+para+inspirar+a+los+emprendedores\" target=\"_blank\" class=\" wd-social-icon social-pinterest\" aria-label=\"Pinterest social link\">\n\t\t\t\t\t\t<span class=\"wd-icon\"><\/span>\n\t\t\t\t\t\t\t\t\t\t\t<\/a>\n\t\t\t\t\n\t\t\t\t\n\t\t\t\t\t\t\t\t\t<a rel=\"noopener noreferrer nofollow\" href=\"https:\/\/www.linkedin.com\/shareArticle?mini=true&url=https:\/\/brmagazine.com.ec\/blog\/\" target=\"_blank\" class=\" wd-social-icon social-linkedin\" aria-label=\"Linkedin social link\">\n\t\t\t\t\t\t<span class=\"wd-icon\"><\/span>\n\t\t\t\t\t\t\t\t\t\t\t<\/a>\n\t\t\t\t\n\t\t\t\t\n\t\t\t\t\n\t\t\t\t\n\t\t\t\t\n\t\t\t\t\n\t\t\t\t\n\t\t\t\t\n\t\t\t\t\n\t\t\t\t\n\t\t\t\t\n\t\t\t\t\n\t\t\t\t\n\t\t\t\t\n\t\t\t\t\n\t\t\t\t\t\t\t\t\t<a rel=\"noopener noreferrer nofollow\" href=\"https:\/\/telegram.me\/share\/url?url=https:\/\/brmagazine.com.ec\/blog\/\" target=\"_blank\" class=\" wd-social-icon social-tg\" aria-label=\"Telegram social link\">\n\t\t\t\t\t\t<span class=\"wd-icon\"><\/span>\n\t\t\t\t\t\t\t\t\t\t\t<\/a>\n\t\t\t\t\n\t\t\t\t\n\t\t\t<\/div>\n\n\t\t\t\t\t\t\t\t\t\t\t<\/div>\n\t\t\t\t\t\t\t\t\t<div class=\"tooltip-arrow\"><\/div>\n\t\t\t\t\t\t\t\t<\/div>\n\t\t\t\t\t\t\t<\/div>\n\t\t\t\t\t\t\n\t\t\t\t\t\t\t\t\t\t\t\t\t\t\t\t\t\t\t\t<div class=\"wd-post-reply wd-style-1\">\n\t\t\t\t\t\t\t\t<a href=\"https:\/\/brmagazine.com.ec\/shakira-se-une-a-la-campana-de-las-nuevas-impresoras-ecotank-pro-de-epson-para-inspirar-a-los-emprendedores\/#respond\"><span class=\"wd-replies-count\">0<\/span><\/a>\t\t\t\t\t\t\t<\/div>\n\t\t\t\t\t\t\t\t\t\t\t<\/div>\n\t\t\t\t\t\t\t\t\t\t\t\t\t<h3 class=\"wd-post-title wd-entities-title title post-title\">\n\t\t\t\t\t\t<a href=\"https:\/\/brmagazine.com.ec\/shakira-se-une-a-la-campana-de-las-nuevas-impresoras-ecotank-pro-de-epson-para-inspirar-a-los-emprendedores\/\" rel=\"bookmark\">\n\t\t\t\t\t\t\tShakira se une a la campa\u00f1a de las nuevas impresoras EcoTank Pro de Epson para inspirar a los emprendedores\t\t\t\t\t\t<\/a>\n\t\t\t\t\t<\/h3>\n\t\t\t\t\t\t\t\t\t\t\t\t\t<div class=\"wd-post-excerpt wd-scroll-content\">\n\t\t\t\t\t\t\t\t\t\t\t\t\tPara quien decide emprender, la creatividad es el motor y la constancia es el combustible. Con ese mismo esp\u00edritu, Epson, l\u00edder mundial en tecnolog\u00eda, anuncia una inspiradora alianza con la...\t\t\t\t\t\t\t\t\t\t\t<\/div>\n\t\t\t\t\t\t\t<\/div>\n\t\t\t\t\t<\/div>\n\t<\/div>\n<\/article>\n\t\t\t\t\t\t\t\t\t\t\t\n<article id=\"post-6344\" class=\"wd-post blog-design-list blog-post-loop blog-style-flat post-6344 post type-post status-publish format-standard has-post-thumbnail hentry category-sociales pmpro-has-access\">\n\t<div class=\"wd-post-inner\">\n\t\t<div class=\"wd-post-thumb\">\n\t\t\t\t\t\t\t<div class=\"wd-post-img\">\n\t\t\t\t\t<img width=\"640\" height=\"330\" src=\"https:\/\/brmagazine.com.ec\/wp-content\/uploads\/2025\/11\/ecuador_y_eeuu_vi208496_mg8788957.webp\" class=\"attachment-large size-large\" alt=\"\" decoding=\"async\" loading=\"lazy\" srcset=\"https:\/\/brmagazine.com.ec\/wp-content\/uploads\/2025\/11\/ecuador_y_eeuu_vi208496_mg8788957.webp 640w, https:\/\/brmagazine.com.ec\/wp-content\/uploads\/2025\/11\/ecuador_y_eeuu_vi208496_mg8788957-300x155.webp 300w, https:\/\/brmagazine.com.ec\/wp-content\/uploads\/2025\/11\/ecuador_y_eeuu_vi208496_mg8788957-18x9.webp 18w\" sizes=\"auto, (max-width: 640px) 100vw, 640px\" \/>\t\t\t\t<\/div>\n\t\t\t\t\t\t\t\t\t\t\t\t<a class=\"wd-post-link wd-fill\" href=\"https:\/\/brmagazine.com.ec\/ecuador-y-ee-uu-alcanzan-un-nuevo-acuerdo-comercial-grandes-oportunidades-para-el-oro-y-el-sector-de-la-construccion\/\" rel=\"bookmark\" aria-label=\"Link on post Ecuador y EE. UU. alcanzan un nuevo acuerdo comercial: grandes oportunidades para El Oro y el sector de la construcci\u00f3n\"><\/a>\n\t\t\t\t\t\t\t<div class=\"wd-post-cat wd-style-with-bg\">\n\t\t\t\t\t<a href=\"https:\/\/brmagazine.com.ec\/category\/sociales\/\" rel=\"category tag\">Sociales<\/a>\t\t\t\t<\/div>\n\t\t\t\t\t<\/div>\n\n\t\t<div class=\"wd-post-content\">\n\t\t\t<div class=\"wd-post-content-inner wd-scroll\">\n\t\t\t\t\t\t\t\t\t<div class=\"wd-post-meta\">\n\t\t\t\t\t\t\t\t\t\t\t\t\t\t\t\t\t\t<div class=\"wd-post-author\">\n\t\t\t\t\t\t\t\t\t\t\t\t<span>Posted by<\/span>\n\t\t\n\t\t\t\t\t<img alt='author-avatar' src='https:\/\/brmagazine.com.ec\/wp-content\/uploads\/2025\/08\/jhon-lopez_avatar-22x22.png' srcset='https:\/\/brmagazine.com.ec\/wp-content\/uploads\/2025\/08\/jhon-lopez_avatar-44x44.png 2x' class='avatar avatar-22 photo' height='22' width='22' loading='lazy' decoding='async'\/>\t\t\n\t\t\t\t\t<a href=\"https:\/\/brmagazine.com.ec\/author\/jhon-lopez\/\" class=\"author\" rel=\"author\">Jhon L\u00f3pez (Soporte Br)<\/a>\n\t\t\t\t\t\t\t\t\t\t<\/div>\n\t\t\t\t\t\t<div class=\"wd-modified-date\">\n\t\t\t\t\t\t\t\t\t<time class=\"updated\" datetime=\"2025-11-24T12:53:15-05:00\">\n\t\t\tnoviembre 24, 2025\t\t<\/time>\n\t\t\t\t\t\t\t\t<\/div>\n\n\t\t\t\t\t\t\t\t\t\t\t\t\t<div class=\"wd-post-share wd-tltp\">\n\t\t\t\t\t\t\t\t<div class=\"tooltip top\">\n\t\t\t\t\t\t\t\t\t<div class=\"tooltip-inner\">\n\t\t\t\t\t\t\t\t\t\t\t\t\t<div\n\t\t\t\t\t\tclass=\" wd-social-icons  wd-style-default wd-size-small social-share wd-shape-circle color-scheme-light text-center\">\n\t\t\t\t\n\t\t\t\t\n\t\t\t\t\t\t\t\t\t<a rel=\"noopener noreferrer nofollow\" href=\"https:\/\/www.facebook.com\/sharer\/sharer.php?u=https:\/\/brmagazine.com.ec\/blog\/\" target=\"_blank\" class=\" wd-social-icon social-facebook\" aria-label=\"Facebook social link\">\n\t\t\t\t\t\t<span class=\"wd-icon\"><\/span>\n\t\t\t\t\t\t\t\t\t\t\t<\/a>\n\t\t\t\t\n\t\t\t\t\t\t\t\t\t<a rel=\"noopener noreferrer nofollow\" href=\"https:\/\/x.com\/share?url=https:\/\/brmagazine.com.ec\/blog\/\" target=\"_blank\" class=\" wd-social-icon social-twitter\" aria-label=\"X social link\">\n\t\t\t\t\t\t<span class=\"wd-icon\"><\/span>\n\t\t\t\t\t\t\t\t\t\t\t<\/a>\n\t\t\t\t\n\t\t\t\t\n\t\t\t\t\n\t\t\t\t\n\t\t\t\t\n\t\t\t\t\n\t\t\t\t\t\t\t\t\t<a rel=\"noopener noreferrer nofollow\" href=\"https:\/\/pinterest.com\/pin\/create\/button\/?url=https:\/\/brmagazine.com.ec\/blog\/&media=https:\/\/brmagazine.com.ec\/wp-content\/uploads\/2025\/11\/ecuador_y_eeuu_vi208496_mg8788957.webp&description=Ecuador+y+EE.+UU.+alcanzan+un+nuevo+acuerdo+comercial%3A+grandes+oportunidades+para+El+Oro+y+el+sector+de+la+construcci%C3%B3n\" target=\"_blank\" class=\" wd-social-icon social-pinterest\" aria-label=\"Pinterest social link\">\n\t\t\t\t\t\t<span class=\"wd-icon\"><\/span>\n\t\t\t\t\t\t\t\t\t\t\t<\/a>\n\t\t\t\t\n\t\t\t\t\n\t\t\t\t\t\t\t\t\t<a rel=\"noopener noreferrer nofollow\" href=\"https:\/\/www.linkedin.com\/shareArticle?mini=true&url=https:\/\/brmagazine.com.ec\/blog\/\" target=\"_blank\" class=\" wd-social-icon social-linkedin\" aria-label=\"Linkedin social link\">\n\t\t\t\t\t\t<span class=\"wd-icon\"><\/span>\n\t\t\t\t\t\t\t\t\t\t\t<\/a>\n\t\t\t\t\n\t\t\t\t\n\t\t\t\t\n\t\t\t\t\n\t\t\t\t\n\t\t\t\t\n\t\t\t\t\n\t\t\t\t\n\t\t\t\t\n\t\t\t\t\n\t\t\t\t\n\t\t\t\t\n\t\t\t\t\n\t\t\t\t\n\t\t\t\t\n\t\t\t\t\t\t\t\t\t<a rel=\"noopener noreferrer nofollow\" href=\"https:\/\/telegram.me\/share\/url?url=https:\/\/brmagazine.com.ec\/blog\/\" target=\"_blank\" class=\" wd-social-icon social-tg\" aria-label=\"Telegram social link\">\n\t\t\t\t\t\t<span class=\"wd-icon\"><\/span>\n\t\t\t\t\t\t\t\t\t\t\t<\/a>\n\t\t\t\t\n\t\t\t\t\n\t\t\t<\/div>\n\n\t\t\t\t\t\t\t\t\t\t\t<\/div>\n\t\t\t\t\t\t\t\t\t<div class=\"tooltip-arrow\"><\/div>\n\t\t\t\t\t\t\t\t<\/div>\n\t\t\t\t\t\t\t<\/div>\n\t\t\t\t\t\t\n\t\t\t\t\t\t\t\t\t\t\t\t\t\t\t\t\t\t\t\t<div class=\"wd-post-reply wd-style-1\">\n\t\t\t\t\t\t\t\t<a href=\"https:\/\/brmagazine.com.ec\/ecuador-y-ee-uu-alcanzan-un-nuevo-acuerdo-comercial-grandes-oportunidades-para-el-oro-y-el-sector-de-la-construccion\/#respond\"><span class=\"wd-replies-count\">0<\/span><\/a>\t\t\t\t\t\t\t<\/div>\n\t\t\t\t\t\t\t\t\t\t\t<\/div>\n\t\t\t\t\t\t\t\t\t\t\t\t\t<h3 class=\"wd-post-title wd-entities-title title post-title\">\n\t\t\t\t\t\t<a href=\"https:\/\/brmagazine.com.ec\/ecuador-y-ee-uu-alcanzan-un-nuevo-acuerdo-comercial-grandes-oportunidades-para-el-oro-y-el-sector-de-la-construccion\/\" rel=\"bookmark\">\n\t\t\t\t\t\t\tEcuador y EE. UU. alcanzan un nuevo acuerdo comercial: grandes oportunidades para El Oro y el sector de la construcci\u00f3n\t\t\t\t\t\t<\/a>\n\t\t\t\t\t<\/h3>\n\t\t\t\t\t\t\t\t\t\t\t\t\t<div class=\"wd-post-excerpt wd-scroll-content\">\n\t\t\t\t\t\t\t\t\t\t\t\t\tLa C\u00e1mara de la Construcci\u00f3n de Machala (CCM) destaca el reciente anuncio del Gobierno Nacional sobre la\u00a0eliminaci\u00f3n del arancel del 15% aplicado a 105 productos ecuatorianos por parte de Estados...\t\t\t\t\t\t\t\t\t\t\t<\/div>\n\t\t\t\t\t\t\t<\/div>\n\t\t\t\t\t<\/div>\n\t<\/div>\n<\/article>\n\t\t\t\t\t\t\t\t\t\t\t\n<article id=\"post-6338\" class=\"wd-post blog-design-list blog-post-loop blog-style-flat post-6338 post type-post status-publish format-standard has-post-thumbnail hentry category-sociales pmpro-has-access\">\n\t<div class=\"wd-post-inner\">\n\t\t<div class=\"wd-post-thumb\">\n\t\t\t\t\t\t\t<div class=\"wd-post-img\">\n\t\t\t\t\t<img width=\"736\" height=\"997\" src=\"https:\/\/brmagazine.com.ec\/wp-content\/uploads\/2025\/11\/WhatsApp-Image-2025-11-14-at-3.11.54-PM-1.jpeg\" class=\"attachment-large size-large\" alt=\"\" decoding=\"async\" loading=\"lazy\" srcset=\"https:\/\/brmagazine.com.ec\/wp-content\/uploads\/2025\/11\/WhatsApp-Image-2025-11-14-at-3.11.54-PM-1.jpeg 736w, https:\/\/brmagazine.com.ec\/wp-content\/uploads\/2025\/11\/WhatsApp-Image-2025-11-14-at-3.11.54-PM-1-221x300.jpeg 221w, https:\/\/brmagazine.com.ec\/wp-content\/uploads\/2025\/11\/WhatsApp-Image-2025-11-14-at-3.11.54-PM-1-9x12.jpeg 9w\" sizes=\"auto, (max-width: 736px) 100vw, 736px\" \/>\t\t\t\t<\/div>\n\t\t\t\t\t\t\t\t\t\t\t\t<a class=\"wd-post-link wd-fill\" href=\"https:\/\/brmagazine.com.ec\/interiorismo-con-alma-texturas-y-colores-que-dominaran-el-2026\/\" rel=\"bookmark\" aria-label=\"Link on post Interiorismo con alma: texturas y colores que dominar\u00e1n el 2026\"><\/a>\n\t\t\t\t\t\t\t<div class=\"wd-post-cat wd-style-with-bg\">\n\t\t\t\t\t<a href=\"https:\/\/brmagazine.com.ec\/category\/sociales\/\" rel=\"category tag\">Sociales<\/a>\t\t\t\t<\/div>\n\t\t\t\t\t<\/div>\n\n\t\t<div class=\"wd-post-content\">\n\t\t\t<div class=\"wd-post-content-inner wd-scroll\">\n\t\t\t\t\t\t\t\t\t<div class=\"wd-post-meta\">\n\t\t\t\t\t\t\t\t\t\t\t\t\t\t\t\t\t\t<div class=\"wd-post-author\">\n\t\t\t\t\t\t\t\t\t\t\t\t<span>Posted by<\/span>\n\t\t\n\t\t\t\t\t<img alt='author-avatar' src='https:\/\/brmagazine.com.ec\/wp-content\/uploads\/2025\/08\/jhon-lopez_avatar-22x22.png' srcset='https:\/\/brmagazine.com.ec\/wp-content\/uploads\/2025\/08\/jhon-lopez_avatar-44x44.png 2x' class='avatar avatar-22 photo' height='22' width='22' loading='lazy' decoding='async'\/>\t\t\n\t\t\t\t\t<a href=\"https:\/\/brmagazine.com.ec\/author\/jhon-lopez\/\" class=\"author\" rel=\"author\">Jhon L\u00f3pez (Soporte Br)<\/a>\n\t\t\t\t\t\t\t\t\t\t<\/div>\n\t\t\t\t\t\t<div class=\"wd-modified-date\">\n\t\t\t\t\t\t\t\t\t<time class=\"updated\" datetime=\"2025-11-21T10:17:56-05:00\">\n\t\t\tnoviembre 21, 2025\t\t<\/time>\n\t\t\t\t\t\t\t\t<\/div>\n\n\t\t\t\t\t\t\t\t\t\t\t\t\t<div class=\"wd-post-share wd-tltp\">\n\t\t\t\t\t\t\t\t<div class=\"tooltip top\">\n\t\t\t\t\t\t\t\t\t<div class=\"tooltip-inner\">\n\t\t\t\t\t\t\t\t\t\t\t\t\t<div\n\t\t\t\t\t\tclass=\" wd-social-icons  wd-style-default wd-size-small social-share wd-shape-circle color-scheme-light text-center\">\n\t\t\t\t\n\t\t\t\t\n\t\t\t\t\t\t\t\t\t<a rel=\"noopener noreferrer nofollow\" href=\"https:\/\/www.facebook.com\/sharer\/sharer.php?u=https:\/\/brmagazine.com.ec\/blog\/\" target=\"_blank\" class=\" wd-social-icon social-facebook\" aria-label=\"Facebook social link\">\n\t\t\t\t\t\t<span class=\"wd-icon\"><\/span>\n\t\t\t\t\t\t\t\t\t\t\t<\/a>\n\t\t\t\t\n\t\t\t\t\t\t\t\t\t<a rel=\"noopener noreferrer nofollow\" href=\"https:\/\/x.com\/share?url=https:\/\/brmagazine.com.ec\/blog\/\" target=\"_blank\" class=\" wd-social-icon social-twitter\" aria-label=\"X social link\">\n\t\t\t\t\t\t<span class=\"wd-icon\"><\/span>\n\t\t\t\t\t\t\t\t\t\t\t<\/a>\n\t\t\t\t\n\t\t\t\t\n\t\t\t\t\n\t\t\t\t\n\t\t\t\t\n\t\t\t\t\n\t\t\t\t\t\t\t\t\t<a rel=\"noopener noreferrer nofollow\" href=\"https:\/\/pinterest.com\/pin\/create\/button\/?url=https:\/\/brmagazine.com.ec\/blog\/&media=https:\/\/brmagazine.com.ec\/wp-content\/uploads\/2025\/11\/WhatsApp-Image-2025-11-14-at-3.11.54-PM-1.jpeg&description=Interiorismo+con+alma%3A+texturas+y+colores+que+dominar%C3%A1n+el+2026\" target=\"_blank\" class=\" wd-social-icon social-pinterest\" aria-label=\"Pinterest social link\">\n\t\t\t\t\t\t<span class=\"wd-icon\"><\/span>\n\t\t\t\t\t\t\t\t\t\t\t<\/a>\n\t\t\t\t\n\t\t\t\t\n\t\t\t\t\t\t\t\t\t<a rel=\"noopener noreferrer nofollow\" href=\"https:\/\/www.linkedin.com\/shareArticle?mini=true&url=https:\/\/brmagazine.com.ec\/blog\/\" target=\"_blank\" class=\" wd-social-icon social-linkedin\" aria-label=\"Linkedin social link\">\n\t\t\t\t\t\t<span class=\"wd-icon\"><\/span>\n\t\t\t\t\t\t\t\t\t\t\t<\/a>\n\t\t\t\t\n\t\t\t\t\n\t\t\t\t\n\t\t\t\t\n\t\t\t\t\n\t\t\t\t\n\t\t\t\t\n\t\t\t\t\n\t\t\t\t\n\t\t\t\t\n\t\t\t\t\n\t\t\t\t\n\t\t\t\t\n\t\t\t\t\n\t\t\t\t\n\t\t\t\t\t\t\t\t\t<a rel=\"noopener noreferrer nofollow\" href=\"https:\/\/telegram.me\/share\/url?url=https:\/\/brmagazine.com.ec\/blog\/\" target=\"_blank\" class=\" wd-social-icon social-tg\" aria-label=\"Telegram social link\">\n\t\t\t\t\t\t<span class=\"wd-icon\"><\/span>\n\t\t\t\t\t\t\t\t\t\t\t<\/a>\n\t\t\t\t\n\t\t\t\t\n\t\t\t<\/div>\n\n\t\t\t\t\t\t\t\t\t\t\t<\/div>\n\t\t\t\t\t\t\t\t\t<div class=\"tooltip-arrow\"><\/div>\n\t\t\t\t\t\t\t\t<\/div>\n\t\t\t\t\t\t\t<\/div>\n\t\t\t\t\t\t\n\t\t\t\t\t\t\t\t\t\t\t\t\t\t\t\t\t\t\t\t<div class=\"wd-post-reply wd-style-1\">\n\t\t\t\t\t\t\t\t<a href=\"https:\/\/brmagazine.com.ec\/interiorismo-con-alma-texturas-y-colores-que-dominaran-el-2026\/#respond\"><span class=\"wd-replies-count\">0<\/span><\/a>\t\t\t\t\t\t\t<\/div>\n\t\t\t\t\t\t\t\t\t\t\t<\/div>\n\t\t\t\t\t\t\t\t\t\t\t\t\t<h3 class=\"wd-post-title wd-entities-title title post-title\">\n\t\t\t\t\t\t<a href=\"https:\/\/brmagazine.com.ec\/interiorismo-con-alma-texturas-y-colores-que-dominaran-el-2026\/\" rel=\"bookmark\">\n\t\t\t\t\t\t\tInteriorismo con alma: texturas y colores que dominar\u00e1n el 2026\t\t\t\t\t\t<\/a>\n\t\t\t\t\t<\/h3>\n\t\t\t\t\t\t\t\t\t\t\t\t\t<div class=\"wd-post-excerpt wd-scroll-content\">\n\t\t\t\t\t\t\t\t\t\t\t\t\tEl dise\u00f1o de interiores est\u00e1 evolucionando hacia una nueva etapa donde la calidez, la autenticidad y la conexi\u00f3n emocional con los espacios se vuelven protagonistas. En 2026, las tendencias de...\t\t\t\t\t\t\t\t\t\t\t<\/div>\n\t\t\t\t\t\t\t<\/div>\n\t\t\t\t\t<\/div>\n\t<\/div>\n<\/article>\n\t\t\t\t\t\t\t\t\t\t\t\n<article id=\"post-6334\" class=\"wd-post blog-design-list blog-post-loop blog-style-flat post-6334 post type-post status-publish format-standard has-post-thumbnail hentry category-arquitectura-urbanismo pmpro-has-access\">\n\t<div class=\"wd-post-inner\">\n\t\t<div class=\"wd-post-thumb\">\n\t\t\t\t\t\t\t<div class=\"wd-post-img\">\n\t\t\t\t\t<img width=\"768\" height=\"1024\" src=\"https:\/\/brmagazine.com.ec\/wp-content\/uploads\/2025\/11\/WhatsApp-Image-2025-11-13-at-12.32.26-PM-768x1024.jpeg\" class=\"attachment-large size-large\" alt=\"\" decoding=\"async\" loading=\"lazy\" srcset=\"https:\/\/brmagazine.com.ec\/wp-content\/uploads\/2025\/11\/WhatsApp-Image-2025-11-13-at-12.32.26-PM-768x1024.jpeg 768w, https:\/\/brmagazine.com.ec\/wp-content\/uploads\/2025\/11\/WhatsApp-Image-2025-11-13-at-12.32.26-PM-225x300.jpeg 225w, https:\/\/brmagazine.com.ec\/wp-content\/uploads\/2025\/11\/WhatsApp-Image-2025-11-13-at-12.32.26-PM-9x12.jpeg 9w, https:\/\/brmagazine.com.ec\/wp-content\/uploads\/2025\/11\/WhatsApp-Image-2025-11-13-at-12.32.26-PM.jpeg 960w\" sizes=\"auto, (max-width: 768px) 100vw, 768px\" \/>\t\t\t\t<\/div>\n\t\t\t\t\t\t\t\t\t\t\t\t<a class=\"wd-post-link wd-fill\" href=\"https:\/\/brmagazine.com.ec\/eternit-es-mas-que-techos-la-nueva-campana-que-busca-posicionar-el-portafolio-integral-de-la-empresa\/\" rel=\"bookmark\" aria-label=\"Link on post \u201cEternit es m\u00e1s\u201d que techos, la nueva campa\u00f1a que busca posicionar el portafolio integral de la empresa\"><\/a>\n\t\t\t\t\t\t\t<div class=\"wd-post-cat wd-style-with-bg\">\n\t\t\t\t\t<a href=\"https:\/\/brmagazine.com.ec\/category\/arquitectura-urbanismo\/\" rel=\"category tag\">Arquitectura y Urbanismo<\/a>\t\t\t\t<\/div>\n\t\t\t\t\t<\/div>\n\n\t\t<div class=\"wd-post-content\">\n\t\t\t<div class=\"wd-post-content-inner wd-scroll\">\n\t\t\t\t\t\t\t\t\t<div class=\"wd-post-meta\">\n\t\t\t\t\t\t\t\t\t\t\t\t\t\t\t\t\t\t<div class=\"wd-post-author\">\n\t\t\t\t\t\t\t\t\t\t\t\t<span>Posted by<\/span>\n\t\t\n\t\t\t\t\t<img alt='author-avatar' src='https:\/\/brmagazine.com.ec\/wp-content\/uploads\/2025\/08\/jhon-lopez_avatar-22x22.png' srcset='https:\/\/brmagazine.com.ec\/wp-content\/uploads\/2025\/08\/jhon-lopez_avatar-44x44.png 2x' class='avatar avatar-22 photo' height='22' width='22' loading='lazy' decoding='async'\/>\t\t\n\t\t\t\t\t<a href=\"https:\/\/brmagazine.com.ec\/author\/jhon-lopez\/\" class=\"author\" rel=\"author\">Jhon L\u00f3pez (Soporte Br)<\/a>\n\t\t\t\t\t\t\t\t\t\t<\/div>\n\t\t\t\t\t\t<div class=\"wd-modified-date\">\n\t\t\t\t\t\t\t\t\t<time class=\"updated\" datetime=\"2025-11-19T15:50:14-05:00\">\n\t\t\tnoviembre 19, 2025\t\t<\/time>\n\t\t\t\t\t\t\t\t<\/div>\n\n\t\t\t\t\t\t\t\t\t\t\t\t\t<div class=\"wd-post-share wd-tltp\">\n\t\t\t\t\t\t\t\t<div class=\"tooltip top\">\n\t\t\t\t\t\t\t\t\t<div class=\"tooltip-inner\">\n\t\t\t\t\t\t\t\t\t\t\t\t\t<div\n\t\t\t\t\t\tclass=\" wd-social-icons  wd-style-default wd-size-small social-share wd-shape-circle color-scheme-light text-center\">\n\t\t\t\t\n\t\t\t\t\n\t\t\t\t\t\t\t\t\t<a rel=\"noopener noreferrer nofollow\" href=\"https:\/\/www.facebook.com\/sharer\/sharer.php?u=https:\/\/brmagazine.com.ec\/blog\/\" target=\"_blank\" class=\" wd-social-icon social-facebook\" aria-label=\"Facebook social link\">\n\t\t\t\t\t\t<span class=\"wd-icon\"><\/span>\n\t\t\t\t\t\t\t\t\t\t\t<\/a>\n\t\t\t\t\n\t\t\t\t\t\t\t\t\t<a rel=\"noopener noreferrer nofollow\" href=\"https:\/\/x.com\/share?url=https:\/\/brmagazine.com.ec\/blog\/\" target=\"_blank\" class=\" wd-social-icon social-twitter\" aria-label=\"X social link\">\n\t\t\t\t\t\t<span class=\"wd-icon\"><\/span>\n\t\t\t\t\t\t\t\t\t\t\t<\/a>\n\t\t\t\t\n\t\t\t\t\n\t\t\t\t\n\t\t\t\t\n\t\t\t\t\n\t\t\t\t\n\t\t\t\t\t\t\t\t\t<a rel=\"noopener noreferrer nofollow\" href=\"https:\/\/pinterest.com\/pin\/create\/button\/?url=https:\/\/brmagazine.com.ec\/blog\/&media=https:\/\/brmagazine.com.ec\/wp-content\/uploads\/2025\/11\/WhatsApp-Image-2025-11-13-at-12.32.26-PM.jpeg&description=%E2%80%9CEternit+es+m%C3%A1s%E2%80%9D+que+techos%2C+la+nueva+campa%C3%B1a+que+busca+posicionar+el+portafolio+integral+de+la+empresa\" target=\"_blank\" class=\" wd-social-icon social-pinterest\" aria-label=\"Pinterest social link\">\n\t\t\t\t\t\t<span class=\"wd-icon\"><\/span>\n\t\t\t\t\t\t\t\t\t\t\t<\/a>\n\t\t\t\t\n\t\t\t\t\n\t\t\t\t\t\t\t\t\t<a rel=\"noopener noreferrer nofollow\" href=\"https:\/\/www.linkedin.com\/shareArticle?mini=true&url=https:\/\/brmagazine.com.ec\/blog\/\" target=\"_blank\" class=\" wd-social-icon social-linkedin\" aria-label=\"Linkedin social link\">\n\t\t\t\t\t\t<span class=\"wd-icon\"><\/span>\n\t\t\t\t\t\t\t\t\t\t\t<\/a>\n\t\t\t\t\n\t\t\t\t\n\t\t\t\t\n\t\t\t\t\n\t\t\t\t\n\t\t\t\t\n\t\t\t\t\n\t\t\t\t\n\t\t\t\t\n\t\t\t\t\n\t\t\t\t\n\t\t\t\t\n\t\t\t\t\n\t\t\t\t\n\t\t\t\t\n\t\t\t\t\t\t\t\t\t<a rel=\"noopener noreferrer nofollow\" href=\"https:\/\/telegram.me\/share\/url?url=https:\/\/brmagazine.com.ec\/blog\/\" target=\"_blank\" class=\" wd-social-icon social-tg\" aria-label=\"Telegram social link\">\n\t\t\t\t\t\t<span class=\"wd-icon\"><\/span>\n\t\t\t\t\t\t\t\t\t\t\t<\/a>\n\t\t\t\t\n\t\t\t\t\n\t\t\t<\/div>\n\n\t\t\t\t\t\t\t\t\t\t\t<\/div>\n\t\t\t\t\t\t\t\t\t<div class=\"tooltip-arrow\"><\/div>\n\t\t\t\t\t\t\t\t<\/div>\n\t\t\t\t\t\t\t<\/div>\n\t\t\t\t\t\t\n\t\t\t\t\t\t\t\t\t\t\t\t\t\t\t\t\t\t\t\t<div class=\"wd-post-reply wd-style-1\">\n\t\t\t\t\t\t\t\t<a href=\"https:\/\/brmagazine.com.ec\/eternit-es-mas-que-techos-la-nueva-campana-que-busca-posicionar-el-portafolio-integral-de-la-empresa\/#respond\"><span class=\"wd-replies-count\">0<\/span><\/a>\t\t\t\t\t\t\t<\/div>\n\t\t\t\t\t\t\t\t\t\t\t<\/div>\n\t\t\t\t\t\t\t\t\t\t\t\t\t<h3 class=\"wd-post-title wd-entities-title title post-title\">\n\t\t\t\t\t\t<a href=\"https:\/\/brmagazine.com.ec\/eternit-es-mas-que-techos-la-nueva-campana-que-busca-posicionar-el-portafolio-integral-de-la-empresa\/\" rel=\"bookmark\">\n\t\t\t\t\t\t\t\u201cEternit es m\u00e1s\u201d que techos, la nueva campa\u00f1a que busca posicionar el portafolio integral de la empresa\t\t\t\t\t\t<\/a>\n\t\t\t\t\t<\/h3>\n\t\t\t\t\t\t\t\t\t\t\t\t\t<div class=\"wd-post-excerpt wd-scroll-content\">\n\t\t\t\t\t\t\t\t\t\t\t\t\tQuito, noviembre 2025.- Eternit Ecuador inicia una nueva etapa en su evoluci\u00f3n. A trav\u00e9s del lanzamiento de su campa\u00f1a corporativa: \u201cEternit es M\u00e1s\u201d, ahora la empresa emprende la misi\u00f3n de...\t\t\t\t\t\t\t\t\t\t\t<\/div>\n\t\t\t\t\t\t\t<\/div>\n\t\t\t\t\t<\/div>\n\t<\/div>\n<\/article>\n\t\t\t\t\t\t\t\t\t\t\t\n<article id=\"post-6288\" class=\"wd-post blog-design-list blog-post-loop blog-style-flat post-6288 post type-post status-publish format-standard has-post-thumbnail hentry category-eventos-y-premios-br pmpro-has-access\">\n\t<div class=\"wd-post-inner\">\n\t\t<div class=\"wd-post-thumb\">\n\t\t\t\t\t\t\t<div class=\"wd-post-img\">\n\t\t\t\t\t<img width=\"1024\" height=\"683\" src=\"https:\/\/brmagazine.com.ec\/wp-content\/uploads\/2025\/11\/DSC09516-1024x683.jpg\" class=\"attachment-large size-large\" alt=\"\" decoding=\"async\" loading=\"lazy\" srcset=\"https:\/\/brmagazine.com.ec\/wp-content\/uploads\/2025\/11\/DSC09516-1024x683.jpg 1024w, https:\/\/brmagazine.com.ec\/wp-content\/uploads\/2025\/11\/DSC09516-300x200.jpg 300w, https:\/\/brmagazine.com.ec\/wp-content\/uploads\/2025\/11\/DSC09516-768x512.jpg 768w, https:\/\/brmagazine.com.ec\/wp-content\/uploads\/2025\/11\/DSC09516-1536x1024.jpg 1536w, https:\/\/brmagazine.com.ec\/wp-content\/uploads\/2025\/11\/DSC09516-2048x1365.jpg 2048w, https:\/\/brmagazine.com.ec\/wp-content\/uploads\/2025\/11\/DSC09516-18x12.jpg 18w\" sizes=\"auto, (max-width: 1024px) 100vw, 1024px\" \/>\t\t\t\t<\/div>\n\t\t\t\t\t\t\t\t\t\t\t\t<a class=\"wd-post-link wd-fill\" href=\"https:\/\/brmagazine.com.ec\/expo-cata-inmobiliaria-2025-una-experiencia-que-transformo-el-sector-inmobiliario-ecuatoriano\/\" rel=\"bookmark\" aria-label=\"Link on post Expo Cata Inmobiliaria 2025: una experiencia que transform\u00f3 el sector inmobiliario ecuatoriano\"><\/a>\n\t\t\t\t\t\t\t<div class=\"wd-post-cat wd-style-with-bg\">\n\t\t\t\t\t<a href=\"https:\/\/brmagazine.com.ec\/category\/eventos-y-premios-br\/\" rel=\"category tag\">Eventos y Premios BR<\/a>\t\t\t\t<\/div>\n\t\t\t\t\t<\/div>\n\n\t\t<div class=\"wd-post-content\">\n\t\t\t<div class=\"wd-post-content-inner wd-scroll\">\n\t\t\t\t\t\t\t\t\t<div class=\"wd-post-meta\">\n\t\t\t\t\t\t\t\t\t\t\t\t\t\t\t\t\t\t<div class=\"wd-post-author\">\n\t\t\t\t\t\t\t\t\t\t\t\t<span>Posted by<\/span>\n\t\t\n\t\t\t\t\t<img alt='author-avatar' src='https:\/\/brmagazine.com.ec\/wp-content\/uploads\/2025\/08\/jhon-lopez_avatar-22x22.png' srcset='https:\/\/brmagazine.com.ec\/wp-content\/uploads\/2025\/08\/jhon-lopez_avatar-44x44.png 2x' class='avatar avatar-22 photo' height='22' width='22' loading='lazy' decoding='async'\/>\t\t\n\t\t\t\t\t<a href=\"https:\/\/brmagazine.com.ec\/author\/jhon-lopez\/\" class=\"author\" rel=\"author\">Jhon L\u00f3pez (Soporte Br)<\/a>\n\t\t\t\t\t\t\t\t\t\t<\/div>\n\t\t\t\t\t\t<div class=\"wd-modified-date\">\n\t\t\t\t\t\t\t\t\t<time class=\"updated\" datetime=\"2025-11-10T12:46:44-05:00\">\n\t\t\tnoviembre 10, 2025\t\t<\/time>\n\t\t\t\t\t\t\t\t<\/div>\n\n\t\t\t\t\t\t\t\t\t\t\t\t\t<div class=\"wd-post-share wd-tltp\">\n\t\t\t\t\t\t\t\t<div class=\"tooltip top\">\n\t\t\t\t\t\t\t\t\t<div class=\"tooltip-inner\">\n\t\t\t\t\t\t\t\t\t\t\t\t\t<div\n\t\t\t\t\t\tclass=\" wd-social-icons  wd-style-default wd-size-small social-share wd-shape-circle color-scheme-light text-center\">\n\t\t\t\t\n\t\t\t\t\n\t\t\t\t\t\t\t\t\t<a rel=\"noopener noreferrer nofollow\" href=\"https:\/\/www.facebook.com\/sharer\/sharer.php?u=https:\/\/brmagazine.com.ec\/blog\/\" target=\"_blank\" class=\" wd-social-icon social-facebook\" aria-label=\"Facebook social link\">\n\t\t\t\t\t\t<span class=\"wd-icon\"><\/span>\n\t\t\t\t\t\t\t\t\t\t\t<\/a>\n\t\t\t\t\n\t\t\t\t\t\t\t\t\t<a rel=\"noopener noreferrer nofollow\" href=\"https:\/\/x.com\/share?url=https:\/\/brmagazine.com.ec\/blog\/\" target=\"_blank\" class=\" wd-social-icon social-twitter\" aria-label=\"X social link\">\n\t\t\t\t\t\t<span class=\"wd-icon\"><\/span>\n\t\t\t\t\t\t\t\t\t\t\t<\/a>\n\t\t\t\t\n\t\t\t\t\n\t\t\t\t\n\t\t\t\t\n\t\t\t\t\n\t\t\t\t\n\t\t\t\t\t\t\t\t\t<a rel=\"noopener noreferrer nofollow\" href=\"https:\/\/pinterest.com\/pin\/create\/button\/?url=https:\/\/brmagazine.com.ec\/blog\/&media=https:\/\/brmagazine.com.ec\/wp-content\/uploads\/2025\/11\/DSC09516-scaled.jpg&description=Expo+Cata+Inmobiliaria+2025%3A+una+experiencia+que+transform%C3%B3+el+sector+inmobiliario+ecuatoriano\" target=\"_blank\" class=\" wd-social-icon social-pinterest\" aria-label=\"Pinterest social link\">\n\t\t\t\t\t\t<span class=\"wd-icon\"><\/span>\n\t\t\t\t\t\t\t\t\t\t\t<\/a>\n\t\t\t\t\n\t\t\t\t\n\t\t\t\t\t\t\t\t\t<a rel=\"noopener noreferrer nofollow\" href=\"https:\/\/www.linkedin.com\/shareArticle?mini=true&url=https:\/\/brmagazine.com.ec\/blog\/\" target=\"_blank\" class=\" wd-social-icon social-linkedin\" aria-label=\"Linkedin social link\">\n\t\t\t\t\t\t<span class=\"wd-icon\"><\/span>\n\t\t\t\t\t\t\t\t\t\t\t<\/a>\n\t\t\t\t\n\t\t\t\t\n\t\t\t\t\n\t\t\t\t\n\t\t\t\t\n\t\t\t\t\n\t\t\t\t\n\t\t\t\t\n\t\t\t\t\n\t\t\t\t\n\t\t\t\t\n\t\t\t\t\n\t\t\t\t\n\t\t\t\t\n\t\t\t\t\n\t\t\t\t\t\t\t\t\t<a rel=\"noopener noreferrer nofollow\" href=\"https:\/\/telegram.me\/share\/url?url=https:\/\/brmagazine.com.ec\/blog\/\" target=\"_blank\" class=\" wd-social-icon social-tg\" aria-label=\"Telegram social link\">\n\t\t\t\t\t\t<span class=\"wd-icon\"><\/span>\n\t\t\t\t\t\t\t\t\t\t\t<\/a>\n\t\t\t\t\n\t\t\t\t\n\t\t\t<\/div>\n\n\t\t\t\t\t\t\t\t\t\t\t<\/div>\n\t\t\t\t\t\t\t\t\t<div class=\"tooltip-arrow\"><\/div>\n\t\t\t\t\t\t\t\t<\/div>\n\t\t\t\t\t\t\t<\/div>\n\t\t\t\t\t\t\n\t\t\t\t\t\t\t\t\t\t\t\t\t\t\t\t\t\t\t\t<div class=\"wd-post-reply wd-style-1\">\n\t\t\t\t\t\t\t\t<a href=\"https:\/\/brmagazine.com.ec\/expo-cata-inmobiliaria-2025-una-experiencia-que-transformo-el-sector-inmobiliario-ecuatoriano\/#respond\"><span class=\"wd-replies-count\">0<\/span><\/a>\t\t\t\t\t\t\t<\/div>\n\t\t\t\t\t\t\t\t\t\t\t<\/div>\n\t\t\t\t\t\t\t\t\t\t\t\t\t<h3 class=\"wd-post-title wd-entities-title title post-title\">\n\t\t\t\t\t\t<a href=\"https:\/\/brmagazine.com.ec\/expo-cata-inmobiliaria-2025-una-experiencia-que-transformo-el-sector-inmobiliario-ecuatoriano\/\" rel=\"bookmark\">\n\t\t\t\t\t\t\tExpo Cata Inmobiliaria 2025: una experiencia que transform\u00f3 el sector inmobiliario ecuatoriano\t\t\t\t\t\t<\/a>\n\t\t\t\t\t<\/h3>\n\t\t\t\t\t\t\t\t\t\t\t\t\t<div class=\"wd-post-excerpt wd-scroll-content\">\n\t\t\t\t\t\t\t\t\t\t\t\t\tDel 6 al 8 de noviembre, el Centro de Convenciones UEES en Samborond\u00f3n fue el punto de encuentro del sector inmobiliario con la realizaci\u00f3n de la Expo Cata Inmobiliaria 2025,...\t\t\t\t\t\t\t\t\t\t\t<\/div>\n\t\t\t\t\t\t\t<\/div>\n\t\t\t\t\t<\/div>\n\t<\/div>\n<\/article>\n\t\t\t\t\t\t\t\t\t\t\t\n<article id=\"post-6268\" class=\"wd-post blog-design-list blog-post-loop blog-style-flat post-6268 post type-post status-publish format-standard has-post-thumbnail hentry category-sociales pmpro-has-access\">\n\t<div class=\"wd-post-inner\">\n\t\t<div class=\"wd-post-thumb\">\n\t\t\t\t\t\t\t<div class=\"wd-post-img\">\n\t\t\t\t\t<img width=\"1024\" height=\"682\" src=\"https:\/\/brmagazine.com.ec\/wp-content\/uploads\/2025\/11\/WhatsApp-Image-2025-11-05-at-10.04.21-AM-1024x682.jpeg\" class=\"attachment-large size-large\" alt=\"\" decoding=\"async\" loading=\"lazy\" srcset=\"https:\/\/brmagazine.com.ec\/wp-content\/uploads\/2025\/11\/WhatsApp-Image-2025-11-05-at-10.04.21-AM-1024x682.jpeg 1024w, https:\/\/brmagazine.com.ec\/wp-content\/uploads\/2025\/11\/WhatsApp-Image-2025-11-05-at-10.04.21-AM-300x200.jpeg 300w, https:\/\/brmagazine.com.ec\/wp-content\/uploads\/2025\/11\/WhatsApp-Image-2025-11-05-at-10.04.21-AM-768x512.jpeg 768w, https:\/\/brmagazine.com.ec\/wp-content\/uploads\/2025\/11\/WhatsApp-Image-2025-11-05-at-10.04.21-AM-1536x1023.jpeg 1536w, https:\/\/brmagazine.com.ec\/wp-content\/uploads\/2025\/11\/WhatsApp-Image-2025-11-05-at-10.04.21-AM-18x12.jpeg 18w, https:\/\/brmagazine.com.ec\/wp-content\/uploads\/2025\/11\/WhatsApp-Image-2025-11-05-at-10.04.21-AM.jpeg 1600w\" sizes=\"auto, (max-width: 1024px) 100vw, 1024px\" \/>\t\t\t\t<\/div>\n\t\t\t\t\t\t\t\t\t\t\t\t<a class=\"wd-post-link wd-fill\" href=\"https:\/\/brmagazine.com.ec\/agotamiento-laboral-casi-8-de-cada-10-ecuatorianos-estan-afectados-por-el-burnout-by-multitrabajos\/\" rel=\"bookmark\" aria-label=\"Link on post &#8220;Agotamiento laboral: casi 8 de cada 10 ecuatorianos est\u00e1n afectados por el burnout&#8221; by Multitrabajos\"><\/a>\n\t\t\t\t\t\t\t<div class=\"wd-post-cat wd-style-with-bg\">\n\t\t\t\t\t<a href=\"https:\/\/brmagazine.com.ec\/category\/sociales\/\" rel=\"category tag\">Sociales<\/a>\t\t\t\t<\/div>\n\t\t\t\t\t<\/div>\n\n\t\t<div class=\"wd-post-content\">\n\t\t\t<div class=\"wd-post-content-inner wd-scroll\">\n\t\t\t\t\t\t\t\t\t<div class=\"wd-post-meta\">\n\t\t\t\t\t\t\t\t\t\t\t\t\t\t\t\t\t\t<div class=\"wd-post-author\">\n\t\t\t\t\t\t\t\t\t\t\t\t<span>Posted by<\/span>\n\t\t\n\t\t\t\t\t<img alt='author-avatar' src='https:\/\/brmagazine.com.ec\/wp-content\/uploads\/2025\/08\/jhon-lopez_avatar-22x22.png' srcset='https:\/\/brmagazine.com.ec\/wp-content\/uploads\/2025\/08\/jhon-lopez_avatar-44x44.png 2x' class='avatar avatar-22 photo' height='22' width='22' loading='lazy' decoding='async'\/>\t\t\n\t\t\t\t\t<a href=\"https:\/\/brmagazine.com.ec\/author\/jhon-lopez\/\" class=\"author\" rel=\"author\">Jhon L\u00f3pez (Soporte Br)<\/a>\n\t\t\t\t\t\t\t\t\t\t<\/div>\n\t\t\t\t\t\t<div class=\"wd-modified-date\">\n\t\t\t\t\t\t\t\t\t<time class=\"updated\" datetime=\"2025-11-06T11:27:47-05:00\">\n\t\t\tnoviembre 6, 2025\t\t<\/time>\n\t\t\t\t\t\t\t\t<\/div>\n\n\t\t\t\t\t\t\t\t\t\t\t\t\t<div class=\"wd-post-share wd-tltp\">\n\t\t\t\t\t\t\t\t<div class=\"tooltip top\">\n\t\t\t\t\t\t\t\t\t<div class=\"tooltip-inner\">\n\t\t\t\t\t\t\t\t\t\t\t\t\t<div\n\t\t\t\t\t\tclass=\" wd-social-icons  wd-style-default wd-size-small social-share wd-shape-circle color-scheme-light text-center\">\n\t\t\t\t\n\t\t\t\t\n\t\t\t\t\t\t\t\t\t<a rel=\"noopener noreferrer nofollow\" href=\"https:\/\/www.facebook.com\/sharer\/sharer.php?u=https:\/\/brmagazine.com.ec\/blog\/\" target=\"_blank\" class=\" wd-social-icon social-facebook\" aria-label=\"Facebook social link\">\n\t\t\t\t\t\t<span class=\"wd-icon\"><\/span>\n\t\t\t\t\t\t\t\t\t\t\t<\/a>\n\t\t\t\t\n\t\t\t\t\t\t\t\t\t<a rel=\"noopener noreferrer nofollow\" href=\"https:\/\/x.com\/share?url=https:\/\/brmagazine.com.ec\/blog\/\" target=\"_blank\" class=\" wd-social-icon social-twitter\" aria-label=\"X social link\">\n\t\t\t\t\t\t<span class=\"wd-icon\"><\/span>\n\t\t\t\t\t\t\t\t\t\t\t<\/a>\n\t\t\t\t\n\t\t\t\t\n\t\t\t\t\n\t\t\t\t\n\t\t\t\t\n\t\t\t\t\n\t\t\t\t\t\t\t\t\t<a rel=\"noopener noreferrer nofollow\" href=\"https:\/\/pinterest.com\/pin\/create\/button\/?url=https:\/\/brmagazine.com.ec\/blog\/&media=https:\/\/brmagazine.com.ec\/wp-content\/uploads\/2025\/11\/WhatsApp-Image-2025-11-05-at-10.04.21-AM.jpeg&description=%26%238220%3BAgotamiento+laboral%3A+casi+8+de+cada+10+ecuatorianos+est%C3%A1n+afectados+por+el+burnout%26%238221%3B+by+Multitrabajos\" target=\"_blank\" class=\" wd-social-icon social-pinterest\" aria-label=\"Pinterest social link\">\n\t\t\t\t\t\t<span class=\"wd-icon\"><\/span>\n\t\t\t\t\t\t\t\t\t\t\t<\/a>\n\t\t\t\t\n\t\t\t\t\n\t\t\t\t\t\t\t\t\t<a rel=\"noopener noreferrer nofollow\" href=\"https:\/\/www.linkedin.com\/shareArticle?mini=true&url=https:\/\/brmagazine.com.ec\/blog\/\" target=\"_blank\" class=\" wd-social-icon social-linkedin\" aria-label=\"Linkedin social link\">\n\t\t\t\t\t\t<span class=\"wd-icon\"><\/span>\n\t\t\t\t\t\t\t\t\t\t\t<\/a>\n\t\t\t\t\n\t\t\t\t\n\t\t\t\t\n\t\t\t\t\n\t\t\t\t\n\t\t\t\t\n\t\t\t\t\n\t\t\t\t\n\t\t\t\t\n\t\t\t\t\n\t\t\t\t\n\t\t\t\t\n\t\t\t\t\n\t\t\t\t\n\t\t\t\t\n\t\t\t\t\t\t\t\t\t<a rel=\"noopener noreferrer nofollow\" href=\"https:\/\/telegram.me\/share\/url?url=https:\/\/brmagazine.com.ec\/blog\/\" target=\"_blank\" class=\" wd-social-icon social-tg\" aria-label=\"Telegram social link\">\n\t\t\t\t\t\t<span class=\"wd-icon\"><\/span>\n\t\t\t\t\t\t\t\t\t\t\t<\/a>\n\t\t\t\t\n\t\t\t\t\n\t\t\t<\/div>\n\n\t\t\t\t\t\t\t\t\t\t\t<\/div>\n\t\t\t\t\t\t\t\t\t<div class=\"tooltip-arrow\"><\/div>\n\t\t\t\t\t\t\t\t<\/div>\n\t\t\t\t\t\t\t<\/div>\n\t\t\t\t\t\t\n\t\t\t\t\t\t\t\t\t\t\t\t\t\t\t\t\t\t\t\t<div class=\"wd-post-reply wd-style-1\">\n\t\t\t\t\t\t\t\t<a href=\"https:\/\/brmagazine.com.ec\/agotamiento-laboral-casi-8-de-cada-10-ecuatorianos-estan-afectados-por-el-burnout-by-multitrabajos\/#respond\"><span class=\"wd-replies-count\">0<\/span><\/a>\t\t\t\t\t\t\t<\/div>\n\t\t\t\t\t\t\t\t\t\t\t<\/div>\n\t\t\t\t\t\t\t\t\t\t\t\t\t<h3 class=\"wd-post-title wd-entities-title title post-title\">\n\t\t\t\t\t\t<a href=\"https:\/\/brmagazine.com.ec\/agotamiento-laboral-casi-8-de-cada-10-ecuatorianos-estan-afectados-por-el-burnout-by-multitrabajos\/\" rel=\"bookmark\">\n\t\t\t\t\t\t\t&#8220;Agotamiento laboral: casi 8 de cada 10 ecuatorianos est\u00e1n afectados por el burnout&#8221; by Multitrabajos\t\t\t\t\t\t<\/a>\n\t\t\t\t\t<\/h3>\n\t\t\t\t\t\t\t\t\t\t\t\t\t<div class=\"wd-post-excerpt wd-scroll-content\">\n\t\t\t\t\t\t\t\t\t\t\t\t\tEcuador, octubre de 2025.- Seg\u00fan el estudio Burnout 2025 de Multitrabajos, el portal de empleo l\u00edder en Latinoam\u00e9rica, el 75% de las personas trabajadoras en Ecuador afirma experimentar el s\u00edndrome...\t\t\t\t\t\t\t\t\t\t\t<\/div>\n\t\t\t\t\t\t\t<\/div>\n\t\t\t\t\t<\/div>\n\t<\/div>\n<\/article>\n\t\t\t\t\t\t\t\t\t\t\t\n<article id=\"post-6260\" class=\"wd-post blog-design-list blog-post-loop blog-style-flat post-6260 post type-post status-publish format-standard has-post-thumbnail hentry category-arquitectura-urbanismo pmpro-has-access\">\n\t<div class=\"wd-post-inner\">\n\t\t<div class=\"wd-post-thumb\">\n\t\t\t\t\t\t\t<div class=\"wd-post-img\">\n\t\t\t\t\t<img width=\"1024\" height=\"658\" src=\"https:\/\/brmagazine.com.ec\/wp-content\/uploads\/2025\/10\/WhatsApp-Image-2025-10-28-at-5.00.25-PM-1024x658.jpeg\" class=\"attachment-large size-large\" alt=\"\" decoding=\"async\" loading=\"lazy\" srcset=\"https:\/\/brmagazine.com.ec\/wp-content\/uploads\/2025\/10\/WhatsApp-Image-2025-10-28-at-5.00.25-PM-1024x658.jpeg 1024w, https:\/\/brmagazine.com.ec\/wp-content\/uploads\/2025\/10\/WhatsApp-Image-2025-10-28-at-5.00.25-PM-300x193.jpeg 300w, https:\/\/brmagazine.com.ec\/wp-content\/uploads\/2025\/10\/WhatsApp-Image-2025-10-28-at-5.00.25-PM-768x493.jpeg 768w, https:\/\/brmagazine.com.ec\/wp-content\/uploads\/2025\/10\/WhatsApp-Image-2025-10-28-at-5.00.25-PM-1536x987.jpeg 1536w, https:\/\/brmagazine.com.ec\/wp-content\/uploads\/2025\/10\/WhatsApp-Image-2025-10-28-at-5.00.25-PM-18x12.jpeg 18w, https:\/\/brmagazine.com.ec\/wp-content\/uploads\/2025\/10\/WhatsApp-Image-2025-10-28-at-5.00.25-PM.jpeg 1600w\" sizes=\"auto, (max-width: 1024px) 100vw, 1024px\" \/>\t\t\t\t<\/div>\n\t\t\t\t\t\t\t\t\t\t\t\t<a class=\"wd-post-link wd-fill\" href=\"https:\/\/brmagazine.com.ec\/folded-land-una-exposicion-sobre-la-obra-del-arquitecto-kengo-kuma-abre-en-quito-en-colaboracion-con-uribe-schwarzkopf\/\" rel=\"bookmark\" aria-label=\"Link on post \u201cFolded Land\u201d una exposici\u00f3n sobre la obra del arquitecto Kengo Kuma abre en Quito en colaboraci\u00f3n con Uribe Schwarzkopf\"><\/a>\n\t\t\t\t\t\t\t<div class=\"wd-post-cat wd-style-with-bg\">\n\t\t\t\t\t<a href=\"https:\/\/brmagazine.com.ec\/category\/arquitectura-urbanismo\/\" rel=\"category tag\">Arquitectura y Urbanismo<\/a>\t\t\t\t<\/div>\n\t\t\t\t\t<\/div>\n\n\t\t<div class=\"wd-post-content\">\n\t\t\t<div class=\"wd-post-content-inner wd-scroll\">\n\t\t\t\t\t\t\t\t\t<div class=\"wd-post-meta\">\n\t\t\t\t\t\t\t\t\t\t\t\t\t\t\t\t\t\t<div class=\"wd-post-author\">\n\t\t\t\t\t\t\t\t\t\t\t\t<span>Posted by<\/span>\n\t\t\n\t\t\t\t\t<img alt='author-avatar' src='https:\/\/brmagazine.com.ec\/wp-content\/uploads\/2025\/08\/jhon-lopez_avatar-22x22.png' srcset='https:\/\/brmagazine.com.ec\/wp-content\/uploads\/2025\/08\/jhon-lopez_avatar-44x44.png 2x' class='avatar avatar-22 photo' height='22' width='22' loading='lazy' decoding='async'\/>\t\t\n\t\t\t\t\t<a href=\"https:\/\/brmagazine.com.ec\/author\/jhon-lopez\/\" class=\"author\" rel=\"author\">Jhon L\u00f3pez (Soporte Br)<\/a>\n\t\t\t\t\t\t\t\t\t\t<\/div>\n\t\t\t\t\t\t<div class=\"wd-modified-date\">\n\t\t\t\t\t\t\t\t\t<time class=\"updated\" datetime=\"2025-10-29T10:19:15-05:00\">\n\t\t\toctubre 29, 2025\t\t<\/time>\n\t\t\t\t\t\t\t\t<\/div>\n\n\t\t\t\t\t\t\t\t\t\t\t\t\t<div class=\"wd-post-share wd-tltp\">\n\t\t\t\t\t\t\t\t<div class=\"tooltip top\">\n\t\t\t\t\t\t\t\t\t<div class=\"tooltip-inner\">\n\t\t\t\t\t\t\t\t\t\t\t\t\t<div\n\t\t\t\t\t\tclass=\" wd-social-icons  wd-style-default wd-size-small social-share wd-shape-circle color-scheme-light text-center\">\n\t\t\t\t\n\t\t\t\t\n\t\t\t\t\t\t\t\t\t<a rel=\"noopener noreferrer nofollow\" href=\"https:\/\/www.facebook.com\/sharer\/sharer.php?u=https:\/\/brmagazine.com.ec\/blog\/\" target=\"_blank\" class=\" wd-social-icon social-facebook\" aria-label=\"Facebook social link\">\n\t\t\t\t\t\t<span class=\"wd-icon\"><\/span>\n\t\t\t\t\t\t\t\t\t\t\t<\/a>\n\t\t\t\t\n\t\t\t\t\t\t\t\t\t<a rel=\"noopener noreferrer nofollow\" href=\"https:\/\/x.com\/share?url=https:\/\/brmagazine.com.ec\/blog\/\" target=\"_blank\" class=\" wd-social-icon social-twitter\" aria-label=\"X social link\">\n\t\t\t\t\t\t<span class=\"wd-icon\"><\/span>\n\t\t\t\t\t\t\t\t\t\t\t<\/a>\n\t\t\t\t\n\t\t\t\t\n\t\t\t\t\n\t\t\t\t\n\t\t\t\t\n\t\t\t\t\n\t\t\t\t\t\t\t\t\t<a rel=\"noopener noreferrer nofollow\" href=\"https:\/\/pinterest.com\/pin\/create\/button\/?url=https:\/\/brmagazine.com.ec\/blog\/&media=https:\/\/brmagazine.com.ec\/wp-content\/uploads\/2025\/10\/WhatsApp-Image-2025-10-28-at-5.00.25-PM.jpeg&description=%E2%80%9CFolded+Land%E2%80%9D+una+exposici%C3%B3n+sobre+la+obra+del+arquitecto+Kengo+Kuma+abre+en+Quito+en+colaboraci%C3%B3n+con+Uribe+Schwarzkopf\" target=\"_blank\" class=\" wd-social-icon social-pinterest\" aria-label=\"Pinterest social link\">\n\t\t\t\t\t\t<span class=\"wd-icon\"><\/span>\n\t\t\t\t\t\t\t\t\t\t\t<\/a>\n\t\t\t\t\n\t\t\t\t\n\t\t\t\t\t\t\t\t\t<a rel=\"noopener noreferrer nofollow\" href=\"https:\/\/www.linkedin.com\/shareArticle?mini=true&url=https:\/\/brmagazine.com.ec\/blog\/\" target=\"_blank\" class=\" wd-social-icon social-linkedin\" aria-label=\"Linkedin social link\">\n\t\t\t\t\t\t<span class=\"wd-icon\"><\/span>\n\t\t\t\t\t\t\t\t\t\t\t<\/a>\n\t\t\t\t\n\t\t\t\t\n\t\t\t\t\n\t\t\t\t\n\t\t\t\t\n\t\t\t\t\n\t\t\t\t\n\t\t\t\t\n\t\t\t\t\n\t\t\t\t\n\t\t\t\t\n\t\t\t\t\n\t\t\t\t\n\t\t\t\t\n\t\t\t\t\n\t\t\t\t\t\t\t\t\t<a rel=\"noopener noreferrer nofollow\" href=\"https:\/\/telegram.me\/share\/url?url=https:\/\/brmagazine.com.ec\/blog\/\" target=\"_blank\" class=\" wd-social-icon social-tg\" aria-label=\"Telegram social link\">\n\t\t\t\t\t\t<span class=\"wd-icon\"><\/span>\n\t\t\t\t\t\t\t\t\t\t\t<\/a>\n\t\t\t\t\n\t\t\t\t\n\t\t\t<\/div>\n\n\t\t\t\t\t\t\t\t\t\t\t<\/div>\n\t\t\t\t\t\t\t\t\t<div class=\"tooltip-arrow\"><\/div>\n\t\t\t\t\t\t\t\t<\/div>\n\t\t\t\t\t\t\t<\/div>\n\t\t\t\t\t\t\n\t\t\t\t\t\t\t\t\t\t\t\t\t\t\t\t\t\t\t\t<div class=\"wd-post-reply wd-style-1\">\n\t\t\t\t\t\t\t\t<a href=\"https:\/\/brmagazine.com.ec\/folded-land-una-exposicion-sobre-la-obra-del-arquitecto-kengo-kuma-abre-en-quito-en-colaboracion-con-uribe-schwarzkopf\/#respond\"><span class=\"wd-replies-count\">0<\/span><\/a>\t\t\t\t\t\t\t<\/div>\n\t\t\t\t\t\t\t\t\t\t\t<\/div>\n\t\t\t\t\t\t\t\t\t\t\t\t\t<h3 class=\"wd-post-title wd-entities-title title post-title\">\n\t\t\t\t\t\t<a href=\"https:\/\/brmagazine.com.ec\/folded-land-una-exposicion-sobre-la-obra-del-arquitecto-kengo-kuma-abre-en-quito-en-colaboracion-con-uribe-schwarzkopf\/\" rel=\"bookmark\">\n\t\t\t\t\t\t\t\u201cFolded Land\u201d una exposici\u00f3n sobre la obra del arquitecto Kengo Kuma abre en Quito en colaboraci\u00f3n con Uribe Schwarzkopf\t\t\t\t\t\t<\/a>\n\t\t\t\t\t<\/h3>\n\t\t\t\t\t\t\t\t\t\t\t\t\t<div class=\"wd-post-excerpt wd-scroll-content\">\n\t\t\t\t\t\t\t\t\t\t\t\t\tQuito, octubre 2025.- La ciudad se convierte en escenario de un encuentro \u00fanico con la arquitectura contempor\u00e1nea. El renombrado arquitecto japon\u00e9s Kengo Kuma, reconocido por su enfoque sensible a la...\t\t\t\t\t\t\t\t\t\t\t<\/div>\n\t\t\t\t\t\t\t<\/div>\n\t\t\t\t\t<\/div>\n\t<\/div>\n<\/article>\n\t\t\t\t\t\t\t\t\t\t\t\n<article id=\"post-6257\" class=\"wd-post blog-design-list blog-post-loop blog-style-flat post-6257 post type-post status-publish format-standard has-post-thumbnail hentry category-sociales pmpro-has-access\">\n\t<div class=\"wd-post-inner\">\n\t\t<div class=\"wd-post-thumb\">\n\t\t\t\t\t\t\t<div class=\"wd-post-img\">\n\t\t\t\t\t<img width=\"912\" height=\"600\" src=\"https:\/\/brmagazine.com.ec\/wp-content\/uploads\/2025\/10\/WhatsApp-Image-2025-10-28-at-1.10.15-PM.jpeg\" class=\"attachment-large size-large\" alt=\"\" decoding=\"async\" loading=\"lazy\" srcset=\"https:\/\/brmagazine.com.ec\/wp-content\/uploads\/2025\/10\/WhatsApp-Image-2025-10-28-at-1.10.15-PM.jpeg 912w, https:\/\/brmagazine.com.ec\/wp-content\/uploads\/2025\/10\/WhatsApp-Image-2025-10-28-at-1.10.15-PM-300x197.jpeg 300w, https:\/\/brmagazine.com.ec\/wp-content\/uploads\/2025\/10\/WhatsApp-Image-2025-10-28-at-1.10.15-PM-768x505.jpeg 768w, https:\/\/brmagazine.com.ec\/wp-content\/uploads\/2025\/10\/WhatsApp-Image-2025-10-28-at-1.10.15-PM-18x12.jpeg 18w\" sizes=\"auto, (max-width: 912px) 100vw, 912px\" \/>\t\t\t\t<\/div>\n\t\t\t\t\t\t\t\t\t\t\t\t<a class=\"wd-post-link wd-fill\" href=\"https:\/\/brmagazine.com.ec\/3er-barometro-de-la-construccion-sostenible-de-saint-gobain-revela-pocos-avances-y-3-grandes-desafios\/\" rel=\"bookmark\" aria-label=\"Link on post 3er Bar\u00f3metro de la Construcci\u00f3n Sostenible de Saint-Gobain revela pocos avances y 3 grandes desaf\u00edos\"><\/a>\n\t\t\t\t\t\t\t<div class=\"wd-post-cat wd-style-with-bg\">\n\t\t\t\t\t<a href=\"https:\/\/brmagazine.com.ec\/category\/sociales\/\" rel=\"category tag\">Sociales<\/a>\t\t\t\t<\/div>\n\t\t\t\t\t<\/div>\n\n\t\t<div class=\"wd-post-content\">\n\t\t\t<div class=\"wd-post-content-inner wd-scroll\">\n\t\t\t\t\t\t\t\t\t<div class=\"wd-post-meta\">\n\t\t\t\t\t\t\t\t\t\t\t\t\t\t\t\t\t\t<div class=\"wd-post-author\">\n\t\t\t\t\t\t\t\t\t\t\t\t<span>Posted by<\/span>\n\t\t\n\t\t\t\t\t<img alt='author-avatar' src='https:\/\/brmagazine.com.ec\/wp-content\/uploads\/2025\/08\/jhon-lopez_avatar-22x22.png' srcset='https:\/\/brmagazine.com.ec\/wp-content\/uploads\/2025\/08\/jhon-lopez_avatar-44x44.png 2x' class='avatar avatar-22 photo' height='22' width='22' loading='lazy' decoding='async'\/>\t\t\n\t\t\t\t\t<a href=\"https:\/\/brmagazine.com.ec\/author\/jhon-lopez\/\" class=\"author\" rel=\"author\">Jhon L\u00f3pez (Soporte Br)<\/a>\n\t\t\t\t\t\t\t\t\t\t<\/div>\n\t\t\t\t\t\t<div class=\"wd-modified-date\">\n\t\t\t\t\t\t\t\t\t<time class=\"updated\" datetime=\"2025-10-29T10:17:12-05:00\">\n\t\t\toctubre 29, 2025\t\t<\/time>\n\t\t\t\t\t\t\t\t<\/div>\n\n\t\t\t\t\t\t\t\t\t\t\t\t\t<div class=\"wd-post-share wd-tltp\">\n\t\t\t\t\t\t\t\t<div class=\"tooltip top\">\n\t\t\t\t\t\t\t\t\t<div class=\"tooltip-inner\">\n\t\t\t\t\t\t\t\t\t\t\t\t\t<div\n\t\t\t\t\t\tclass=\" wd-social-icons  wd-style-default wd-size-small social-share wd-shape-circle color-scheme-light text-center\">\n\t\t\t\t\n\t\t\t\t\n\t\t\t\t\t\t\t\t\t<a rel=\"noopener noreferrer nofollow\" href=\"https:\/\/www.facebook.com\/sharer\/sharer.php?u=https:\/\/brmagazine.com.ec\/blog\/\" target=\"_blank\" class=\" wd-social-icon social-facebook\" aria-label=\"Facebook social link\">\n\t\t\t\t\t\t<span class=\"wd-icon\"><\/span>\n\t\t\t\t\t\t\t\t\t\t\t<\/a>\n\t\t\t\t\n\t\t\t\t\t\t\t\t\t<a rel=\"noopener noreferrer nofollow\" href=\"https:\/\/x.com\/share?url=https:\/\/brmagazine.com.ec\/blog\/\" target=\"_blank\" class=\" wd-social-icon social-twitter\" aria-label=\"X social link\">\n\t\t\t\t\t\t<span class=\"wd-icon\"><\/span>\n\t\t\t\t\t\t\t\t\t\t\t<\/a>\n\t\t\t\t\n\t\t\t\t\n\t\t\t\t\n\t\t\t\t\n\t\t\t\t\n\t\t\t\t\n\t\t\t\t\t\t\t\t\t<a rel=\"noopener noreferrer nofollow\" href=\"https:\/\/pinterest.com\/pin\/create\/button\/?url=https:\/\/brmagazine.com.ec\/blog\/&media=https:\/\/brmagazine.com.ec\/wp-content\/uploads\/2025\/10\/WhatsApp-Image-2025-10-28-at-1.10.15-PM.jpeg&description=3er+Bar%C3%B3metro+de+la+Construcci%C3%B3n+Sostenible+de+Saint-Gobain+revela+pocos+avances+y+3+grandes+desaf%C3%ADos\" target=\"_blank\" class=\" wd-social-icon social-pinterest\" aria-label=\"Pinterest social link\">\n\t\t\t\t\t\t<span class=\"wd-icon\"><\/span>\n\t\t\t\t\t\t\t\t\t\t\t<\/a>\n\t\t\t\t\n\t\t\t\t\n\t\t\t\t\t\t\t\t\t<a rel=\"noopener noreferrer nofollow\" href=\"https:\/\/www.linkedin.com\/shareArticle?mini=true&url=https:\/\/brmagazine.com.ec\/blog\/\" target=\"_blank\" class=\" wd-social-icon social-linkedin\" aria-label=\"Linkedin social link\">\n\t\t\t\t\t\t<span class=\"wd-icon\"><\/span>\n\t\t\t\t\t\t\t\t\t\t\t<\/a>\n\t\t\t\t\n\t\t\t\t\n\t\t\t\t\n\t\t\t\t\n\t\t\t\t\n\t\t\t\t\n\t\t\t\t\n\t\t\t\t\n\t\t\t\t\n\t\t\t\t\n\t\t\t\t\n\t\t\t\t\n\t\t\t\t\n\t\t\t\t\n\t\t\t\t\n\t\t\t\t\t\t\t\t\t<a rel=\"noopener noreferrer nofollow\" href=\"https:\/\/telegram.me\/share\/url?url=https:\/\/brmagazine.com.ec\/blog\/\" target=\"_blank\" class=\" wd-social-icon social-tg\" aria-label=\"Telegram social link\">\n\t\t\t\t\t\t<span class=\"wd-icon\"><\/span>\n\t\t\t\t\t\t\t\t\t\t\t<\/a>\n\t\t\t\t\n\t\t\t\t\n\t\t\t<\/div>\n\n\t\t\t\t\t\t\t\t\t\t\t<\/div>\n\t\t\t\t\t\t\t\t\t<div class=\"tooltip-arrow\"><\/div>\n\t\t\t\t\t\t\t\t<\/div>\n\t\t\t\t\t\t\t<\/div>\n\t\t\t\t\t\t\n\t\t\t\t\t\t\t\t\t\t\t\t\t\t\t\t\t\t\t\t<div class=\"wd-post-reply wd-style-1\">\n\t\t\t\t\t\t\t\t<a href=\"https:\/\/brmagazine.com.ec\/3er-barometro-de-la-construccion-sostenible-de-saint-gobain-revela-pocos-avances-y-3-grandes-desafios\/#respond\"><span class=\"wd-replies-count\">0<\/span><\/a>\t\t\t\t\t\t\t<\/div>\n\t\t\t\t\t\t\t\t\t\t\t<\/div>\n\t\t\t\t\t\t\t\t\t\t\t\t\t<h3 class=\"wd-post-title wd-entities-title title post-title\">\n\t\t\t\t\t\t<a href=\"https:\/\/brmagazine.com.ec\/3er-barometro-de-la-construccion-sostenible-de-saint-gobain-revela-pocos-avances-y-3-grandes-desafios\/\" rel=\"bookmark\">\n\t\t\t\t\t\t\t3er Bar\u00f3metro de la Construcci\u00f3n Sostenible de Saint-Gobain revela pocos avances y 3 grandes desaf\u00edos\t\t\t\t\t\t<\/a>\n\t\t\t\t\t<\/h3>\n\t\t\t\t\t\t\t\t\t\t\t\t\t<div class=\"wd-post-excerpt wd-scroll-content\">\n\t\t\t\t\t\t\t\t\t\t\t\t\tEl tercer Bar\u00f3metro de la Construcci\u00f3n Sostenible, desarrollado por el Observatorio de la Construcci\u00f3n Sostenible de Saint-Gobain, evidencia la urgencia de acelerar la transformaci\u00f3n del sector hacia una construcci\u00f3n con...\t\t\t\t\t\t\t\t\t\t\t<\/div>\n\t\t\t\t\t\t\t<\/div>\n\t\t\t\t\t<\/div>\n\t<\/div>\n<\/article>\n\t\t\t\t\t\t\t\t\t\t\t\n<article id=\"post-6253\" class=\"wd-post blog-design-list blog-post-loop blog-style-flat post-6253 post type-post status-publish format-standard has-post-thumbnail hentry category-sociales pmpro-has-access\">\n\t<div class=\"wd-post-inner\">\n\t\t<div class=\"wd-post-thumb\">\n\t\t\t\t\t\t\t<div class=\"wd-post-img\">\n\t\t\t\t\t<img width=\"759\" height=\"1024\" src=\"https:\/\/brmagazine.com.ec\/wp-content\/uploads\/2025\/10\/FOTO-CLIENTES-ALMAX-759x1024.jpg\" class=\"attachment-large size-large\" alt=\"\" decoding=\"async\" loading=\"lazy\" srcset=\"https:\/\/brmagazine.com.ec\/wp-content\/uploads\/2025\/10\/FOTO-CLIENTES-ALMAX-759x1024.jpg 759w, https:\/\/brmagazine.com.ec\/wp-content\/uploads\/2025\/10\/FOTO-CLIENTES-ALMAX-222x300.jpg 222w, https:\/\/brmagazine.com.ec\/wp-content\/uploads\/2025\/10\/FOTO-CLIENTES-ALMAX-768x1036.jpg 768w, https:\/\/brmagazine.com.ec\/wp-content\/uploads\/2025\/10\/FOTO-CLIENTES-ALMAX-1139x1536.jpg 1139w, https:\/\/brmagazine.com.ec\/wp-content\/uploads\/2025\/10\/FOTO-CLIENTES-ALMAX-1518x2048.jpg 1518w, https:\/\/brmagazine.com.ec\/wp-content\/uploads\/2025\/10\/FOTO-CLIENTES-ALMAX-9x12.jpg 9w, https:\/\/brmagazine.com.ec\/wp-content\/uploads\/2025\/10\/FOTO-CLIENTES-ALMAX-scaled.jpg 1898w\" sizes=\"auto, (max-width: 759px) 100vw, 759px\" \/>\t\t\t\t<\/div>\n\t\t\t\t\t\t\t\t\t\t\t\t<a class=\"wd-post-link wd-fill\" href=\"https:\/\/brmagazine.com.ec\/almax-el-parque-empresarial-mas-grande-del-pais-impulsa-el-crecimiento-economico-de-ecuador\/\" rel=\"bookmark\" aria-label=\"Link on post ALMAX, el parque empresarial m\u00e1s grande del pa\u00eds impulsa el crecimiento econ\u00f3mico de Ecuador\"><\/a>\n\t\t\t\t\t\t\t<div class=\"wd-post-cat wd-style-with-bg\">\n\t\t\t\t\t<a href=\"https:\/\/brmagazine.com.ec\/category\/sociales\/\" rel=\"category tag\">Sociales<\/a>\t\t\t\t<\/div>\n\t\t\t\t\t<\/div>\n\n\t\t<div class=\"wd-post-content\">\n\t\t\t<div class=\"wd-post-content-inner wd-scroll\">\n\t\t\t\t\t\t\t\t\t<div class=\"wd-post-meta\">\n\t\t\t\t\t\t\t\t\t\t\t\t\t\t\t\t\t\t<div class=\"wd-post-author\">\n\t\t\t\t\t\t\t\t\t\t\t\t<span>Posted by<\/span>\n\t\t\n\t\t\t\t\t<img alt='author-avatar' src='https:\/\/brmagazine.com.ec\/wp-content\/uploads\/2025\/08\/jhon-lopez_avatar-22x22.png' srcset='https:\/\/brmagazine.com.ec\/wp-content\/uploads\/2025\/08\/jhon-lopez_avatar-44x44.png 2x' class='avatar avatar-22 photo' height='22' width='22' loading='lazy' decoding='async'\/>\t\t\n\t\t\t\t\t<a href=\"https:\/\/brmagazine.com.ec\/author\/jhon-lopez\/\" class=\"author\" rel=\"author\">Jhon L\u00f3pez (Soporte Br)<\/a>\n\t\t\t\t\t\t\t\t\t\t<\/div>\n\t\t\t\t\t\t<div class=\"wd-modified-date\">\n\t\t\t\t\t\t\t\t\t<time class=\"updated\" datetime=\"2025-10-28T11:15:09-05:00\">\n\t\t\toctubre 28, 2025\t\t<\/time>\n\t\t\t\t\t\t\t\t<\/div>\n\n\t\t\t\t\t\t\t\t\t\t\t\t\t<div class=\"wd-post-share wd-tltp\">\n\t\t\t\t\t\t\t\t<div class=\"tooltip top\">\n\t\t\t\t\t\t\t\t\t<div class=\"tooltip-inner\">\n\t\t\t\t\t\t\t\t\t\t\t\t\t<div\n\t\t\t\t\t\tclass=\" wd-social-icons  wd-style-default wd-size-small social-share wd-shape-circle color-scheme-light text-center\">\n\t\t\t\t\n\t\t\t\t\n\t\t\t\t\t\t\t\t\t<a rel=\"noopener noreferrer nofollow\" href=\"https:\/\/www.facebook.com\/sharer\/sharer.php?u=https:\/\/brmagazine.com.ec\/blog\/\" target=\"_blank\" class=\" wd-social-icon social-facebook\" aria-label=\"Facebook social link\">\n\t\t\t\t\t\t<span class=\"wd-icon\"><\/span>\n\t\t\t\t\t\t\t\t\t\t\t<\/a>\n\t\t\t\t\n\t\t\t\t\t\t\t\t\t<a rel=\"noopener noreferrer nofollow\" href=\"https:\/\/x.com\/share?url=https:\/\/brmagazine.com.ec\/blog\/\" target=\"_blank\" class=\" wd-social-icon social-twitter\" aria-label=\"X social link\">\n\t\t\t\t\t\t<span class=\"wd-icon\"><\/span>\n\t\t\t\t\t\t\t\t\t\t\t<\/a>\n\t\t\t\t\n\t\t\t\t\n\t\t\t\t\n\t\t\t\t\n\t\t\t\t\n\t\t\t\t\n\t\t\t\t\t\t\t\t\t<a rel=\"noopener noreferrer nofollow\" href=\"https:\/\/pinterest.com\/pin\/create\/button\/?url=https:\/\/brmagazine.com.ec\/blog\/&media=https:\/\/brmagazine.com.ec\/wp-content\/uploads\/2025\/10\/FOTO-CLIENTES-ALMAX-scaled.jpg&description=ALMAX%2C+el+parque+empresarial+m%C3%A1s+grande+del+pa%C3%ADs+impulsa+el+crecimiento+econ%C3%B3mico+de+Ecuador\" target=\"_blank\" class=\" wd-social-icon social-pinterest\" aria-label=\"Pinterest social link\">\n\t\t\t\t\t\t<span class=\"wd-icon\"><\/span>\n\t\t\t\t\t\t\t\t\t\t\t<\/a>\n\t\t\t\t\n\t\t\t\t\n\t\t\t\t\t\t\t\t\t<a rel=\"noopener noreferrer nofollow\" href=\"https:\/\/www.linkedin.com\/shareArticle?mini=true&url=https:\/\/brmagazine.com.ec\/blog\/\" target=\"_blank\" class=\" wd-social-icon social-linkedin\" aria-label=\"Linkedin social link\">\n\t\t\t\t\t\t<span class=\"wd-icon\"><\/span>\n\t\t\t\t\t\t\t\t\t\t\t<\/a>\n\t\t\t\t\n\t\t\t\t\n\t\t\t\t\n\t\t\t\t\n\t\t\t\t\n\t\t\t\t\n\t\t\t\t\n\t\t\t\t\n\t\t\t\t\n\t\t\t\t\n\t\t\t\t\n\t\t\t\t\n\t\t\t\t\n\t\t\t\t\n\t\t\t\t\n\t\t\t\t\t\t\t\t\t<a rel=\"noopener noreferrer nofollow\" href=\"https:\/\/telegram.me\/share\/url?url=https:\/\/brmagazine.com.ec\/blog\/\" target=\"_blank\" class=\" wd-social-icon social-tg\" aria-label=\"Telegram social link\">\n\t\t\t\t\t\t<span class=\"wd-icon\"><\/span>\n\t\t\t\t\t\t\t\t\t\t\t<\/a>\n\t\t\t\t\n\t\t\t\t\n\t\t\t<\/div>\n\n\t\t\t\t\t\t\t\t\t\t\t<\/div>\n\t\t\t\t\t\t\t\t\t<div class=\"tooltip-arrow\"><\/div>\n\t\t\t\t\t\t\t\t<\/div>\n\t\t\t\t\t\t\t<\/div>\n\t\t\t\t\t\t\n\t\t\t\t\t\t\t\t\t\t\t\t\t\t\t\t\t\t\t\t<div class=\"wd-post-reply wd-style-1\">\n\t\t\t\t\t\t\t\t<a href=\"https:\/\/brmagazine.com.ec\/almax-el-parque-empresarial-mas-grande-del-pais-impulsa-el-crecimiento-economico-de-ecuador\/#respond\"><span class=\"wd-replies-count\">0<\/span><\/a>\t\t\t\t\t\t\t<\/div>\n\t\t\t\t\t\t\t\t\t\t\t<\/div>\n\t\t\t\t\t\t\t\t\t\t\t\t\t<h3 class=\"wd-post-title wd-entities-title title post-title\">\n\t\t\t\t\t\t<a href=\"https:\/\/brmagazine.com.ec\/almax-el-parque-empresarial-mas-grande-del-pais-impulsa-el-crecimiento-economico-de-ecuador\/\" rel=\"bookmark\">\n\t\t\t\t\t\t\tALMAX, el parque empresarial m\u00e1s grande del pa\u00eds impulsa el crecimiento econ\u00f3mico de Ecuador\t\t\t\t\t\t<\/a>\n\t\t\t\t\t<\/h3>\n\t\t\t\t\t\t\t\t\t\t\t\t\t<div class=\"wd-post-excerpt wd-scroll-content\">\n\t\t\t\t\t\t\t\t\t\t\t\t\tGuayaquil, 23 de octubre de 2025. - Durante 18 a\u00f1os, ALMAX ha redefinido el desarrollo empresarial en Ecuador. Con una visi\u00f3n de expansi\u00f3n que comenz\u00f3 en la V\u00eda a Samborond\u00f3n...\t\t\t\t\t\t\t\t\t\t\t<\/div>\n\t\t\t\t\t\t\t<\/div>\n\t\t\t\t\t<\/div>\n\t<\/div>\n<\/article>\n\t\t\t\t\t\n\t\t\t\t\t","status":"have-posts","nextPage":"https:\/\/brmagazine.com.ec\/blog\/page\/13\/?woo_ajax=1","currentPage":"https:\/\/brmagazine.com.ec\/blog\/page\/12"}