
			
				

					
				

			
		{"items":"\n\t\t\t\t\t\t\t\t\t\t\t\t\t\t<link rel=\"stylesheet\" id=\"wd-post-types-mod-categories-style-bg-css\" href=\"https:\/\/brmagazine.com.ec\/wp-content\/themes\/woodmart\/css\/parts\/post-types-mod-categories-style-bg.min.css?ver=8.2.7\" type=\"text\/css\" media=\"all\" \/> \t\t\t\n<article id=\"post-7535\" class=\"wd-post blog-design-list blog-post-loop blog-style-flat post-7535 post type-post status-publish format-standard has-post-thumbnail hentry category-sociales pmpro-has-access\">\n\t<div class=\"wd-post-inner\">\n\t\t<div class=\"wd-post-thumb\">\n\t\t\t\t\t\t\t<div class=\"wd-post-img\">\n\t\t\t\t\t<img width=\"1024\" height=\"683\" src=\"https:\/\/brmagazine.com.ec\/wp-content\/uploads\/2026\/04\/FOTO-OFICIAL-LA-ESTACION-1024x683.jpeg\" class=\"attachment-large size-large\" alt=\"\" decoding=\"async\" fetchpriority=\"high\" srcset=\"https:\/\/brmagazine.com.ec\/wp-content\/uploads\/2026\/04\/FOTO-OFICIAL-LA-ESTACION-1024x683.jpeg 1024w, https:\/\/brmagazine.com.ec\/wp-content\/uploads\/2026\/04\/FOTO-OFICIAL-LA-ESTACION-300x200.jpeg 300w, https:\/\/brmagazine.com.ec\/wp-content\/uploads\/2026\/04\/FOTO-OFICIAL-LA-ESTACION-768x512.jpeg 768w, https:\/\/brmagazine.com.ec\/wp-content\/uploads\/2026\/04\/FOTO-OFICIAL-LA-ESTACION-1536x1024.jpeg 1536w, https:\/\/brmagazine.com.ec\/wp-content\/uploads\/2026\/04\/FOTO-OFICIAL-LA-ESTACION-2048x1365.jpeg 2048w, https:\/\/brmagazine.com.ec\/wp-content\/uploads\/2026\/04\/FOTO-OFICIAL-LA-ESTACION-18x12.jpeg 18w\" sizes=\"(max-width: 1024px) 100vw, 1024px\" \/>\t\t\t\t<\/div>\n\t\t\t\t\t\t\t\t\t\t\t\t<a class=\"wd-post-link wd-fill\" href=\"https:\/\/brmagazine.com.ec\/ambiensa-y-corporacion-guayaquil-dan-un-paso-trascendental-con-la-colocacion-de-la-primera-piedra-del-centro-comercial-la-estacion-i-sucre-perez-baquerizo-en-la-nueva-ciuda\/\" rel=\"bookmark\" aria-label=\"Link on post Ambiensa y Corporaci\u00f3n Guayaquil dan un paso trascendental con la colocaci\u00f3n de la primera piedra del Centro Comercial \u201cLa Estaci\u00f3n I \u2013 Sucre P\u00e9rez Baquerizo\u201d en la Nueva Ciudad\"><\/a>\n\t\t\t\t\t\t\t<div class=\"wd-post-cat wd-style-with-bg\">\n\t\t\t\t\t<a href=\"https:\/\/brmagazine.com.ec\/category\/sociales\/\" rel=\"category tag\">Sociales<\/a>\t\t\t\t<\/div>\n\t\t\t\t\t<\/div>\n\n\t\t<div class=\"wd-post-content\">\n\t\t\t<div class=\"wd-post-content-inner wd-scroll\">\n\t\t\t\t\t\t\t\t\t<div class=\"wd-post-meta\">\n\t\t\t\t\t\t\t\t\t\t\t\t\t\t\t<link rel=\"stylesheet\" id=\"wd-blog-mod-author-css\" href=\"https:\/\/brmagazine.com.ec\/wp-content\/themes\/woodmart\/css\/parts\/blog-mod-author.min.css?ver=8.2.7\" type=\"text\/css\" media=\"all\" \/> \t\t\t\t\t\t\t\t\t<div class=\"wd-post-author\">\n\t\t\t\t\t\t\t\t\t\t\t\t<span>Posted by<\/span>\n\t\t\n\t\t\t\t\t<img alt='author-avatar' src='https:\/\/brmagazine.com.ec\/wp-content\/uploads\/2025\/12\/jose-terranova-soporte-br_avatar-22x22.png' srcset='https:\/\/brmagazine.com.ec\/wp-content\/uploads\/2025\/12\/jose-terranova-soporte-br_avatar-44x44.png 2x' class='avatar avatar-22 photo' height='22' width='22' decoding='async'\/>\t\t\n\t\t\t\t\t<a href=\"https:\/\/brmagazine.com.ec\/author\/jose-terranova\/\" class=\"author\" rel=\"author\">Jose Terranova (Soporte Br)<\/a>\n\t\t\t\t\t\t\t\t\t\t<\/div>\n\t\t\t\t\t\t<div class=\"wd-modified-date\">\n\t\t\t\t\t\t\t\t\t<time class=\"updated\" datetime=\"2026-04-16T12:18:48-05:00\">\n\t\t\tabril 16, 2026\t\t<\/time>\n\t\t\t\t\t\t\t\t<\/div>\n\n\t\t\t\t\t\t\t\t\t\t\t\t\t<div class=\"wd-post-share wd-tltp\">\n\t\t\t\t\t\t\t\t<div class=\"tooltip top\">\n\t\t\t\t\t\t\t\t\t<div class=\"tooltip-inner\">\n\t\t\t\t\t\t\t\t\t\t\t\t\t<link rel=\"stylesheet\" id=\"wd-social-icons-css\" href=\"https:\/\/brmagazine.com.ec\/wp-content\/themes\/woodmart\/css\/parts\/el-social-icons.min.css?ver=8.2.7\" type=\"text\/css\" media=\"all\" \/> \t\t\t\t\t\t<div\n\t\t\t\t\t\tclass=\" wd-social-icons  wd-style-default wd-size-small social-share wd-shape-circle color-scheme-light text-center\">\n\t\t\t\t\n\t\t\t\t\n\t\t\t\t\t\t\t\t\t<a rel=\"noopener noreferrer nofollow\" href=\"https:\/\/www.facebook.com\/sharer\/sharer.php?u=https:\/\/brmagazine.com.ec\/blog\/\" target=\"_blank\" class=\" wd-social-icon social-facebook\" aria-label=\"Facebook social link\">\n\t\t\t\t\t\t<span class=\"wd-icon\"><\/span>\n\t\t\t\t\t\t\t\t\t\t\t<\/a>\n\t\t\t\t\n\t\t\t\t\t\t\t\t\t<a rel=\"noopener noreferrer nofollow\" href=\"https:\/\/x.com\/share?url=https:\/\/brmagazine.com.ec\/blog\/\" target=\"_blank\" class=\" wd-social-icon social-twitter\" aria-label=\"X social link\">\n\t\t\t\t\t\t<span class=\"wd-icon\"><\/span>\n\t\t\t\t\t\t\t\t\t\t\t<\/a>\n\t\t\t\t\n\t\t\t\t\n\t\t\t\t\n\t\t\t\t\n\t\t\t\t\n\t\t\t\t\n\t\t\t\t\t\t\t\t\t<a rel=\"noopener noreferrer nofollow\" href=\"https:\/\/pinterest.com\/pin\/create\/button\/?url=https:\/\/brmagazine.com.ec\/blog\/&media=https:\/\/brmagazine.com.ec\/wp-content\/uploads\/2026\/04\/FOTO-OFICIAL-LA-ESTACION-scaled.jpeg&description=Ambiensa+y+Corporaci%C3%B3n+Guayaquil+dan+un+paso+trascendental+con+la+colocaci%C3%B3n+de+la+primera+piedra+del+Centro+Comercial+%E2%80%9CLa+Estaci%C3%B3n+I+%E2%80%93+Sucre+P%C3%A9rez+Baquerizo%E2%80%9D+en+la+Nueva+Ciudad\" target=\"_blank\" class=\" wd-social-icon social-pinterest\" aria-label=\"Pinterest social link\">\n\t\t\t\t\t\t<span class=\"wd-icon\"><\/span>\n\t\t\t\t\t\t\t\t\t\t\t<\/a>\n\t\t\t\t\n\t\t\t\t\n\t\t\t\t\t\t\t\t\t<a rel=\"noopener noreferrer nofollow\" href=\"https:\/\/www.linkedin.com\/shareArticle?mini=true&url=https:\/\/brmagazine.com.ec\/blog\/\" target=\"_blank\" class=\" wd-social-icon social-linkedin\" aria-label=\"Linkedin social link\">\n\t\t\t\t\t\t<span class=\"wd-icon\"><\/span>\n\t\t\t\t\t\t\t\t\t\t\t<\/a>\n\t\t\t\t\n\t\t\t\t\n\t\t\t\t\n\t\t\t\t\n\t\t\t\t\n\t\t\t\t\n\t\t\t\t\n\t\t\t\t\n\t\t\t\t\n\t\t\t\t\n\t\t\t\t\n\t\t\t\t\n\t\t\t\t\n\t\t\t\t\n\t\t\t\t\n\t\t\t\t\t\t\t\t\t<a rel=\"noopener noreferrer nofollow\" href=\"https:\/\/telegram.me\/share\/url?url=https:\/\/brmagazine.com.ec\/blog\/\" target=\"_blank\" class=\" wd-social-icon social-tg\" aria-label=\"Telegram social link\">\n\t\t\t\t\t\t<span class=\"wd-icon\"><\/span>\n\t\t\t\t\t\t\t\t\t\t\t<\/a>\n\t\t\t\t\n\t\t\t\t\n\t\t\t<\/div>\n\n\t\t\t\t\t\t\t\t\t\t\t<\/div>\n\t\t\t\t\t\t\t\t\t<div class=\"tooltip-arrow\"><\/div>\n\t\t\t\t\t\t\t\t<\/div>\n\t\t\t\t\t\t\t<\/div>\n\t\t\t\t\t\t\n\t\t\t\t\t\t\t\t\t\t\t\t\t\t\t\t<link rel=\"stylesheet\" id=\"wd-blog-mod-comments-button-css\" href=\"https:\/\/brmagazine.com.ec\/wp-content\/themes\/woodmart\/css\/parts\/blog-mod-comments-button.min.css?ver=8.2.7\" type=\"text\/css\" media=\"all\" \/> \t\t\t\t\t\t\t\t\t\t<div class=\"wd-post-reply wd-style-1\">\n\t\t\t\t\t\t\t\t<a href=\"https:\/\/brmagazine.com.ec\/ambiensa-y-corporacion-guayaquil-dan-un-paso-trascendental-con-la-colocacion-de-la-primera-piedra-del-centro-comercial-la-estacion-i-sucre-perez-baquerizo-en-la-nueva-ciuda\/#respond\"><span class=\"wd-replies-count\">0<\/span><\/a>\t\t\t\t\t\t\t<\/div>\n\t\t\t\t\t\t\t\t\t\t\t<\/div>\n\t\t\t\t\t\t\t\t\t\t\t\t\t<h3 class=\"wd-post-title wd-entities-title title post-title\">\n\t\t\t\t\t\t<a href=\"https:\/\/brmagazine.com.ec\/ambiensa-y-corporacion-guayaquil-dan-un-paso-trascendental-con-la-colocacion-de-la-primera-piedra-del-centro-comercial-la-estacion-i-sucre-perez-baquerizo-en-la-nueva-ciuda\/\" rel=\"bookmark\">\n\t\t\t\t\t\t\tAmbiensa y Corporaci\u00f3n Guayaquil dan un paso trascendental con la colocaci\u00f3n de la primera piedra del Centro Comercial \u201cLa Estaci\u00f3n I \u2013 Sucre P\u00e9rez Baquerizo\u201d en la Nueva Ciudad\t\t\t\t\t\t<\/a>\n\t\t\t\t\t<\/h3>\n\t\t\t\t\t\t\t\t\t\t\t\t\t<div class=\"wd-post-excerpt wd-scroll-content\">\n\t\t\t\t\t\t\t\t\t\t\t\t\tAmbiensa, a trav\u00e9s de su filial Corporaci\u00f3n Guayaquil, contin\u00faa consolidando su visi\u00f3n de desarrollo urbano integral con la colocaci\u00f3n de la primera piedra del Centro Comercial \u201cLa Estaci\u00f3n I \u2013...\t\t\t\t\t\t\t\t\t\t\t<\/div>\n\t\t\t\t\t\t\t<\/div>\n\t\t\t\t\t<\/div>\n\t<\/div>\n<\/article>\n\t\t\t\t\t\t\t\t\t\t\t\n<article id=\"post-7528\" class=\"wd-post blog-design-list blog-post-loop blog-style-flat post-7528 post type-post status-publish format-standard has-post-thumbnail hentry category-sociales pmpro-has-access\">\n\t<div class=\"wd-post-inner\">\n\t\t<div class=\"wd-post-thumb\">\n\t\t\t\t\t\t\t<div class=\"wd-post-img\">\n\t\t\t\t\t<img width=\"1024\" height=\"683\" src=\"https:\/\/brmagazine.com.ec\/wp-content\/uploads\/2026\/04\/MG_2691-1024x683.jpeg\" class=\"attachment-large size-large\" alt=\"\" decoding=\"async\" srcset=\"https:\/\/brmagazine.com.ec\/wp-content\/uploads\/2026\/04\/MG_2691-1024x683.jpeg 1024w, https:\/\/brmagazine.com.ec\/wp-content\/uploads\/2026\/04\/MG_2691-300x200.jpeg 300w, https:\/\/brmagazine.com.ec\/wp-content\/uploads\/2026\/04\/MG_2691-768x512.jpeg 768w, https:\/\/brmagazine.com.ec\/wp-content\/uploads\/2026\/04\/MG_2691-1536x1024.jpeg 1536w, https:\/\/brmagazine.com.ec\/wp-content\/uploads\/2026\/04\/MG_2691-2048x1365.jpeg 2048w, https:\/\/brmagazine.com.ec\/wp-content\/uploads\/2026\/04\/MG_2691-18x12.jpeg 18w\" sizes=\"(max-width: 1024px) 100vw, 1024px\" \/>\t\t\t\t<\/div>\n\t\t\t\t\t\t\t\t\t\t\t\t<a class=\"wd-post-link wd-fill\" href=\"https:\/\/brmagazine.com.ec\/minutocorp-fortalece-su-presencia-en-el-mercado-de-valores-con-su-primer-fondo-de-inversion-colectivo-en-guayaquil\/\" rel=\"bookmark\" aria-label=\"Link on post Minutocorp fortalece su presencia en el mercado de valores con su primer fondo de inversi\u00f3n colectivo en Guayaquil\"><\/a>\n\t\t\t\t\t\t\t<div class=\"wd-post-cat wd-style-with-bg\">\n\t\t\t\t\t<a href=\"https:\/\/brmagazine.com.ec\/category\/sociales\/\" rel=\"category tag\">Sociales<\/a>\t\t\t\t<\/div>\n\t\t\t\t\t<\/div>\n\n\t\t<div class=\"wd-post-content\">\n\t\t\t<div class=\"wd-post-content-inner wd-scroll\">\n\t\t\t\t\t\t\t\t\t<div class=\"wd-post-meta\">\n\t\t\t\t\t\t\t\t\t\t\t\t\t\t\t\t\t\t<div class=\"wd-post-author\">\n\t\t\t\t\t\t\t\t\t\t\t\t<span>Posted by<\/span>\n\t\t\n\t\t\t\t\t<img alt='author-avatar' src='https:\/\/brmagazine.com.ec\/wp-content\/uploads\/2025\/12\/jose-terranova-soporte-br_avatar-22x22.png' srcset='https:\/\/brmagazine.com.ec\/wp-content\/uploads\/2025\/12\/jose-terranova-soporte-br_avatar-44x44.png 2x' class='avatar avatar-22 photo' height='22' width='22' loading='lazy' decoding='async'\/>\t\t\n\t\t\t\t\t<a href=\"https:\/\/brmagazine.com.ec\/author\/jose-terranova\/\" class=\"author\" rel=\"author\">Jose Terranova (Soporte Br)<\/a>\n\t\t\t\t\t\t\t\t\t\t<\/div>\n\t\t\t\t\t\t<div class=\"wd-modified-date\">\n\t\t\t\t\t\t\t\t\t<time class=\"updated\" datetime=\"2026-04-16T09:26:13-05:00\">\n\t\t\tabril 16, 2026\t\t<\/time>\n\t\t\t\t\t\t\t\t<\/div>\n\n\t\t\t\t\t\t\t\t\t\t\t\t\t<div class=\"wd-post-share wd-tltp\">\n\t\t\t\t\t\t\t\t<div class=\"tooltip top\">\n\t\t\t\t\t\t\t\t\t<div class=\"tooltip-inner\">\n\t\t\t\t\t\t\t\t\t\t\t\t\t<div\n\t\t\t\t\t\tclass=\" wd-social-icons  wd-style-default wd-size-small social-share wd-shape-circle color-scheme-light text-center\">\n\t\t\t\t\n\t\t\t\t\n\t\t\t\t\t\t\t\t\t<a rel=\"noopener noreferrer nofollow\" href=\"https:\/\/www.facebook.com\/sharer\/sharer.php?u=https:\/\/brmagazine.com.ec\/blog\/\" target=\"_blank\" class=\" wd-social-icon social-facebook\" aria-label=\"Facebook social link\">\n\t\t\t\t\t\t<span class=\"wd-icon\"><\/span>\n\t\t\t\t\t\t\t\t\t\t\t<\/a>\n\t\t\t\t\n\t\t\t\t\t\t\t\t\t<a rel=\"noopener noreferrer nofollow\" href=\"https:\/\/x.com\/share?url=https:\/\/brmagazine.com.ec\/blog\/\" target=\"_blank\" class=\" wd-social-icon social-twitter\" aria-label=\"X social link\">\n\t\t\t\t\t\t<span class=\"wd-icon\"><\/span>\n\t\t\t\t\t\t\t\t\t\t\t<\/a>\n\t\t\t\t\n\t\t\t\t\n\t\t\t\t\n\t\t\t\t\n\t\t\t\t\n\t\t\t\t\n\t\t\t\t\t\t\t\t\t<a rel=\"noopener noreferrer nofollow\" href=\"https:\/\/pinterest.com\/pin\/create\/button\/?url=https:\/\/brmagazine.com.ec\/blog\/&media=https:\/\/brmagazine.com.ec\/wp-content\/uploads\/2026\/04\/MG_2691-scaled.jpeg&description=Minutocorp+fortalece+su+presencia+en+el+mercado+de+valores+con+su+primer+fondo+de+inversi%C3%B3n+colectivo+en+Guayaquil\" target=\"_blank\" class=\" wd-social-icon social-pinterest\" aria-label=\"Pinterest social link\">\n\t\t\t\t\t\t<span class=\"wd-icon\"><\/span>\n\t\t\t\t\t\t\t\t\t\t\t<\/a>\n\t\t\t\t\n\t\t\t\t\n\t\t\t\t\t\t\t\t\t<a rel=\"noopener noreferrer nofollow\" href=\"https:\/\/www.linkedin.com\/shareArticle?mini=true&url=https:\/\/brmagazine.com.ec\/blog\/\" target=\"_blank\" class=\" wd-social-icon social-linkedin\" aria-label=\"Linkedin social link\">\n\t\t\t\t\t\t<span class=\"wd-icon\"><\/span>\n\t\t\t\t\t\t\t\t\t\t\t<\/a>\n\t\t\t\t\n\t\t\t\t\n\t\t\t\t\n\t\t\t\t\n\t\t\t\t\n\t\t\t\t\n\t\t\t\t\n\t\t\t\t\n\t\t\t\t\n\t\t\t\t\n\t\t\t\t\n\t\t\t\t\n\t\t\t\t\n\t\t\t\t\n\t\t\t\t\n\t\t\t\t\t\t\t\t\t<a rel=\"noopener noreferrer nofollow\" href=\"https:\/\/telegram.me\/share\/url?url=https:\/\/brmagazine.com.ec\/blog\/\" target=\"_blank\" class=\" wd-social-icon social-tg\" aria-label=\"Telegram social link\">\n\t\t\t\t\t\t<span class=\"wd-icon\"><\/span>\n\t\t\t\t\t\t\t\t\t\t\t<\/a>\n\t\t\t\t\n\t\t\t\t\n\t\t\t<\/div>\n\n\t\t\t\t\t\t\t\t\t\t\t<\/div>\n\t\t\t\t\t\t\t\t\t<div class=\"tooltip-arrow\"><\/div>\n\t\t\t\t\t\t\t\t<\/div>\n\t\t\t\t\t\t\t<\/div>\n\t\t\t\t\t\t\n\t\t\t\t\t\t\t\t\t\t\t\t\t\t\t\t\t\t\t\t<div class=\"wd-post-reply wd-style-1\">\n\t\t\t\t\t\t\t\t<a href=\"https:\/\/brmagazine.com.ec\/minutocorp-fortalece-su-presencia-en-el-mercado-de-valores-con-su-primer-fondo-de-inversion-colectivo-en-guayaquil\/#respond\"><span class=\"wd-replies-count\">0<\/span><\/a>\t\t\t\t\t\t\t<\/div>\n\t\t\t\t\t\t\t\t\t\t\t<\/div>\n\t\t\t\t\t\t\t\t\t\t\t\t\t<h3 class=\"wd-post-title wd-entities-title title post-title\">\n\t\t\t\t\t\t<a href=\"https:\/\/brmagazine.com.ec\/minutocorp-fortalece-su-presencia-en-el-mercado-de-valores-con-su-primer-fondo-de-inversion-colectivo-en-guayaquil\/\" rel=\"bookmark\">\n\t\t\t\t\t\t\tMinutocorp fortalece su presencia en el mercado de valores con su primer fondo de inversi\u00f3n colectivo en Guayaquil\t\t\t\t\t\t<\/a>\n\t\t\t\t\t<\/h3>\n\t\t\t\t\t\t\t\t\t\t\t\t\t<div class=\"wd-post-excerpt wd-scroll-content\">\n\t\t\t\t\t\t\t\t\t\t\t\t\tGuayaquil, 14 de abril de 2026.- Minutocorp, pr\u00f3ximo a cumplir 20 a\u00f1os de trayectoria aportando al desarrollo del pa\u00eds, celebra la colocaci\u00f3n de su primer fondo de inversi\u00f3n colectivo. La...\t\t\t\t\t\t\t\t\t\t\t<\/div>\n\t\t\t\t\t\t\t<\/div>\n\t\t\t\t\t<\/div>\n\t<\/div>\n<\/article>\n\t\t\t\t\t\t\t\t\t\t\t\n<article id=\"post-7523\" class=\"wd-post blog-design-list blog-post-loop blog-style-flat post-7523 post type-post status-publish format-standard has-post-thumbnail hentry category-sociales pmpro-has-access\">\n\t<div class=\"wd-post-inner\">\n\t\t<div class=\"wd-post-thumb\">\n\t\t\t\t\t\t\t<div class=\"wd-post-img\">\n\t\t\t\t\t<img width=\"1024\" height=\"846\" src=\"https:\/\/brmagazine.com.ec\/wp-content\/uploads\/2026\/04\/WhatsApp-Image-2026-04-14-at-10.29.44-AM-1024x846.jpeg\" class=\"attachment-large size-large\" alt=\"\" decoding=\"async\" loading=\"lazy\" srcset=\"https:\/\/brmagazine.com.ec\/wp-content\/uploads\/2026\/04\/WhatsApp-Image-2026-04-14-at-10.29.44-AM-1024x846.jpeg 1024w, https:\/\/brmagazine.com.ec\/wp-content\/uploads\/2026\/04\/WhatsApp-Image-2026-04-14-at-10.29.44-AM-300x248.jpeg 300w, https:\/\/brmagazine.com.ec\/wp-content\/uploads\/2026\/04\/WhatsApp-Image-2026-04-14-at-10.29.44-AM-768x635.jpeg 768w, https:\/\/brmagazine.com.ec\/wp-content\/uploads\/2026\/04\/WhatsApp-Image-2026-04-14-at-10.29.44-AM-1536x1269.jpeg 1536w, https:\/\/brmagazine.com.ec\/wp-content\/uploads\/2026\/04\/WhatsApp-Image-2026-04-14-at-10.29.44-AM-2048x1692.jpeg 2048w, https:\/\/brmagazine.com.ec\/wp-content\/uploads\/2026\/04\/WhatsApp-Image-2026-04-14-at-10.29.44-AM-15x12.jpeg 15w\" sizes=\"auto, (max-width: 1024px) 100vw, 1024px\" \/>\t\t\t\t<\/div>\n\t\t\t\t\t\t\t\t\t\t\t\t<a class=\"wd-post-link wd-fill\" href=\"https:\/\/brmagazine.com.ec\/nueva-matriz-de-jungheinrich-ecuador-en-almax-plus-con-el-respaldo-de-minutocorp\/\" rel=\"bookmark\" aria-label=\"Link on post NUEVA MATRIZ DE JUNGHEINRICH ECUADOR EN ALMAX PLUS, CON EL RESPALDO DE MINUTOCORP\"><\/a>\n\t\t\t\t\t\t\t<div class=\"wd-post-cat wd-style-with-bg\">\n\t\t\t\t\t<a href=\"https:\/\/brmagazine.com.ec\/category\/sociales\/\" rel=\"category tag\">Sociales<\/a>\t\t\t\t<\/div>\n\t\t\t\t\t<\/div>\n\n\t\t<div class=\"wd-post-content\">\n\t\t\t<div class=\"wd-post-content-inner wd-scroll\">\n\t\t\t\t\t\t\t\t\t<div class=\"wd-post-meta\">\n\t\t\t\t\t\t\t\t\t\t\t\t\t\t\t\t\t\t<div class=\"wd-post-author\">\n\t\t\t\t\t\t\t\t\t\t\t\t<span>Posted by<\/span>\n\t\t\n\t\t\t\t\t<img alt='author-avatar' src='https:\/\/brmagazine.com.ec\/wp-content\/uploads\/2025\/12\/jose-terranova-soporte-br_avatar-22x22.png' srcset='https:\/\/brmagazine.com.ec\/wp-content\/uploads\/2025\/12\/jose-terranova-soporte-br_avatar-44x44.png 2x' class='avatar avatar-22 photo' height='22' width='22' loading='lazy' decoding='async'\/>\t\t\n\t\t\t\t\t<a href=\"https:\/\/brmagazine.com.ec\/author\/jose-terranova\/\" class=\"author\" rel=\"author\">Jose Terranova (Soporte Br)<\/a>\n\t\t\t\t\t\t\t\t\t\t<\/div>\n\t\t\t\t\t\t<div class=\"wd-modified-date\">\n\t\t\t\t\t\t\t\t\t<time class=\"updated\" datetime=\"2026-04-14T12:06:53-05:00\">\n\t\t\tabril 14, 2026\t\t<\/time>\n\t\t\t\t\t\t\t\t<\/div>\n\n\t\t\t\t\t\t\t\t\t\t\t\t\t<div class=\"wd-post-share wd-tltp\">\n\t\t\t\t\t\t\t\t<div class=\"tooltip top\">\n\t\t\t\t\t\t\t\t\t<div class=\"tooltip-inner\">\n\t\t\t\t\t\t\t\t\t\t\t\t\t<div\n\t\t\t\t\t\tclass=\" wd-social-icons  wd-style-default wd-size-small social-share wd-shape-circle color-scheme-light text-center\">\n\t\t\t\t\n\t\t\t\t\n\t\t\t\t\t\t\t\t\t<a rel=\"noopener noreferrer nofollow\" href=\"https:\/\/www.facebook.com\/sharer\/sharer.php?u=https:\/\/brmagazine.com.ec\/blog\/\" target=\"_blank\" class=\" wd-social-icon social-facebook\" aria-label=\"Facebook social link\">\n\t\t\t\t\t\t<span class=\"wd-icon\"><\/span>\n\t\t\t\t\t\t\t\t\t\t\t<\/a>\n\t\t\t\t\n\t\t\t\t\t\t\t\t\t<a rel=\"noopener noreferrer nofollow\" href=\"https:\/\/x.com\/share?url=https:\/\/brmagazine.com.ec\/blog\/\" target=\"_blank\" class=\" wd-social-icon social-twitter\" aria-label=\"X social link\">\n\t\t\t\t\t\t<span class=\"wd-icon\"><\/span>\n\t\t\t\t\t\t\t\t\t\t\t<\/a>\n\t\t\t\t\n\t\t\t\t\n\t\t\t\t\n\t\t\t\t\n\t\t\t\t\n\t\t\t\t\n\t\t\t\t\t\t\t\t\t<a rel=\"noopener noreferrer nofollow\" href=\"https:\/\/pinterest.com\/pin\/create\/button\/?url=https:\/\/brmagazine.com.ec\/blog\/&media=https:\/\/brmagazine.com.ec\/wp-content\/uploads\/2026\/04\/WhatsApp-Image-2026-04-14-at-10.29.44-AM.jpeg&description=NUEVA+MATRIZ+DE+JUNGHEINRICH+ECUADOR+EN+ALMAX+PLUS%2C+CON+EL+RESPALDO+DE+MINUTOCORP\" target=\"_blank\" class=\" wd-social-icon social-pinterest\" aria-label=\"Pinterest social link\">\n\t\t\t\t\t\t<span class=\"wd-icon\"><\/span>\n\t\t\t\t\t\t\t\t\t\t\t<\/a>\n\t\t\t\t\n\t\t\t\t\n\t\t\t\t\t\t\t\t\t<a rel=\"noopener noreferrer nofollow\" href=\"https:\/\/www.linkedin.com\/shareArticle?mini=true&url=https:\/\/brmagazine.com.ec\/blog\/\" target=\"_blank\" class=\" wd-social-icon social-linkedin\" aria-label=\"Linkedin social link\">\n\t\t\t\t\t\t<span class=\"wd-icon\"><\/span>\n\t\t\t\t\t\t\t\t\t\t\t<\/a>\n\t\t\t\t\n\t\t\t\t\n\t\t\t\t\n\t\t\t\t\n\t\t\t\t\n\t\t\t\t\n\t\t\t\t\n\t\t\t\t\n\t\t\t\t\n\t\t\t\t\n\t\t\t\t\n\t\t\t\t\n\t\t\t\t\n\t\t\t\t\n\t\t\t\t\n\t\t\t\t\t\t\t\t\t<a rel=\"noopener noreferrer nofollow\" href=\"https:\/\/telegram.me\/share\/url?url=https:\/\/brmagazine.com.ec\/blog\/\" target=\"_blank\" class=\" wd-social-icon social-tg\" aria-label=\"Telegram social link\">\n\t\t\t\t\t\t<span class=\"wd-icon\"><\/span>\n\t\t\t\t\t\t\t\t\t\t\t<\/a>\n\t\t\t\t\n\t\t\t\t\n\t\t\t<\/div>\n\n\t\t\t\t\t\t\t\t\t\t\t<\/div>\n\t\t\t\t\t\t\t\t\t<div class=\"tooltip-arrow\"><\/div>\n\t\t\t\t\t\t\t\t<\/div>\n\t\t\t\t\t\t\t<\/div>\n\t\t\t\t\t\t\n\t\t\t\t\t\t\t\t\t\t\t\t\t\t\t\t\t\t\t\t<div class=\"wd-post-reply wd-style-1\">\n\t\t\t\t\t\t\t\t<a href=\"https:\/\/brmagazine.com.ec\/nueva-matriz-de-jungheinrich-ecuador-en-almax-plus-con-el-respaldo-de-minutocorp\/#respond\"><span class=\"wd-replies-count\">0<\/span><\/a>\t\t\t\t\t\t\t<\/div>\n\t\t\t\t\t\t\t\t\t\t\t<\/div>\n\t\t\t\t\t\t\t\t\t\t\t\t\t<h3 class=\"wd-post-title wd-entities-title title post-title\">\n\t\t\t\t\t\t<a href=\"https:\/\/brmagazine.com.ec\/nueva-matriz-de-jungheinrich-ecuador-en-almax-plus-con-el-respaldo-de-minutocorp\/\" rel=\"bookmark\">\n\t\t\t\t\t\t\tNUEVA MATRIZ DE JUNGHEINRICH ECUADOR EN ALMAX PLUS, CON EL RESPALDO DE MINUTOCORP\t\t\t\t\t\t<\/a>\n\t\t\t\t\t<\/h3>\n\t\t\t\t\t\t\t\t\t\t\t\t\t<div class=\"wd-post-excerpt wd-scroll-content\">\n\t\t\t\t\t\t\t\t\t\t\t\t\tSamborond\u00f3n, 13 de abril de 2026.- Minutocorp y Jungheinrich colocaron la primera piedra de la nueva matriz en ALMAX Plus, ubicada en el km 14.5 de la v\u00eda a Samborond\u00f3n,...\t\t\t\t\t\t\t\t\t\t\t<\/div>\n\t\t\t\t\t\t\t<\/div>\n\t\t\t\t\t<\/div>\n\t<\/div>\n<\/article>\n\t\t\t\t\t\t\t\t\t\t\t\n<article id=\"post-7516\" class=\"wd-post blog-design-list blog-post-loop blog-style-flat post-7516 post type-post status-publish format-standard has-post-thumbnail hentry category-sociales pmpro-has-access\">\n\t<div class=\"wd-post-inner\">\n\t\t<div class=\"wd-post-thumb\">\n\t\t\t\t\t\t\t<div class=\"wd-post-img\">\n\t\t\t\t\t<img width=\"1024\" height=\"576\" src=\"https:\/\/brmagazine.com.ec\/wp-content\/uploads\/2026\/04\/1-1024x576.jpg\" class=\"attachment-large size-large\" alt=\"\" decoding=\"async\" loading=\"lazy\" srcset=\"https:\/\/brmagazine.com.ec\/wp-content\/uploads\/2026\/04\/1-1024x576.jpg 1024w, https:\/\/brmagazine.com.ec\/wp-content\/uploads\/2026\/04\/1-300x169.jpg 300w, https:\/\/brmagazine.com.ec\/wp-content\/uploads\/2026\/04\/1-768x432.jpg 768w, https:\/\/brmagazine.com.ec\/wp-content\/uploads\/2026\/04\/1-1536x864.jpg 1536w, https:\/\/brmagazine.com.ec\/wp-content\/uploads\/2026\/04\/1-18x10.jpg 18w, https:\/\/brmagazine.com.ec\/wp-content\/uploads\/2026\/04\/1.jpg 1600w\" sizes=\"auto, (max-width: 1024px) 100vw, 1024px\" \/>\t\t\t\t<\/div>\n\t\t\t\t\t\t\t\t\t\t\t\t<a class=\"wd-post-link wd-fill\" href=\"https:\/\/brmagazine.com.ec\/decisiones-que-viviran-en-cada-proyecto-nacen-en-una-experiencia-de-evaluacion-de-coleccion-de-aglomerados-cotopaxi-junto-a-arquitectos-y-disenadores\/\" rel=\"bookmark\" aria-label=\"Link on post Decisiones que vivir\u00e1n en cada proyecto nacen en una experiencia de evaluaci\u00f3n de colecci\u00f3n de Aglomerados Cotopaxi junto a arquitectos y dise\u00f1adores\"><\/a>\n\t\t\t\t\t\t\t<div class=\"wd-post-cat wd-style-with-bg\">\n\t\t\t\t\t<a href=\"https:\/\/brmagazine.com.ec\/category\/sociales\/\" rel=\"category tag\">Sociales<\/a>\t\t\t\t<\/div>\n\t\t\t\t\t<\/div>\n\n\t\t<div class=\"wd-post-content\">\n\t\t\t<div class=\"wd-post-content-inner wd-scroll\">\n\t\t\t\t\t\t\t\t\t<div class=\"wd-post-meta\">\n\t\t\t\t\t\t\t\t\t\t\t\t\t\t\t\t\t\t<div class=\"wd-post-author\">\n\t\t\t\t\t\t\t\t\t\t\t\t<span>Posted by<\/span>\n\t\t\n\t\t\t\t\t<img alt='author-avatar' src='https:\/\/brmagazine.com.ec\/wp-content\/uploads\/2025\/12\/jose-terranova-soporte-br_avatar-22x22.png' srcset='https:\/\/brmagazine.com.ec\/wp-content\/uploads\/2025\/12\/jose-terranova-soporte-br_avatar-44x44.png 2x' class='avatar avatar-22 photo' height='22' width='22' loading='lazy' decoding='async'\/>\t\t\n\t\t\t\t\t<a href=\"https:\/\/brmagazine.com.ec\/author\/jose-terranova\/\" class=\"author\" rel=\"author\">Jose Terranova (Soporte Br)<\/a>\n\t\t\t\t\t\t\t\t\t\t<\/div>\n\t\t\t\t\t\t<div class=\"wd-modified-date\">\n\t\t\t\t\t\t\t\t\t<time class=\"updated\" datetime=\"2026-04-10T15:25:22-05:00\">\n\t\t\tabril 10, 2026\t\t<\/time>\n\t\t\t\t\t\t\t\t<\/div>\n\n\t\t\t\t\t\t\t\t\t\t\t\t\t<div class=\"wd-post-share wd-tltp\">\n\t\t\t\t\t\t\t\t<div class=\"tooltip top\">\n\t\t\t\t\t\t\t\t\t<div class=\"tooltip-inner\">\n\t\t\t\t\t\t\t\t\t\t\t\t\t<div\n\t\t\t\t\t\tclass=\" wd-social-icons  wd-style-default wd-size-small social-share wd-shape-circle color-scheme-light text-center\">\n\t\t\t\t\n\t\t\t\t\n\t\t\t\t\t\t\t\t\t<a rel=\"noopener noreferrer nofollow\" href=\"https:\/\/www.facebook.com\/sharer\/sharer.php?u=https:\/\/brmagazine.com.ec\/blog\/\" target=\"_blank\" class=\" wd-social-icon social-facebook\" aria-label=\"Facebook social link\">\n\t\t\t\t\t\t<span class=\"wd-icon\"><\/span>\n\t\t\t\t\t\t\t\t\t\t\t<\/a>\n\t\t\t\t\n\t\t\t\t\t\t\t\t\t<a rel=\"noopener noreferrer nofollow\" href=\"https:\/\/x.com\/share?url=https:\/\/brmagazine.com.ec\/blog\/\" target=\"_blank\" class=\" wd-social-icon social-twitter\" aria-label=\"X social link\">\n\t\t\t\t\t\t<span class=\"wd-icon\"><\/span>\n\t\t\t\t\t\t\t\t\t\t\t<\/a>\n\t\t\t\t\n\t\t\t\t\n\t\t\t\t\n\t\t\t\t\n\t\t\t\t\n\t\t\t\t\n\t\t\t\t\t\t\t\t\t<a rel=\"noopener noreferrer nofollow\" href=\"https:\/\/pinterest.com\/pin\/create\/button\/?url=https:\/\/brmagazine.com.ec\/blog\/&media=https:\/\/brmagazine.com.ec\/wp-content\/uploads\/2026\/04\/1.jpg&description=Decisiones+que+vivir%C3%A1n+en+cada+proyecto+nacen+en+una+experiencia+de+evaluaci%C3%B3n+de+colecci%C3%B3n+de+Aglomerados+Cotopaxi+junto+a+arquitectos+y+dise%C3%B1adores\" target=\"_blank\" class=\" wd-social-icon social-pinterest\" aria-label=\"Pinterest social link\">\n\t\t\t\t\t\t<span class=\"wd-icon\"><\/span>\n\t\t\t\t\t\t\t\t\t\t\t<\/a>\n\t\t\t\t\n\t\t\t\t\n\t\t\t\t\t\t\t\t\t<a rel=\"noopener noreferrer nofollow\" href=\"https:\/\/www.linkedin.com\/shareArticle?mini=true&url=https:\/\/brmagazine.com.ec\/blog\/\" target=\"_blank\" class=\" wd-social-icon social-linkedin\" aria-label=\"Linkedin social link\">\n\t\t\t\t\t\t<span class=\"wd-icon\"><\/span>\n\t\t\t\t\t\t\t\t\t\t\t<\/a>\n\t\t\t\t\n\t\t\t\t\n\t\t\t\t\n\t\t\t\t\n\t\t\t\t\n\t\t\t\t\n\t\t\t\t\n\t\t\t\t\n\t\t\t\t\n\t\t\t\t\n\t\t\t\t\n\t\t\t\t\n\t\t\t\t\n\t\t\t\t\n\t\t\t\t\n\t\t\t\t\t\t\t\t\t<a rel=\"noopener noreferrer nofollow\" href=\"https:\/\/telegram.me\/share\/url?url=https:\/\/brmagazine.com.ec\/blog\/\" target=\"_blank\" class=\" wd-social-icon social-tg\" aria-label=\"Telegram social link\">\n\t\t\t\t\t\t<span class=\"wd-icon\"><\/span>\n\t\t\t\t\t\t\t\t\t\t\t<\/a>\n\t\t\t\t\n\t\t\t\t\n\t\t\t<\/div>\n\n\t\t\t\t\t\t\t\t\t\t\t<\/div>\n\t\t\t\t\t\t\t\t\t<div class=\"tooltip-arrow\"><\/div>\n\t\t\t\t\t\t\t\t<\/div>\n\t\t\t\t\t\t\t<\/div>\n\t\t\t\t\t\t\n\t\t\t\t\t\t\t\t\t\t\t\t\t\t\t\t\t\t\t\t<div class=\"wd-post-reply wd-style-1\">\n\t\t\t\t\t\t\t\t<a href=\"https:\/\/brmagazine.com.ec\/decisiones-que-viviran-en-cada-proyecto-nacen-en-una-experiencia-de-evaluacion-de-coleccion-de-aglomerados-cotopaxi-junto-a-arquitectos-y-disenadores\/#respond\"><span class=\"wd-replies-count\">0<\/span><\/a>\t\t\t\t\t\t\t<\/div>\n\t\t\t\t\t\t\t\t\t\t\t<\/div>\n\t\t\t\t\t\t\t\t\t\t\t\t\t<h3 class=\"wd-post-title wd-entities-title title post-title\">\n\t\t\t\t\t\t<a href=\"https:\/\/brmagazine.com.ec\/decisiones-que-viviran-en-cada-proyecto-nacen-en-una-experiencia-de-evaluacion-de-coleccion-de-aglomerados-cotopaxi-junto-a-arquitectos-y-disenadores\/\" rel=\"bookmark\">\n\t\t\t\t\t\t\tDecisiones que vivir\u00e1n en cada proyecto nacen en una experiencia de evaluaci\u00f3n de colecci\u00f3n de Aglomerados Cotopaxi junto a arquitectos y dise\u00f1adores\t\t\t\t\t\t<\/a>\n\t\t\t\t\t<\/h3>\n\t\t\t\t\t\t\t\t\t\t\t\t\t<div class=\"wd-post-excerpt wd-scroll-content\">\n\t\t\t\t\t\t\t\t\t\t\t\t\tEcuador, abril de 2026.- Aglomerados Cotopaxi, l\u00edder en la industria forestal y de soluciones en madera, realiz\u00f3 un evento exclusivo en Quito y Guayaquil para destacados arquitectos, dise\u00f1adores y clientes...\t\t\t\t\t\t\t\t\t\t\t<\/div>\n\t\t\t\t\t\t\t<\/div>\n\t\t\t\t\t<\/div>\n\t<\/div>\n<\/article>\n\t\t\t\t\t\t\t\t\t\t\t\n<article id=\"post-7510\" class=\"wd-post blog-design-list blog-post-loop blog-style-flat post-7510 post type-post status-publish format-standard has-post-thumbnail hentry category-sociales pmpro-has-access\">\n\t<div class=\"wd-post-inner\">\n\t\t<div class=\"wd-post-thumb\">\n\t\t\t\t\t\t\t<div class=\"wd-post-img\">\n\t\t\t\t\t<img width=\"1024\" height=\"753\" src=\"https:\/\/brmagazine.com.ec\/wp-content\/uploads\/2026\/04\/Imagen1-GP-1024x753.jpg\" class=\"attachment-large size-large\" alt=\"\" decoding=\"async\" loading=\"lazy\" srcset=\"https:\/\/brmagazine.com.ec\/wp-content\/uploads\/2026\/04\/Imagen1-GP-1024x753.jpg 1024w, https:\/\/brmagazine.com.ec\/wp-content\/uploads\/2026\/04\/Imagen1-GP-300x221.jpg 300w, https:\/\/brmagazine.com.ec\/wp-content\/uploads\/2026\/04\/Imagen1-GP-768x565.jpg 768w, https:\/\/brmagazine.com.ec\/wp-content\/uploads\/2026\/04\/Imagen1-GP-1536x1129.jpg 1536w, https:\/\/brmagazine.com.ec\/wp-content\/uploads\/2026\/04\/Imagen1-GP-16x12.jpg 16w, https:\/\/brmagazine.com.ec\/wp-content\/uploads\/2026\/04\/Imagen1-GP.jpg 1700w\" sizes=\"auto, (max-width: 1024px) 100vw, 1024px\" \/>\t\t\t\t<\/div>\n\t\t\t\t\t\t\t\t\t\t\t\t<a class=\"wd-post-link wd-fill\" href=\"https:\/\/brmagazine.com.ec\/casa-sotomayor-se-renueva-y-consolida-un-modelo-de-inversion-para-preservar-y-activar-el-centro-historico-de-quito\/\" rel=\"bookmark\" aria-label=\"Link on post Casa Sotomayor se renueva y consolida un modelo de inversi\u00f3n para preservar y activar el Centro Hist\u00f3rico de Quito\"><\/a>\n\t\t\t\t\t\t\t<div class=\"wd-post-cat wd-style-with-bg\">\n\t\t\t\t\t<a href=\"https:\/\/brmagazine.com.ec\/category\/sociales\/\" rel=\"category tag\">Sociales<\/a>\t\t\t\t<\/div>\n\t\t\t\t\t<\/div>\n\n\t\t<div class=\"wd-post-content\">\n\t\t\t<div class=\"wd-post-content-inner wd-scroll\">\n\t\t\t\t\t\t\t\t\t<div class=\"wd-post-meta\">\n\t\t\t\t\t\t\t\t\t\t\t\t\t\t\t\t\t\t<div class=\"wd-post-author\">\n\t\t\t\t\t\t\t\t\t\t\t\t<span>Posted by<\/span>\n\t\t\n\t\t\t\t\t<img alt='author-avatar' src='https:\/\/brmagazine.com.ec\/wp-content\/uploads\/2025\/12\/jose-terranova-soporte-br_avatar-22x22.png' srcset='https:\/\/brmagazine.com.ec\/wp-content\/uploads\/2025\/12\/jose-terranova-soporte-br_avatar-44x44.png 2x' class='avatar avatar-22 photo' height='22' width='22' loading='lazy' decoding='async'\/>\t\t\n\t\t\t\t\t<a href=\"https:\/\/brmagazine.com.ec\/author\/jose-terranova\/\" class=\"author\" rel=\"author\">Jose Terranova (Soporte Br)<\/a>\n\t\t\t\t\t\t\t\t\t\t<\/div>\n\t\t\t\t\t\t<div class=\"wd-modified-date\">\n\t\t\t\t\t\t\t\t\t<time class=\"updated\" datetime=\"2026-04-10T10:26:29-05:00\">\n\t\t\tabril 10, 2026\t\t<\/time>\n\t\t\t\t\t\t\t\t<\/div>\n\n\t\t\t\t\t\t\t\t\t\t\t\t\t<div class=\"wd-post-share wd-tltp\">\n\t\t\t\t\t\t\t\t<div class=\"tooltip top\">\n\t\t\t\t\t\t\t\t\t<div class=\"tooltip-inner\">\n\t\t\t\t\t\t\t\t\t\t\t\t\t<div\n\t\t\t\t\t\tclass=\" wd-social-icons  wd-style-default wd-size-small social-share wd-shape-circle color-scheme-light text-center\">\n\t\t\t\t\n\t\t\t\t\n\t\t\t\t\t\t\t\t\t<a rel=\"noopener noreferrer nofollow\" href=\"https:\/\/www.facebook.com\/sharer\/sharer.php?u=https:\/\/brmagazine.com.ec\/blog\/\" target=\"_blank\" class=\" wd-social-icon social-facebook\" aria-label=\"Facebook social link\">\n\t\t\t\t\t\t<span class=\"wd-icon\"><\/span>\n\t\t\t\t\t\t\t\t\t\t\t<\/a>\n\t\t\t\t\n\t\t\t\t\t\t\t\t\t<a rel=\"noopener noreferrer nofollow\" href=\"https:\/\/x.com\/share?url=https:\/\/brmagazine.com.ec\/blog\/\" target=\"_blank\" class=\" wd-social-icon social-twitter\" aria-label=\"X social link\">\n\t\t\t\t\t\t<span class=\"wd-icon\"><\/span>\n\t\t\t\t\t\t\t\t\t\t\t<\/a>\n\t\t\t\t\n\t\t\t\t\n\t\t\t\t\n\t\t\t\t\n\t\t\t\t\n\t\t\t\t\n\t\t\t\t\t\t\t\t\t<a rel=\"noopener noreferrer nofollow\" href=\"https:\/\/pinterest.com\/pin\/create\/button\/?url=https:\/\/brmagazine.com.ec\/blog\/&media=https:\/\/brmagazine.com.ec\/wp-content\/uploads\/2026\/04\/Imagen1-GP.jpg&description=Casa+Sotomayor+se+renueva+y+consolida+un+modelo+de+inversi%C3%B3n+para+preservar+y+activar+el+Centro+Hist%C3%B3rico+de+Quito\" target=\"_blank\" class=\" wd-social-icon social-pinterest\" aria-label=\"Pinterest social link\">\n\t\t\t\t\t\t<span class=\"wd-icon\"><\/span>\n\t\t\t\t\t\t\t\t\t\t\t<\/a>\n\t\t\t\t\n\t\t\t\t\n\t\t\t\t\t\t\t\t\t<a rel=\"noopener noreferrer nofollow\" href=\"https:\/\/www.linkedin.com\/shareArticle?mini=true&url=https:\/\/brmagazine.com.ec\/blog\/\" target=\"_blank\" class=\" wd-social-icon social-linkedin\" aria-label=\"Linkedin social link\">\n\t\t\t\t\t\t<span class=\"wd-icon\"><\/span>\n\t\t\t\t\t\t\t\t\t\t\t<\/a>\n\t\t\t\t\n\t\t\t\t\n\t\t\t\t\n\t\t\t\t\n\t\t\t\t\n\t\t\t\t\n\t\t\t\t\n\t\t\t\t\n\t\t\t\t\n\t\t\t\t\n\t\t\t\t\n\t\t\t\t\n\t\t\t\t\n\t\t\t\t\n\t\t\t\t\n\t\t\t\t\t\t\t\t\t<a rel=\"noopener noreferrer nofollow\" href=\"https:\/\/telegram.me\/share\/url?url=https:\/\/brmagazine.com.ec\/blog\/\" target=\"_blank\" class=\" wd-social-icon social-tg\" aria-label=\"Telegram social link\">\n\t\t\t\t\t\t<span class=\"wd-icon\"><\/span>\n\t\t\t\t\t\t\t\t\t\t\t<\/a>\n\t\t\t\t\n\t\t\t\t\n\t\t\t<\/div>\n\n\t\t\t\t\t\t\t\t\t\t\t<\/div>\n\t\t\t\t\t\t\t\t\t<div class=\"tooltip-arrow\"><\/div>\n\t\t\t\t\t\t\t\t<\/div>\n\t\t\t\t\t\t\t<\/div>\n\t\t\t\t\t\t\n\t\t\t\t\t\t\t\t\t\t\t\t\t\t\t\t\t\t\t\t<div class=\"wd-post-reply wd-style-1\">\n\t\t\t\t\t\t\t\t<a href=\"https:\/\/brmagazine.com.ec\/casa-sotomayor-se-renueva-y-consolida-un-modelo-de-inversion-para-preservar-y-activar-el-centro-historico-de-quito\/#respond\"><span class=\"wd-replies-count\">0<\/span><\/a>\t\t\t\t\t\t\t<\/div>\n\t\t\t\t\t\t\t\t\t\t\t<\/div>\n\t\t\t\t\t\t\t\t\t\t\t\t\t<h3 class=\"wd-post-title wd-entities-title title post-title\">\n\t\t\t\t\t\t<a href=\"https:\/\/brmagazine.com.ec\/casa-sotomayor-se-renueva-y-consolida-un-modelo-de-inversion-para-preservar-y-activar-el-centro-historico-de-quito\/\" rel=\"bookmark\">\n\t\t\t\t\t\t\tCasa Sotomayor se renueva y consolida un modelo de inversi\u00f3n para preservar y activar el Centro Hist\u00f3rico de Quito\t\t\t\t\t\t<\/a>\n\t\t\t\t\t<\/h3>\n\t\t\t\t\t\t\t\t\t\t\t\t\t<div class=\"wd-post-excerpt wd-scroll-content\">\n\t\t\t\t\t\t\t\t\t\t\t\t\tQuito, abril 2026.- En el coraz\u00f3n del Centro Hist\u00f3rico de Quito declarado Patrimonio Cultural de la Humanidad por la UNESCO Casa Sotomayor inicia una nueva etapa tras un proceso integral...\t\t\t\t\t\t\t\t\t\t\t<\/div>\n\t\t\t\t\t\t\t<\/div>\n\t\t\t\t\t<\/div>\n\t<\/div>\n<\/article>\n\t\t\t\t\t\t\t\t\t\t\t\n<article id=\"post-7506\" class=\"wd-post blog-design-list blog-post-loop blog-style-flat post-7506 post type-post status-publish format-standard has-post-thumbnail hentry category-sociales pmpro-has-access\">\n\t<div class=\"wd-post-inner\">\n\t\t<div class=\"wd-post-thumb\">\n\t\t\t\t\t\t\t<div class=\"wd-post-img\">\n\t\t\t\t\t<img width=\"1024\" height=\"768\" src=\"https:\/\/brmagazine.com.ec\/wp-content\/uploads\/2026\/04\/WhatsApp-Image-2026-04-09-at-9.51.20-AM-1024x768.jpeg\" class=\"attachment-large size-large\" alt=\"\" decoding=\"async\" loading=\"lazy\" srcset=\"https:\/\/brmagazine.com.ec\/wp-content\/uploads\/2026\/04\/WhatsApp-Image-2026-04-09-at-9.51.20-AM-1024x768.jpeg 1024w, https:\/\/brmagazine.com.ec\/wp-content\/uploads\/2026\/04\/WhatsApp-Image-2026-04-09-at-9.51.20-AM-300x225.jpeg 300w, https:\/\/brmagazine.com.ec\/wp-content\/uploads\/2026\/04\/WhatsApp-Image-2026-04-09-at-9.51.20-AM-768x576.jpeg 768w, https:\/\/brmagazine.com.ec\/wp-content\/uploads\/2026\/04\/WhatsApp-Image-2026-04-09-at-9.51.20-AM-16x12.jpeg 16w, https:\/\/brmagazine.com.ec\/wp-content\/uploads\/2026\/04\/WhatsApp-Image-2026-04-09-at-9.51.20-AM.jpeg 1280w\" sizes=\"auto, (max-width: 1024px) 100vw, 1024px\" \/>\t\t\t\t<\/div>\n\t\t\t\t\t\t\t\t\t\t\t\t<a class=\"wd-post-link wd-fill\" href=\"https:\/\/brmagazine.com.ec\/novopan-marca-un-hito-en-sostenibilidad-con-la-primera-certificacion-de-proyecto-fsc-en-ecuador\/\" rel=\"bookmark\" aria-label=\"Link on post Novopan marca un hito en sostenibilidad con la primera Certificaci\u00f3n de Proyecto FSC\u00ae en Ecuador\"><\/a>\n\t\t\t\t\t\t\t<div class=\"wd-post-cat wd-style-with-bg\">\n\t\t\t\t\t<a href=\"https:\/\/brmagazine.com.ec\/category\/sociales\/\" rel=\"category tag\">Sociales<\/a>\t\t\t\t<\/div>\n\t\t\t\t\t<\/div>\n\n\t\t<div class=\"wd-post-content\">\n\t\t\t<div class=\"wd-post-content-inner wd-scroll\">\n\t\t\t\t\t\t\t\t\t<div class=\"wd-post-meta\">\n\t\t\t\t\t\t\t\t\t\t\t\t\t\t\t\t\t\t<div class=\"wd-post-author\">\n\t\t\t\t\t\t\t\t\t\t\t\t<span>Posted by<\/span>\n\t\t\n\t\t\t\t\t<img alt='author-avatar' src='https:\/\/brmagazine.com.ec\/wp-content\/uploads\/2025\/12\/jose-terranova-soporte-br_avatar-22x22.png' srcset='https:\/\/brmagazine.com.ec\/wp-content\/uploads\/2025\/12\/jose-terranova-soporte-br_avatar-44x44.png 2x' class='avatar avatar-22 photo' height='22' width='22' loading='lazy' decoding='async'\/>\t\t\n\t\t\t\t\t<a href=\"https:\/\/brmagazine.com.ec\/author\/jose-terranova\/\" class=\"author\" rel=\"author\">Jose Terranova (Soporte Br)<\/a>\n\t\t\t\t\t\t\t\t\t\t<\/div>\n\t\t\t\t\t\t<div class=\"wd-modified-date\">\n\t\t\t\t\t\t\t\t\t<time class=\"updated\" datetime=\"2026-04-09T10:50:02-05:00\">\n\t\t\tabril 9, 2026\t\t<\/time>\n\t\t\t\t\t\t\t\t<\/div>\n\n\t\t\t\t\t\t\t\t\t\t\t\t\t<div class=\"wd-post-share wd-tltp\">\n\t\t\t\t\t\t\t\t<div class=\"tooltip top\">\n\t\t\t\t\t\t\t\t\t<div class=\"tooltip-inner\">\n\t\t\t\t\t\t\t\t\t\t\t\t\t<div\n\t\t\t\t\t\tclass=\" wd-social-icons  wd-style-default wd-size-small social-share wd-shape-circle color-scheme-light text-center\">\n\t\t\t\t\n\t\t\t\t\n\t\t\t\t\t\t\t\t\t<a rel=\"noopener noreferrer nofollow\" href=\"https:\/\/www.facebook.com\/sharer\/sharer.php?u=https:\/\/brmagazine.com.ec\/blog\/\" target=\"_blank\" class=\" wd-social-icon social-facebook\" aria-label=\"Facebook social link\">\n\t\t\t\t\t\t<span class=\"wd-icon\"><\/span>\n\t\t\t\t\t\t\t\t\t\t\t<\/a>\n\t\t\t\t\n\t\t\t\t\t\t\t\t\t<a rel=\"noopener noreferrer nofollow\" href=\"https:\/\/x.com\/share?url=https:\/\/brmagazine.com.ec\/blog\/\" target=\"_blank\" class=\" wd-social-icon social-twitter\" aria-label=\"X social link\">\n\t\t\t\t\t\t<span class=\"wd-icon\"><\/span>\n\t\t\t\t\t\t\t\t\t\t\t<\/a>\n\t\t\t\t\n\t\t\t\t\n\t\t\t\t\n\t\t\t\t\n\t\t\t\t\n\t\t\t\t\n\t\t\t\t\t\t\t\t\t<a rel=\"noopener noreferrer nofollow\" href=\"https:\/\/pinterest.com\/pin\/create\/button\/?url=https:\/\/brmagazine.com.ec\/blog\/&media=https:\/\/brmagazine.com.ec\/wp-content\/uploads\/2026\/04\/WhatsApp-Image-2026-04-09-at-9.51.20-AM.jpeg&description=Novopan+marca+un+hito+en+sostenibilidad+con+la+primera+Certificaci%C3%B3n+de+Proyecto+FSC%C2%AE+en+Ecuador\" target=\"_blank\" class=\" wd-social-icon social-pinterest\" aria-label=\"Pinterest social link\">\n\t\t\t\t\t\t<span class=\"wd-icon\"><\/span>\n\t\t\t\t\t\t\t\t\t\t\t<\/a>\n\t\t\t\t\n\t\t\t\t\n\t\t\t\t\t\t\t\t\t<a rel=\"noopener noreferrer nofollow\" href=\"https:\/\/www.linkedin.com\/shareArticle?mini=true&url=https:\/\/brmagazine.com.ec\/blog\/\" target=\"_blank\" class=\" wd-social-icon social-linkedin\" aria-label=\"Linkedin social link\">\n\t\t\t\t\t\t<span class=\"wd-icon\"><\/span>\n\t\t\t\t\t\t\t\t\t\t\t<\/a>\n\t\t\t\t\n\t\t\t\t\n\t\t\t\t\n\t\t\t\t\n\t\t\t\t\n\t\t\t\t\n\t\t\t\t\n\t\t\t\t\n\t\t\t\t\n\t\t\t\t\n\t\t\t\t\n\t\t\t\t\n\t\t\t\t\n\t\t\t\t\n\t\t\t\t\n\t\t\t\t\t\t\t\t\t<a rel=\"noopener noreferrer nofollow\" href=\"https:\/\/telegram.me\/share\/url?url=https:\/\/brmagazine.com.ec\/blog\/\" target=\"_blank\" class=\" wd-social-icon social-tg\" aria-label=\"Telegram social link\">\n\t\t\t\t\t\t<span class=\"wd-icon\"><\/span>\n\t\t\t\t\t\t\t\t\t\t\t<\/a>\n\t\t\t\t\n\t\t\t\t\n\t\t\t<\/div>\n\n\t\t\t\t\t\t\t\t\t\t\t<\/div>\n\t\t\t\t\t\t\t\t\t<div class=\"tooltip-arrow\"><\/div>\n\t\t\t\t\t\t\t\t<\/div>\n\t\t\t\t\t\t\t<\/div>\n\t\t\t\t\t\t\n\t\t\t\t\t\t\t\t\t\t\t\t\t\t\t\t\t\t\t\t<div class=\"wd-post-reply wd-style-1\">\n\t\t\t\t\t\t\t\t<a href=\"https:\/\/brmagazine.com.ec\/novopan-marca-un-hito-en-sostenibilidad-con-la-primera-certificacion-de-proyecto-fsc-en-ecuador\/#respond\"><span class=\"wd-replies-count\">0<\/span><\/a>\t\t\t\t\t\t\t<\/div>\n\t\t\t\t\t\t\t\t\t\t\t<\/div>\n\t\t\t\t\t\t\t\t\t\t\t\t\t<h3 class=\"wd-post-title wd-entities-title title post-title\">\n\t\t\t\t\t\t<a href=\"https:\/\/brmagazine.com.ec\/novopan-marca-un-hito-en-sostenibilidad-con-la-primera-certificacion-de-proyecto-fsc-en-ecuador\/\" rel=\"bookmark\">\n\t\t\t\t\t\t\tNovopan marca un hito en sostenibilidad con la primera Certificaci\u00f3n de Proyecto FSC\u00ae en Ecuador\t\t\t\t\t\t<\/a>\n\t\t\t\t\t<\/h3>\n\t\t\t\t\t\t\t\t\t\t\t\t\t<div class=\"wd-post-excerpt wd-scroll-content\">\n\t\t\t\t\t\t\t\t\t\t\t\t\tQuito, abril de 2026.- Novopan consolida un nuevo hito en su estrategia de sostenibilidad al obtener la certificaci\u00f3n FSC\u00ae (Forest Stewardship Council\u00ae) para su Centro de Experiencia Pel\u00edkano \u2014bajo la...\t\t\t\t\t\t\t\t\t\t\t<\/div>\n\t\t\t\t\t\t\t<\/div>\n\t\t\t\t\t<\/div>\n\t<\/div>\n<\/article>\n\t\t\t\t\t\t\t\t\t\t\t\n<article id=\"post-7500\" class=\"wd-post blog-design-list blog-post-loop blog-style-flat post-7500 post type-post status-publish format-standard has-post-thumbnail hentry category-sociales pmpro-has-access\">\n\t<div class=\"wd-post-inner\">\n\t\t<div class=\"wd-post-thumb\">\n\t\t\t\t\t\t\t<div class=\"wd-post-img\">\n\t\t\t\t\t<img width=\"1024\" height=\"682\" src=\"https:\/\/brmagazine.com.ec\/wp-content\/uploads\/2026\/04\/WhatsApp-Image-2026-04-07-at-12.26.37-PM-1-1024x682.jpeg\" class=\"attachment-large size-large\" alt=\"\" decoding=\"async\" loading=\"lazy\" srcset=\"https:\/\/brmagazine.com.ec\/wp-content\/uploads\/2026\/04\/WhatsApp-Image-2026-04-07-at-12.26.37-PM-1-1024x682.jpeg 1024w, https:\/\/brmagazine.com.ec\/wp-content\/uploads\/2026\/04\/WhatsApp-Image-2026-04-07-at-12.26.37-PM-1-300x200.jpeg 300w, https:\/\/brmagazine.com.ec\/wp-content\/uploads\/2026\/04\/WhatsApp-Image-2026-04-07-at-12.26.37-PM-1-768x512.jpeg 768w, https:\/\/brmagazine.com.ec\/wp-content\/uploads\/2026\/04\/WhatsApp-Image-2026-04-07-at-12.26.37-PM-1-1536x1023.jpeg 1536w, https:\/\/brmagazine.com.ec\/wp-content\/uploads\/2026\/04\/WhatsApp-Image-2026-04-07-at-12.26.37-PM-1-18x12.jpeg 18w, https:\/\/brmagazine.com.ec\/wp-content\/uploads\/2026\/04\/WhatsApp-Image-2026-04-07-at-12.26.37-PM-1.jpeg 1600w\" sizes=\"auto, (max-width: 1024px) 100vw, 1024px\" \/>\t\t\t\t<\/div>\n\t\t\t\t\t\t\t\t\t\t\t\t<a class=\"wd-post-link wd-fill\" href=\"https:\/\/brmagazine.com.ec\/colineal-consolida-su-propuesta-en-el-sector-hotelero-de-alto-nivel\/\" rel=\"bookmark\" aria-label=\"Link on post Colineal consolida su propuesta en el sector hotelero de alto nivel\"><\/a>\n\t\t\t\t\t\t\t<div class=\"wd-post-cat wd-style-with-bg\">\n\t\t\t\t\t<a href=\"https:\/\/brmagazine.com.ec\/category\/sociales\/\" rel=\"category tag\">Sociales<\/a>\t\t\t\t<\/div>\n\t\t\t\t\t<\/div>\n\n\t\t<div class=\"wd-post-content\">\n\t\t\t<div class=\"wd-post-content-inner wd-scroll\">\n\t\t\t\t\t\t\t\t\t<div class=\"wd-post-meta\">\n\t\t\t\t\t\t\t\t\t\t\t\t\t\t\t\t\t\t<div class=\"wd-post-author\">\n\t\t\t\t\t\t\t\t\t\t\t\t<span>Posted by<\/span>\n\t\t\n\t\t\t\t\t<img alt='author-avatar' src='https:\/\/brmagazine.com.ec\/wp-content\/uploads\/2025\/12\/jose-terranova-soporte-br_avatar-22x22.png' srcset='https:\/\/brmagazine.com.ec\/wp-content\/uploads\/2025\/12\/jose-terranova-soporte-br_avatar-44x44.png 2x' class='avatar avatar-22 photo' height='22' width='22' loading='lazy' decoding='async'\/>\t\t\n\t\t\t\t\t<a href=\"https:\/\/brmagazine.com.ec\/author\/jose-terranova\/\" class=\"author\" rel=\"author\">Jose Terranova (Soporte Br)<\/a>\n\t\t\t\t\t\t\t\t\t\t<\/div>\n\t\t\t\t\t\t<div class=\"wd-modified-date\">\n\t\t\t\t\t\t\t\t\t<time class=\"updated\" datetime=\"2026-04-07T12:36:29-05:00\">\n\t\t\tabril 7, 2026\t\t<\/time>\n\t\t\t\t\t\t\t\t<\/div>\n\n\t\t\t\t\t\t\t\t\t\t\t\t\t<div class=\"wd-post-share wd-tltp\">\n\t\t\t\t\t\t\t\t<div class=\"tooltip top\">\n\t\t\t\t\t\t\t\t\t<div class=\"tooltip-inner\">\n\t\t\t\t\t\t\t\t\t\t\t\t\t<div\n\t\t\t\t\t\tclass=\" wd-social-icons  wd-style-default wd-size-small social-share wd-shape-circle color-scheme-light text-center\">\n\t\t\t\t\n\t\t\t\t\n\t\t\t\t\t\t\t\t\t<a rel=\"noopener noreferrer nofollow\" href=\"https:\/\/www.facebook.com\/sharer\/sharer.php?u=https:\/\/brmagazine.com.ec\/blog\/\" target=\"_blank\" class=\" wd-social-icon social-facebook\" aria-label=\"Facebook social link\">\n\t\t\t\t\t\t<span class=\"wd-icon\"><\/span>\n\t\t\t\t\t\t\t\t\t\t\t<\/a>\n\t\t\t\t\n\t\t\t\t\t\t\t\t\t<a rel=\"noopener noreferrer nofollow\" href=\"https:\/\/x.com\/share?url=https:\/\/brmagazine.com.ec\/blog\/\" target=\"_blank\" class=\" wd-social-icon social-twitter\" aria-label=\"X social link\">\n\t\t\t\t\t\t<span class=\"wd-icon\"><\/span>\n\t\t\t\t\t\t\t\t\t\t\t<\/a>\n\t\t\t\t\n\t\t\t\t\n\t\t\t\t\n\t\t\t\t\n\t\t\t\t\n\t\t\t\t\n\t\t\t\t\t\t\t\t\t<a rel=\"noopener noreferrer nofollow\" href=\"https:\/\/pinterest.com\/pin\/create\/button\/?url=https:\/\/brmagazine.com.ec\/blog\/&media=https:\/\/brmagazine.com.ec\/wp-content\/uploads\/2026\/04\/WhatsApp-Image-2026-04-07-at-12.26.37-PM-1.jpeg&description=Colineal+consolida+su+propuesta+en+el+sector+hotelero+de+alto+nivel\" target=\"_blank\" class=\" wd-social-icon social-pinterest\" aria-label=\"Pinterest social link\">\n\t\t\t\t\t\t<span class=\"wd-icon\"><\/span>\n\t\t\t\t\t\t\t\t\t\t\t<\/a>\n\t\t\t\t\n\t\t\t\t\n\t\t\t\t\t\t\t\t\t<a rel=\"noopener noreferrer nofollow\" href=\"https:\/\/www.linkedin.com\/shareArticle?mini=true&url=https:\/\/brmagazine.com.ec\/blog\/\" target=\"_blank\" class=\" wd-social-icon social-linkedin\" aria-label=\"Linkedin social link\">\n\t\t\t\t\t\t<span class=\"wd-icon\"><\/span>\n\t\t\t\t\t\t\t\t\t\t\t<\/a>\n\t\t\t\t\n\t\t\t\t\n\t\t\t\t\n\t\t\t\t\n\t\t\t\t\n\t\t\t\t\n\t\t\t\t\n\t\t\t\t\n\t\t\t\t\n\t\t\t\t\n\t\t\t\t\n\t\t\t\t\n\t\t\t\t\n\t\t\t\t\n\t\t\t\t\n\t\t\t\t\t\t\t\t\t<a rel=\"noopener noreferrer nofollow\" href=\"https:\/\/telegram.me\/share\/url?url=https:\/\/brmagazine.com.ec\/blog\/\" target=\"_blank\" class=\" wd-social-icon social-tg\" aria-label=\"Telegram social link\">\n\t\t\t\t\t\t<span class=\"wd-icon\"><\/span>\n\t\t\t\t\t\t\t\t\t\t\t<\/a>\n\t\t\t\t\n\t\t\t\t\n\t\t\t<\/div>\n\n\t\t\t\t\t\t\t\t\t\t\t<\/div>\n\t\t\t\t\t\t\t\t\t<div class=\"tooltip-arrow\"><\/div>\n\t\t\t\t\t\t\t\t<\/div>\n\t\t\t\t\t\t\t<\/div>\n\t\t\t\t\t\t\n\t\t\t\t\t\t\t\t\t\t\t\t\t\t\t\t\t\t\t\t<div class=\"wd-post-reply wd-style-1\">\n\t\t\t\t\t\t\t\t<a href=\"https:\/\/brmagazine.com.ec\/colineal-consolida-su-propuesta-en-el-sector-hotelero-de-alto-nivel\/#respond\"><span class=\"wd-replies-count\">0<\/span><\/a>\t\t\t\t\t\t\t<\/div>\n\t\t\t\t\t\t\t\t\t\t\t<\/div>\n\t\t\t\t\t\t\t\t\t\t\t\t\t<h3 class=\"wd-post-title wd-entities-title title post-title\">\n\t\t\t\t\t\t<a href=\"https:\/\/brmagazine.com.ec\/colineal-consolida-su-propuesta-en-el-sector-hotelero-de-alto-nivel\/\" rel=\"bookmark\">\n\t\t\t\t\t\t\tColineal consolida su propuesta en el sector hotelero de alto nivel\t\t\t\t\t\t<\/a>\n\t\t\t\t\t<\/h3>\n\t\t\t\t\t\t\t\t\t\t\t\t\t<div class=\"wd-post-excerpt wd-scroll-content\">\n\t\t\t\t\t\t\t\t\t\t\t\t\tQuito, abril de 2026.- La empresa ecuatoriana de mobiliario Colineal fortalece su presencia en el sector hotelero del pa\u00eds a trav\u00e9s de su l\u00ednea Colineal Inmobiliario, participando en dos proyectos...\t\t\t\t\t\t\t\t\t\t\t<\/div>\n\t\t\t\t\t\t\t<\/div>\n\t\t\t\t\t<\/div>\n\t<\/div>\n<\/article>\n\t\t\t\t\t\t\t\t\t\t\t\n<article id=\"post-7494\" class=\"wd-post blog-design-list blog-post-loop blog-style-flat post-7494 post type-post status-publish format-standard has-post-thumbnail hentry category-sociales pmpro-has-access\">\n\t<div class=\"wd-post-inner\">\n\t\t<div class=\"wd-post-thumb\">\n\t\t\t\t\t\t\t<div class=\"wd-post-img\">\n\t\t\t\t\t<img width=\"1024\" height=\"683\" src=\"https:\/\/brmagazine.com.ec\/wp-content\/uploads\/2026\/04\/AMBIENSA-RIPCONCIV-2-1024x683.jpeg\" class=\"attachment-large size-large\" alt=\"\" decoding=\"async\" loading=\"lazy\" srcset=\"https:\/\/brmagazine.com.ec\/wp-content\/uploads\/2026\/04\/AMBIENSA-RIPCONCIV-2-1024x683.jpeg 1024w, https:\/\/brmagazine.com.ec\/wp-content\/uploads\/2026\/04\/AMBIENSA-RIPCONCIV-2-300x200.jpeg 300w, https:\/\/brmagazine.com.ec\/wp-content\/uploads\/2026\/04\/AMBIENSA-RIPCONCIV-2-768x512.jpeg 768w, https:\/\/brmagazine.com.ec\/wp-content\/uploads\/2026\/04\/AMBIENSA-RIPCONCIV-2-1536x1024.jpeg 1536w, https:\/\/brmagazine.com.ec\/wp-content\/uploads\/2026\/04\/AMBIENSA-RIPCONCIV-2-2048x1365.jpeg 2048w, https:\/\/brmagazine.com.ec\/wp-content\/uploads\/2026\/04\/AMBIENSA-RIPCONCIV-2-18x12.jpeg 18w\" sizes=\"auto, (max-width: 1024px) 100vw, 1024px\" \/>\t\t\t\t<\/div>\n\t\t\t\t\t\t\t\t\t\t\t\t<a class=\"wd-post-link wd-fill\" href=\"https:\/\/brmagazine.com.ec\/ambiensa-y-ripconciv-suman-experiencias-en-beneficio-de-las-familias-ecuatorianas\/\" rel=\"bookmark\" aria-label=\"Link on post Ambiensa y Ripconciv suman experiencias en beneficio de las familias ecuatorianas\"><\/a>\n\t\t\t\t\t\t\t<div class=\"wd-post-cat wd-style-with-bg\">\n\t\t\t\t\t<a href=\"https:\/\/brmagazine.com.ec\/category\/sociales\/\" rel=\"category tag\">Sociales<\/a>\t\t\t\t<\/div>\n\t\t\t\t\t<\/div>\n\n\t\t<div class=\"wd-post-content\">\n\t\t\t<div class=\"wd-post-content-inner wd-scroll\">\n\t\t\t\t\t\t\t\t\t<div class=\"wd-post-meta\">\n\t\t\t\t\t\t\t\t\t\t\t\t\t\t\t\t\t\t<div class=\"wd-post-author\">\n\t\t\t\t\t\t\t\t\t\t\t\t<span>Posted by<\/span>\n\t\t\n\t\t\t\t\t<img alt='author-avatar' src='https:\/\/brmagazine.com.ec\/wp-content\/uploads\/2025\/12\/jose-terranova-soporte-br_avatar-22x22.png' srcset='https:\/\/brmagazine.com.ec\/wp-content\/uploads\/2025\/12\/jose-terranova-soporte-br_avatar-44x44.png 2x' class='avatar avatar-22 photo' height='22' width='22' loading='lazy' decoding='async'\/>\t\t\n\t\t\t\t\t<a href=\"https:\/\/brmagazine.com.ec\/author\/jose-terranova\/\" class=\"author\" rel=\"author\">Jose Terranova (Soporte Br)<\/a>\n\t\t\t\t\t\t\t\t\t\t<\/div>\n\t\t\t\t\t\t<div class=\"wd-modified-date\">\n\t\t\t\t\t\t\t\t\t<time class=\"updated\" datetime=\"2026-04-07T09:07:22-05:00\">\n\t\t\tabril 7, 2026\t\t<\/time>\n\t\t\t\t\t\t\t\t<\/div>\n\n\t\t\t\t\t\t\t\t\t\t\t\t\t<div class=\"wd-post-share wd-tltp\">\n\t\t\t\t\t\t\t\t<div class=\"tooltip top\">\n\t\t\t\t\t\t\t\t\t<div class=\"tooltip-inner\">\n\t\t\t\t\t\t\t\t\t\t\t\t\t<div\n\t\t\t\t\t\tclass=\" wd-social-icons  wd-style-default wd-size-small social-share wd-shape-circle color-scheme-light text-center\">\n\t\t\t\t\n\t\t\t\t\n\t\t\t\t\t\t\t\t\t<a rel=\"noopener noreferrer nofollow\" href=\"https:\/\/www.facebook.com\/sharer\/sharer.php?u=https:\/\/brmagazine.com.ec\/blog\/\" target=\"_blank\" class=\" wd-social-icon social-facebook\" aria-label=\"Facebook social link\">\n\t\t\t\t\t\t<span class=\"wd-icon\"><\/span>\n\t\t\t\t\t\t\t\t\t\t\t<\/a>\n\t\t\t\t\n\t\t\t\t\t\t\t\t\t<a rel=\"noopener noreferrer nofollow\" href=\"https:\/\/x.com\/share?url=https:\/\/brmagazine.com.ec\/blog\/\" target=\"_blank\" class=\" wd-social-icon social-twitter\" aria-label=\"X social link\">\n\t\t\t\t\t\t<span class=\"wd-icon\"><\/span>\n\t\t\t\t\t\t\t\t\t\t\t<\/a>\n\t\t\t\t\n\t\t\t\t\n\t\t\t\t\n\t\t\t\t\n\t\t\t\t\n\t\t\t\t\n\t\t\t\t\t\t\t\t\t<a rel=\"noopener noreferrer nofollow\" href=\"https:\/\/pinterest.com\/pin\/create\/button\/?url=https:\/\/brmagazine.com.ec\/blog\/&media=https:\/\/brmagazine.com.ec\/wp-content\/uploads\/2026\/04\/AMBIENSA-RIPCONCIV-2-scaled.jpeg&description=Ambiensa+y+Ripconciv+suman+experiencias+en+beneficio+de+las+familias+ecuatorianas\" target=\"_blank\" class=\" wd-social-icon social-pinterest\" aria-label=\"Pinterest social link\">\n\t\t\t\t\t\t<span class=\"wd-icon\"><\/span>\n\t\t\t\t\t\t\t\t\t\t\t<\/a>\n\t\t\t\t\n\t\t\t\t\n\t\t\t\t\t\t\t\t\t<a rel=\"noopener noreferrer nofollow\" href=\"https:\/\/www.linkedin.com\/shareArticle?mini=true&url=https:\/\/brmagazine.com.ec\/blog\/\" target=\"_blank\" class=\" wd-social-icon social-linkedin\" aria-label=\"Linkedin social link\">\n\t\t\t\t\t\t<span class=\"wd-icon\"><\/span>\n\t\t\t\t\t\t\t\t\t\t\t<\/a>\n\t\t\t\t\n\t\t\t\t\n\t\t\t\t\n\t\t\t\t\n\t\t\t\t\n\t\t\t\t\n\t\t\t\t\n\t\t\t\t\n\t\t\t\t\n\t\t\t\t\n\t\t\t\t\n\t\t\t\t\n\t\t\t\t\n\t\t\t\t\n\t\t\t\t\n\t\t\t\t\t\t\t\t\t<a rel=\"noopener noreferrer nofollow\" href=\"https:\/\/telegram.me\/share\/url?url=https:\/\/brmagazine.com.ec\/blog\/\" target=\"_blank\" class=\" wd-social-icon social-tg\" aria-label=\"Telegram social link\">\n\t\t\t\t\t\t<span class=\"wd-icon\"><\/span>\n\t\t\t\t\t\t\t\t\t\t\t<\/a>\n\t\t\t\t\n\t\t\t\t\n\t\t\t<\/div>\n\n\t\t\t\t\t\t\t\t\t\t\t<\/div>\n\t\t\t\t\t\t\t\t\t<div class=\"tooltip-arrow\"><\/div>\n\t\t\t\t\t\t\t\t<\/div>\n\t\t\t\t\t\t\t<\/div>\n\t\t\t\t\t\t\n\t\t\t\t\t\t\t\t\t\t\t\t\t\t\t\t\t\t\t\t<div class=\"wd-post-reply wd-style-1\">\n\t\t\t\t\t\t\t\t<a href=\"https:\/\/brmagazine.com.ec\/ambiensa-y-ripconciv-suman-experiencias-en-beneficio-de-las-familias-ecuatorianas\/#respond\"><span class=\"wd-replies-count\">0<\/span><\/a>\t\t\t\t\t\t\t<\/div>\n\t\t\t\t\t\t\t\t\t\t\t<\/div>\n\t\t\t\t\t\t\t\t\t\t\t\t\t<h3 class=\"wd-post-title wd-entities-title title post-title\">\n\t\t\t\t\t\t<a href=\"https:\/\/brmagazine.com.ec\/ambiensa-y-ripconciv-suman-experiencias-en-beneficio-de-las-familias-ecuatorianas\/\" rel=\"bookmark\">\n\t\t\t\t\t\t\tAmbiensa y Ripconciv suman experiencias en beneficio de las familias ecuatorianas\t\t\t\t\t\t<\/a>\n\t\t\t\t\t<\/h3>\n\t\t\t\t\t\t\t\t\t\t\t\t\t<div class=\"wd-post-excerpt wd-scroll-content\">\n\t\t\t\t\t\t\t\t\t\t\t\t\tDos de los mejores desarrolladores urban\u00edsticos del Ecuador se unen, enfocados en mejorar la eficiencia en la ejecuci\u00f3n de los trabajos urban\u00edsticos y la calidad de construcci\u00f3n de los proyectos...\t\t\t\t\t\t\t\t\t\t\t<\/div>\n\t\t\t\t\t\t\t<\/div>\n\t\t\t\t\t<\/div>\n\t<\/div>\n<\/article>\n\t\t\t\t\t\t\t\t\t\t\t\n<article id=\"post-7488\" class=\"wd-post blog-design-list blog-post-loop blog-style-flat post-7488 post type-post status-publish format-standard has-post-thumbnail hentry category-sociales pmpro-has-access\">\n\t<div class=\"wd-post-inner\">\n\t\t<div class=\"wd-post-thumb\">\n\t\t\t\t\t\t\t<div class=\"wd-post-img\">\n\t\t\t\t\t<img width=\"1024\" height=\"682\" src=\"https:\/\/brmagazine.com.ec\/wp-content\/uploads\/2026\/03\/WhatsApp-Image-2026-03-31-at-1.31.10-PM-1024x682.jpeg\" class=\"attachment-large size-large\" alt=\"\" decoding=\"async\" loading=\"lazy\" srcset=\"https:\/\/brmagazine.com.ec\/wp-content\/uploads\/2026\/03\/WhatsApp-Image-2026-03-31-at-1.31.10-PM-1024x682.jpeg 1024w, https:\/\/brmagazine.com.ec\/wp-content\/uploads\/2026\/03\/WhatsApp-Image-2026-03-31-at-1.31.10-PM-300x200.jpeg 300w, https:\/\/brmagazine.com.ec\/wp-content\/uploads\/2026\/03\/WhatsApp-Image-2026-03-31-at-1.31.10-PM-768x512.jpeg 768w, https:\/\/brmagazine.com.ec\/wp-content\/uploads\/2026\/03\/WhatsApp-Image-2026-03-31-at-1.31.10-PM-1536x1023.jpeg 1536w, https:\/\/brmagazine.com.ec\/wp-content\/uploads\/2026\/03\/WhatsApp-Image-2026-03-31-at-1.31.10-PM-18x12.jpeg 18w, https:\/\/brmagazine.com.ec\/wp-content\/uploads\/2026\/03\/WhatsApp-Image-2026-03-31-at-1.31.10-PM.jpeg 1600w\" sizes=\"auto, (max-width: 1024px) 100vw, 1024px\" \/>\t\t\t\t<\/div>\n\t\t\t\t\t\t\t\t\t\t\t\t<a class=\"wd-post-link wd-fill\" href=\"https:\/\/brmagazine.com.ec\/ceo-de-holcim-visita-mundo-ambiensa-el-proyecto-de-vivienda-mas-grande-del-ecuador-y-latinoamerica\/\" rel=\"bookmark\" aria-label=\"Link on post CEO de Holcim visita Mundo Ambiensa, el proyecto de vivienda m\u00e1s grande del Ecuador y Latinoam\u00e9rica\"><\/a>\n\t\t\t\t\t\t\t<div class=\"wd-post-cat wd-style-with-bg\">\n\t\t\t\t\t<a href=\"https:\/\/brmagazine.com.ec\/category\/sociales\/\" rel=\"category tag\">Sociales<\/a>\t\t\t\t<\/div>\n\t\t\t\t\t<\/div>\n\n\t\t<div class=\"wd-post-content\">\n\t\t\t<div class=\"wd-post-content-inner wd-scroll\">\n\t\t\t\t\t\t\t\t\t<div class=\"wd-post-meta\">\n\t\t\t\t\t\t\t\t\t\t\t\t\t\t\t\t\t\t<div class=\"wd-post-author\">\n\t\t\t\t\t\t\t\t\t\t\t\t<span>Posted by<\/span>\n\t\t\n\t\t\t\t\t<img alt='author-avatar' src='https:\/\/brmagazine.com.ec\/wp-content\/uploads\/2025\/12\/jose-terranova-soporte-br_avatar-22x22.png' srcset='https:\/\/brmagazine.com.ec\/wp-content\/uploads\/2025\/12\/jose-terranova-soporte-br_avatar-44x44.png 2x' class='avatar avatar-22 photo' height='22' width='22' loading='lazy' decoding='async'\/>\t\t\n\t\t\t\t\t<a href=\"https:\/\/brmagazine.com.ec\/author\/jose-terranova\/\" class=\"author\" rel=\"author\">Jose Terranova (Soporte Br)<\/a>\n\t\t\t\t\t\t\t\t\t\t<\/div>\n\t\t\t\t\t\t<div class=\"wd-modified-date\">\n\t\t\t\t\t\t\t\t\t<time class=\"updated\" datetime=\"2026-03-31T13:54:40-05:00\">\n\t\t\tmarzo 31, 2026\t\t<\/time>\n\t\t\t\t\t\t\t\t<\/div>\n\n\t\t\t\t\t\t\t\t\t\t\t\t\t<div class=\"wd-post-share wd-tltp\">\n\t\t\t\t\t\t\t\t<div class=\"tooltip top\">\n\t\t\t\t\t\t\t\t\t<div class=\"tooltip-inner\">\n\t\t\t\t\t\t\t\t\t\t\t\t\t<div\n\t\t\t\t\t\tclass=\" wd-social-icons  wd-style-default wd-size-small social-share wd-shape-circle color-scheme-light text-center\">\n\t\t\t\t\n\t\t\t\t\n\t\t\t\t\t\t\t\t\t<a rel=\"noopener noreferrer nofollow\" href=\"https:\/\/www.facebook.com\/sharer\/sharer.php?u=https:\/\/brmagazine.com.ec\/blog\/\" target=\"_blank\" class=\" wd-social-icon social-facebook\" aria-label=\"Facebook social link\">\n\t\t\t\t\t\t<span class=\"wd-icon\"><\/span>\n\t\t\t\t\t\t\t\t\t\t\t<\/a>\n\t\t\t\t\n\t\t\t\t\t\t\t\t\t<a rel=\"noopener noreferrer nofollow\" href=\"https:\/\/x.com\/share?url=https:\/\/brmagazine.com.ec\/blog\/\" target=\"_blank\" class=\" wd-social-icon social-twitter\" aria-label=\"X social link\">\n\t\t\t\t\t\t<span class=\"wd-icon\"><\/span>\n\t\t\t\t\t\t\t\t\t\t\t<\/a>\n\t\t\t\t\n\t\t\t\t\n\t\t\t\t\n\t\t\t\t\n\t\t\t\t\n\t\t\t\t\n\t\t\t\t\t\t\t\t\t<a rel=\"noopener noreferrer nofollow\" href=\"https:\/\/pinterest.com\/pin\/create\/button\/?url=https:\/\/brmagazine.com.ec\/blog\/&media=https:\/\/brmagazine.com.ec\/wp-content\/uploads\/2026\/03\/WhatsApp-Image-2026-03-31-at-1.31.10-PM.jpeg&description=CEO+de+Holcim+visita+Mundo+Ambiensa%2C+el+proyecto+de+vivienda+m%C3%A1s+grande+del+Ecuador+y+Latinoam%C3%A9rica\" target=\"_blank\" class=\" wd-social-icon social-pinterest\" aria-label=\"Pinterest social link\">\n\t\t\t\t\t\t<span class=\"wd-icon\"><\/span>\n\t\t\t\t\t\t\t\t\t\t\t<\/a>\n\t\t\t\t\n\t\t\t\t\n\t\t\t\t\t\t\t\t\t<a rel=\"noopener noreferrer nofollow\" href=\"https:\/\/www.linkedin.com\/shareArticle?mini=true&url=https:\/\/brmagazine.com.ec\/blog\/\" target=\"_blank\" class=\" wd-social-icon social-linkedin\" aria-label=\"Linkedin social link\">\n\t\t\t\t\t\t<span class=\"wd-icon\"><\/span>\n\t\t\t\t\t\t\t\t\t\t\t<\/a>\n\t\t\t\t\n\t\t\t\t\n\t\t\t\t\n\t\t\t\t\n\t\t\t\t\n\t\t\t\t\n\t\t\t\t\n\t\t\t\t\n\t\t\t\t\n\t\t\t\t\n\t\t\t\t\n\t\t\t\t\n\t\t\t\t\n\t\t\t\t\n\t\t\t\t\n\t\t\t\t\t\t\t\t\t<a rel=\"noopener noreferrer nofollow\" href=\"https:\/\/telegram.me\/share\/url?url=https:\/\/brmagazine.com.ec\/blog\/\" target=\"_blank\" class=\" wd-social-icon social-tg\" aria-label=\"Telegram social link\">\n\t\t\t\t\t\t<span class=\"wd-icon\"><\/span>\n\t\t\t\t\t\t\t\t\t\t\t<\/a>\n\t\t\t\t\n\t\t\t\t\n\t\t\t<\/div>\n\n\t\t\t\t\t\t\t\t\t\t\t<\/div>\n\t\t\t\t\t\t\t\t\t<div class=\"tooltip-arrow\"><\/div>\n\t\t\t\t\t\t\t\t<\/div>\n\t\t\t\t\t\t\t<\/div>\n\t\t\t\t\t\t\n\t\t\t\t\t\t\t\t\t\t\t\t\t\t\t\t\t\t\t\t<div class=\"wd-post-reply wd-style-1\">\n\t\t\t\t\t\t\t\t<a href=\"https:\/\/brmagazine.com.ec\/ceo-de-holcim-visita-mundo-ambiensa-el-proyecto-de-vivienda-mas-grande-del-ecuador-y-latinoamerica\/#respond\"><span class=\"wd-replies-count\">0<\/span><\/a>\t\t\t\t\t\t\t<\/div>\n\t\t\t\t\t\t\t\t\t\t\t<\/div>\n\t\t\t\t\t\t\t\t\t\t\t\t\t<h3 class=\"wd-post-title wd-entities-title title post-title\">\n\t\t\t\t\t\t<a href=\"https:\/\/brmagazine.com.ec\/ceo-de-holcim-visita-mundo-ambiensa-el-proyecto-de-vivienda-mas-grande-del-ecuador-y-latinoamerica\/\" rel=\"bookmark\">\n\t\t\t\t\t\t\tCEO de Holcim visita Mundo Ambiensa, el proyecto de vivienda m\u00e1s grande del Ecuador y Latinoam\u00e9rica\t\t\t\t\t\t<\/a>\n\t\t\t\t\t<\/h3>\n\t\t\t\t\t\t\t\t\t\t\t\t\t<div class=\"wd-post-excerpt wd-scroll-content\">\n\t\t\t\t\t\t\t\t\t\t\t\t\tEn el marco de su visita al pa\u00eds, una delegaci\u00f3n de Holcim Suiza en Ecuador, encabezada por su CEO mundial, Miljan Gutovic, junto a ejecutivos del \u00e1rea de expansi\u00f3n, recorri\u00f3...\t\t\t\t\t\t\t\t\t\t\t<\/div>\n\t\t\t\t\t\t\t<\/div>\n\t\t\t\t\t<\/div>\n\t<\/div>\n<\/article>\n\t\t\t\t\t\t\t\t\t\t\t\n<article id=\"post-7482\" class=\"wd-post blog-design-list blog-post-loop blog-style-flat post-7482 post type-post status-publish format-standard has-post-thumbnail hentry category-sociales pmpro-has-access\">\n\t<div class=\"wd-post-inner\">\n\t\t<div class=\"wd-post-thumb\">\n\t\t\t\t\t\t\t<div class=\"wd-post-img\">\n\t\t\t\t\t<img width=\"1024\" height=\"682\" src=\"https:\/\/brmagazine.com.ec\/wp-content\/uploads\/2026\/03\/WhatsApp-Image-2026-03-26-at-3.52.13-PM-1024x682.jpeg\" class=\"attachment-large size-large\" alt=\"\" decoding=\"async\" loading=\"lazy\" srcset=\"https:\/\/brmagazine.com.ec\/wp-content\/uploads\/2026\/03\/WhatsApp-Image-2026-03-26-at-3.52.13-PM-1024x682.jpeg 1024w, https:\/\/brmagazine.com.ec\/wp-content\/uploads\/2026\/03\/WhatsApp-Image-2026-03-26-at-3.52.13-PM-300x200.jpeg 300w, https:\/\/brmagazine.com.ec\/wp-content\/uploads\/2026\/03\/WhatsApp-Image-2026-03-26-at-3.52.13-PM-768x512.jpeg 768w, https:\/\/brmagazine.com.ec\/wp-content\/uploads\/2026\/03\/WhatsApp-Image-2026-03-26-at-3.52.13-PM-1536x1023.jpeg 1536w, https:\/\/brmagazine.com.ec\/wp-content\/uploads\/2026\/03\/WhatsApp-Image-2026-03-26-at-3.52.13-PM-18x12.jpeg 18w, https:\/\/brmagazine.com.ec\/wp-content\/uploads\/2026\/03\/WhatsApp-Image-2026-03-26-at-3.52.13-PM.jpeg 1600w\" sizes=\"auto, (max-width: 1024px) 100vw, 1024px\" \/>\t\t\t\t<\/div>\n\t\t\t\t\t\t\t\t\t\t\t\t<a class=\"wd-post-link wd-fill\" href=\"https:\/\/brmagazine.com.ec\/hipermarket-extiende-un-nuevo-punto-en-la-nueva-ciudad-con-la-colocacion-de-la-primera-piedra-obra-que-sera-construida-por-corporacion-guayaquil-de-mundo-ambiensa\/\" rel=\"bookmark\" aria-label=\"Link on post Hipermarket extiende un nuevo punto en \u201cLa Nueva Ciudad\u201d con la colocaci\u00f3n de la primera piedra, obra que ser\u00e1 construida por Corporaci\u00f3n Guayaquil de Mundo Ambiensa\"><\/a>\n\t\t\t\t\t\t\t<div class=\"wd-post-cat wd-style-with-bg\">\n\t\t\t\t\t<a href=\"https:\/\/brmagazine.com.ec\/category\/sociales\/\" rel=\"category tag\">Sociales<\/a>\t\t\t\t<\/div>\n\t\t\t\t\t<\/div>\n\n\t\t<div class=\"wd-post-content\">\n\t\t\t<div class=\"wd-post-content-inner wd-scroll\">\n\t\t\t\t\t\t\t\t\t<div class=\"wd-post-meta\">\n\t\t\t\t\t\t\t\t\t\t\t\t\t\t\t\t\t\t<div class=\"wd-post-author\">\n\t\t\t\t\t\t\t\t\t\t\t\t<span>Posted by<\/span>\n\t\t\n\t\t\t\t\t<img alt='author-avatar' src='https:\/\/brmagazine.com.ec\/wp-content\/uploads\/2025\/12\/jose-terranova-soporte-br_avatar-22x22.png' srcset='https:\/\/brmagazine.com.ec\/wp-content\/uploads\/2025\/12\/jose-terranova-soporte-br_avatar-44x44.png 2x' class='avatar avatar-22 photo' height='22' width='22' loading='lazy' decoding='async'\/>\t\t\n\t\t\t\t\t<a href=\"https:\/\/brmagazine.com.ec\/author\/jose-terranova\/\" class=\"author\" rel=\"author\">Jose Terranova (Soporte Br)<\/a>\n\t\t\t\t\t\t\t\t\t\t<\/div>\n\t\t\t\t\t\t<div class=\"wd-modified-date\">\n\t\t\t\t\t\t\t\t\t<time class=\"updated\" datetime=\"2026-03-26T16:43:04-05:00\">\n\t\t\tmarzo 26, 2026\t\t<\/time>\n\t\t\t\t\t\t\t\t<\/div>\n\n\t\t\t\t\t\t\t\t\t\t\t\t\t<div class=\"wd-post-share wd-tltp\">\n\t\t\t\t\t\t\t\t<div class=\"tooltip top\">\n\t\t\t\t\t\t\t\t\t<div class=\"tooltip-inner\">\n\t\t\t\t\t\t\t\t\t\t\t\t\t<div\n\t\t\t\t\t\tclass=\" wd-social-icons  wd-style-default wd-size-small social-share wd-shape-circle color-scheme-light text-center\">\n\t\t\t\t\n\t\t\t\t\n\t\t\t\t\t\t\t\t\t<a rel=\"noopener noreferrer nofollow\" href=\"https:\/\/www.facebook.com\/sharer\/sharer.php?u=https:\/\/brmagazine.com.ec\/blog\/\" target=\"_blank\" class=\" wd-social-icon social-facebook\" aria-label=\"Facebook social link\">\n\t\t\t\t\t\t<span class=\"wd-icon\"><\/span>\n\t\t\t\t\t\t\t\t\t\t\t<\/a>\n\t\t\t\t\n\t\t\t\t\t\t\t\t\t<a rel=\"noopener noreferrer nofollow\" href=\"https:\/\/x.com\/share?url=https:\/\/brmagazine.com.ec\/blog\/\" target=\"_blank\" class=\" wd-social-icon social-twitter\" aria-label=\"X social link\">\n\t\t\t\t\t\t<span class=\"wd-icon\"><\/span>\n\t\t\t\t\t\t\t\t\t\t\t<\/a>\n\t\t\t\t\n\t\t\t\t\n\t\t\t\t\n\t\t\t\t\n\t\t\t\t\n\t\t\t\t\n\t\t\t\t\t\t\t\t\t<a rel=\"noopener noreferrer nofollow\" href=\"https:\/\/pinterest.com\/pin\/create\/button\/?url=https:\/\/brmagazine.com.ec\/blog\/&media=https:\/\/brmagazine.com.ec\/wp-content\/uploads\/2026\/03\/WhatsApp-Image-2026-03-26-at-3.52.13-PM.jpeg&description=Hipermarket+extiende+un+nuevo+punto+en+%E2%80%9CLa+Nueva+Ciudad%E2%80%9D+con+la+colocaci%C3%B3n+de+la+primera+piedra%2C+obra+que+ser%C3%A1+construida+por+Corporaci%C3%B3n+Guayaquil+de+Mundo+Ambiensa\" target=\"_blank\" class=\" wd-social-icon social-pinterest\" aria-label=\"Pinterest social link\">\n\t\t\t\t\t\t<span class=\"wd-icon\"><\/span>\n\t\t\t\t\t\t\t\t\t\t\t<\/a>\n\t\t\t\t\n\t\t\t\t\n\t\t\t\t\t\t\t\t\t<a rel=\"noopener noreferrer nofollow\" href=\"https:\/\/www.linkedin.com\/shareArticle?mini=true&url=https:\/\/brmagazine.com.ec\/blog\/\" target=\"_blank\" class=\" wd-social-icon social-linkedin\" aria-label=\"Linkedin social link\">\n\t\t\t\t\t\t<span class=\"wd-icon\"><\/span>\n\t\t\t\t\t\t\t\t\t\t\t<\/a>\n\t\t\t\t\n\t\t\t\t\n\t\t\t\t\n\t\t\t\t\n\t\t\t\t\n\t\t\t\t\n\t\t\t\t\n\t\t\t\t\n\t\t\t\t\n\t\t\t\t\n\t\t\t\t\n\t\t\t\t\n\t\t\t\t\n\t\t\t\t\n\t\t\t\t\n\t\t\t\t\t\t\t\t\t<a rel=\"noopener noreferrer nofollow\" href=\"https:\/\/telegram.me\/share\/url?url=https:\/\/brmagazine.com.ec\/blog\/\" target=\"_blank\" class=\" wd-social-icon social-tg\" aria-label=\"Telegram social link\">\n\t\t\t\t\t\t<span class=\"wd-icon\"><\/span>\n\t\t\t\t\t\t\t\t\t\t\t<\/a>\n\t\t\t\t\n\t\t\t\t\n\t\t\t<\/div>\n\n\t\t\t\t\t\t\t\t\t\t\t<\/div>\n\t\t\t\t\t\t\t\t\t<div class=\"tooltip-arrow\"><\/div>\n\t\t\t\t\t\t\t\t<\/div>\n\t\t\t\t\t\t\t<\/div>\n\t\t\t\t\t\t\n\t\t\t\t\t\t\t\t\t\t\t\t\t\t\t\t\t\t\t\t<div class=\"wd-post-reply wd-style-1\">\n\t\t\t\t\t\t\t\t<a href=\"https:\/\/brmagazine.com.ec\/hipermarket-extiende-un-nuevo-punto-en-la-nueva-ciudad-con-la-colocacion-de-la-primera-piedra-obra-que-sera-construida-por-corporacion-guayaquil-de-mundo-ambiensa\/#respond\"><span class=\"wd-replies-count\">0<\/span><\/a>\t\t\t\t\t\t\t<\/div>\n\t\t\t\t\t\t\t\t\t\t\t<\/div>\n\t\t\t\t\t\t\t\t\t\t\t\t\t<h3 class=\"wd-post-title wd-entities-title title post-title\">\n\t\t\t\t\t\t<a href=\"https:\/\/brmagazine.com.ec\/hipermarket-extiende-un-nuevo-punto-en-la-nueva-ciudad-con-la-colocacion-de-la-primera-piedra-obra-que-sera-construida-por-corporacion-guayaquil-de-mundo-ambiensa\/\" rel=\"bookmark\">\n\t\t\t\t\t\t\tHipermarket extiende un nuevo punto en \u201cLa Nueva Ciudad\u201d con la colocaci\u00f3n de la primera piedra, obra que ser\u00e1 construida por Corporaci\u00f3n Guayaquil de Mundo Ambiensa\t\t\t\t\t\t<\/a>\n\t\t\t\t\t<\/h3>\n\t\t\t\t\t\t\t\t\t\t\t\t\t<div class=\"wd-post-excerpt wd-scroll-content\">\n\t\t\t\t\t\t\t\t\t\t\t\t\tEste hito representa un paso importante en el desarrollo del pa\u00eds, reflejando la sinergia que hoy impulsa el crecimiento de este gran proyecto urbano.\r\n\r\nHoy, La Nueva Ciudad deja de ser...\t\t\t\t\t\t\t\t\t\t\t<\/div>\n\t\t\t\t\t\t\t<\/div>\n\t\t\t\t\t<\/div>\n\t<\/div>\n<\/article>\n\t\t\t\t\t\n\t\t\t\t\t","status":"have-posts","nextPage":"https:\/\/brmagazine.com.ec\/blog\/page\/3\/?woo_ajax=1","currentPage":"https:\/\/brmagazine.com.ec\/blog\/page\/2"}