
			
				

					
				

			
		{"items":"\n\t\t\t\t\t\t\t\t\t\t\t\t\t\t<link rel=\"stylesheet\" id=\"wd-post-types-mod-categories-style-bg-css\" href=\"https:\/\/brmagazine.com.ec\/wp-content\/themes\/woodmart\/css\/parts\/post-types-mod-categories-style-bg.min.css?ver=8.2.7\" type=\"text\/css\" media=\"all\" \/> \t\t\t\n<article id=\"post-2050\" class=\"wd-post blog-design-list blog-post-loop blog-style-flat post-2050 post type-post status-publish format-standard has-post-thumbnail hentry category-innovacion-y-tecnologia pmpro-has-access\">\n\t<div class=\"wd-post-inner\">\n\t\t<div class=\"wd-post-thumb\">\n\t\t\t\t\t\t\t<div class=\"wd-post-img\">\n\t\t\t\t\t<img width=\"1024\" height=\"1024\" src=\"https:\/\/brmagazine.com.ec\/wp-content\/uploads\/2025\/08\/5-1024x1024.png\" class=\"attachment-large size-large\" alt=\"\" decoding=\"async\" fetchpriority=\"high\" srcset=\"https:\/\/brmagazine.com.ec\/wp-content\/uploads\/2025\/08\/5-1024x1024.png 1024w, https:\/\/brmagazine.com.ec\/wp-content\/uploads\/2025\/08\/5-300x300.png 300w, https:\/\/brmagazine.com.ec\/wp-content\/uploads\/2025\/08\/5-150x150.png 150w, https:\/\/brmagazine.com.ec\/wp-content\/uploads\/2025\/08\/5-768x768.png 768w, https:\/\/brmagazine.com.ec\/wp-content\/uploads\/2025\/08\/5-1536x1536.png 1536w, https:\/\/brmagazine.com.ec\/wp-content\/uploads\/2025\/08\/5-12x12.png 12w, https:\/\/brmagazine.com.ec\/wp-content\/uploads\/2025\/08\/5.png 2048w\" sizes=\"(max-width: 1024px) 100vw, 1024px\" \/>\t\t\t\t<\/div>\n\t\t\t\t\t\t\t\t\t\t\t\t<a class=\"wd-post-link wd-fill\" href=\"https:\/\/brmagazine.com.ec\/reimaginando-espacios-como-la-ia-esta-transformando-el-diseno-de-interiores\/\" rel=\"bookmark\" aria-label=\"Link on post Reimaginando Espacios: C\u00f3mo la IA Est\u00e1 Transformando el Dise\u00f1o de Interiores\"><\/a>\n\t\t\t\t\t\t\t<div class=\"wd-post-cat wd-style-with-bg\">\n\t\t\t\t\t<a href=\"https:\/\/brmagazine.com.ec\/category\/innovacion-y-tecnologia\/\" rel=\"category tag\">Innovaci\u00f3n y Tecnolog\u00eda<\/a>\t\t\t\t<\/div>\n\t\t\t\t\t<\/div>\n\n\t\t<div class=\"wd-post-content\">\n\t\t\t<div class=\"wd-post-content-inner wd-scroll\">\n\t\t\t\t\t\t\t\t\t<div class=\"wd-post-meta\">\n\t\t\t\t\t\t\t\t\t\t\t\t\t\t\t<link rel=\"stylesheet\" id=\"wd-blog-mod-author-css\" href=\"https:\/\/brmagazine.com.ec\/wp-content\/themes\/woodmart\/css\/parts\/blog-mod-author.min.css?ver=8.2.7\" type=\"text\/css\" media=\"all\" \/> \t\t\t\t\t\t\t\t\t<div class=\"wd-post-author\">\n\t\t\t\t\t\t\t\t\t\t\t\t<span>Posted by<\/span>\n\t\t\n\t\t\t\t\t<img alt='author-avatar' src='https:\/\/brmagazine.com.ec\/wp-content\/uploads\/2025\/08\/jhon-lopez_avatar-22x22.png' srcset='https:\/\/brmagazine.com.ec\/wp-content\/uploads\/2025\/08\/jhon-lopez_avatar-44x44.png 2x' class='avatar avatar-22 photo' height='22' width='22' decoding='async'\/>\t\t\n\t\t\t\t\t<a href=\"https:\/\/brmagazine.com.ec\/author\/jhon-lopez\/\" class=\"author\" rel=\"author\">Jhon L\u00f3pez (Soporte Br)<\/a>\n\t\t\t\t\t\t\t\t\t\t<\/div>\n\t\t\t\t\t\t<div class=\"wd-modified-date\">\n\t\t\t\t\t\t\t\t\t<time class=\"updated\" datetime=\"2025-09-01T16:41:03-05:00\">\n\t\t\tseptiembre 1, 2025\t\t<\/time>\n\t\t\t\t\t\t\t\t<\/div>\n\n\t\t\t\t\t\t\t\t\t\t\t\t\t<div class=\"wd-post-share wd-tltp\">\n\t\t\t\t\t\t\t\t<div class=\"tooltip top\">\n\t\t\t\t\t\t\t\t\t<div class=\"tooltip-inner\">\n\t\t\t\t\t\t\t\t\t\t\t\t\t<link rel=\"stylesheet\" id=\"wd-social-icons-css\" href=\"https:\/\/brmagazine.com.ec\/wp-content\/themes\/woodmart\/css\/parts\/el-social-icons.min.css?ver=8.2.7\" type=\"text\/css\" media=\"all\" \/> \t\t\t\t\t\t<div\n\t\t\t\t\t\tclass=\" wd-social-icons  wd-style-default wd-size-small social-share wd-shape-circle color-scheme-light text-center\">\n\t\t\t\t\n\t\t\t\t\n\t\t\t\t\t\t\t\t\t<a rel=\"noopener noreferrer nofollow\" href=\"https:\/\/www.facebook.com\/sharer\/sharer.php?u=https:\/\/brmagazine.com.ec\/reimaginando-espacios-como-la-ia-esta-transformando-el-diseno-de-interiores\/\" target=\"_blank\" class=\" wd-social-icon social-facebook\" aria-label=\"Facebook social link\">\n\t\t\t\t\t\t<span class=\"wd-icon\"><\/span>\n\t\t\t\t\t\t\t\t\t\t\t<\/a>\n\t\t\t\t\n\t\t\t\t\t\t\t\t\t<a rel=\"noopener noreferrer nofollow\" href=\"https:\/\/x.com\/share?url=https:\/\/brmagazine.com.ec\/reimaginando-espacios-como-la-ia-esta-transformando-el-diseno-de-interiores\/\" target=\"_blank\" class=\" wd-social-icon social-twitter\" aria-label=\"X social link\">\n\t\t\t\t\t\t<span class=\"wd-icon\"><\/span>\n\t\t\t\t\t\t\t\t\t\t\t<\/a>\n\t\t\t\t\n\t\t\t\t\n\t\t\t\t\n\t\t\t\t\n\t\t\t\t\n\t\t\t\t\n\t\t\t\t\t\t\t\t\t<a rel=\"noopener noreferrer nofollow\" href=\"https:\/\/pinterest.com\/pin\/create\/button\/?url=https:\/\/brmagazine.com.ec\/reimaginando-espacios-como-la-ia-esta-transformando-el-diseno-de-interiores\/&media=https:\/\/brmagazine.com.ec\/wp-content\/uploads\/2025\/08\/5.png&description=Reimaginando+Espacios%3A+C%C3%B3mo+la+IA+Est%C3%A1+Transformando+el+Dise%C3%B1o+de+Interiores\" target=\"_blank\" class=\" wd-social-icon social-pinterest\" aria-label=\"Pinterest social link\">\n\t\t\t\t\t\t<span class=\"wd-icon\"><\/span>\n\t\t\t\t\t\t\t\t\t\t\t<\/a>\n\t\t\t\t\n\t\t\t\t\n\t\t\t\t\t\t\t\t\t<a rel=\"noopener noreferrer nofollow\" href=\"https:\/\/www.linkedin.com\/shareArticle?mini=true&url=https:\/\/brmagazine.com.ec\/reimaginando-espacios-como-la-ia-esta-transformando-el-diseno-de-interiores\/\" target=\"_blank\" class=\" wd-social-icon social-linkedin\" aria-label=\"Linkedin social link\">\n\t\t\t\t\t\t<span class=\"wd-icon\"><\/span>\n\t\t\t\t\t\t\t\t\t\t\t<\/a>\n\t\t\t\t\n\t\t\t\t\n\t\t\t\t\n\t\t\t\t\n\t\t\t\t\n\t\t\t\t\n\t\t\t\t\n\t\t\t\t\n\t\t\t\t\n\t\t\t\t\n\t\t\t\t\n\t\t\t\t\n\t\t\t\t\n\t\t\t\t\n\t\t\t\t\n\t\t\t\t\t\t\t\t\t<a rel=\"noopener noreferrer nofollow\" href=\"https:\/\/telegram.me\/share\/url?url=https:\/\/brmagazine.com.ec\/reimaginando-espacios-como-la-ia-esta-transformando-el-diseno-de-interiores\/\" target=\"_blank\" class=\" wd-social-icon social-tg\" aria-label=\"Telegram social link\">\n\t\t\t\t\t\t<span class=\"wd-icon\"><\/span>\n\t\t\t\t\t\t\t\t\t\t\t<\/a>\n\t\t\t\t\n\t\t\t\t\n\t\t\t<\/div>\n\n\t\t\t\t\t\t\t\t\t\t\t<\/div>\n\t\t\t\t\t\t\t\t\t<div class=\"tooltip-arrow\"><\/div>\n\t\t\t\t\t\t\t\t<\/div>\n\t\t\t\t\t\t\t<\/div>\n\t\t\t\t\t\t\n\t\t\t\t\t\t\t\t\t\t\t\t\t\t\t\t<link rel=\"stylesheet\" id=\"wd-blog-mod-comments-button-css\" href=\"https:\/\/brmagazine.com.ec\/wp-content\/themes\/woodmart\/css\/parts\/blog-mod-comments-button.min.css?ver=8.2.7\" type=\"text\/css\" media=\"all\" \/> \t\t\t\t\t\t\t\t\t\t<div class=\"wd-post-reply wd-style-1\">\n\t\t\t\t\t\t\t\t<a href=\"https:\/\/brmagazine.com.ec\/reimaginando-espacios-como-la-ia-esta-transformando-el-diseno-de-interiores\/#respond\"><span class=\"wd-replies-count\">0<\/span><\/a>\t\t\t\t\t\t\t<\/div>\n\t\t\t\t\t\t\t\t\t\t\t<\/div>\n\t\t\t\t\t\t\t\t\t\t\t\t\t<h3 class=\"wd-post-title wd-entities-title title post-title\">\n\t\t\t\t\t\t<a href=\"https:\/\/brmagazine.com.ec\/reimaginando-espacios-como-la-ia-esta-transformando-el-diseno-de-interiores\/\" rel=\"bookmark\">\n\t\t\t\t\t\t\tReimaginando Espacios: C\u00f3mo la IA Est\u00e1 Transformando el Dise\u00f1o de Interiores\t\t\t\t\t\t<\/a>\n\t\t\t\t\t<\/h3>\n\t\t\t\t\t\t\t\t\t\t\t\t\t<div class=\"wd-post-excerpt wd-scroll-content\">\n\t\t\t\t\t\t\t\t\t\t\t\t\tUn nuevo lenguaje entre tecnolog\u00eda y creatividad\r\nEn el coraz\u00f3n del dise\u00f1o de interiores, donde la est\u00e9tica y la funcionalidad se encuentran, la inteligencia artificial (IA) est\u00e1 escribiendo un nuevo cap\u00edtulo....\t\t\t\t\t\t\t\t\t\t\t<\/div>\n\t\t\t\t\t\t\t<\/div>\n\t\t\t\t\t\t\t\t\t\t\t\t<div class=\"wd-post-read-more wd-style-btn\">\n\t\t\t\t\t\t<a class=\" btn\" href=\"https:\/\/brmagazine.com.ec\/reimaginando-espacios-como-la-ia-esta-transformando-el-diseno-de-interiores\/\">Continue reading<\/a>\t\t\t\t\t<\/div>\n\t\t\t\t\t\t\t\t\t<\/div>\n\t<\/div>\n<\/article>\n\t\t\t\t\t\t\t\t\t\t\t\n<article id=\"post-2046\" class=\"wd-post blog-design-list blog-post-loop blog-style-flat post-2046 post type-post status-publish format-standard has-post-thumbnail hentry category-innovacion-y-tecnologia pmpro-has-access\">\n\t<div class=\"wd-post-inner\">\n\t\t<div class=\"wd-post-thumb\">\n\t\t\t\t\t\t\t<div class=\"wd-post-img\">\n\t\t\t\t\t<img width=\"819\" height=\"1024\" src=\"https:\/\/brmagazine.com.ec\/wp-content\/uploads\/2025\/08\/473833432_847733697402868_1245149561272402112_n-819x1024.jpg\" class=\"attachment-large size-large\" alt=\"\" decoding=\"async\" srcset=\"https:\/\/brmagazine.com.ec\/wp-content\/uploads\/2025\/08\/473833432_847733697402868_1245149561272402112_n-819x1024.jpg 819w, https:\/\/brmagazine.com.ec\/wp-content\/uploads\/2025\/08\/473833432_847733697402868_1245149561272402112_n-240x300.jpg 240w, https:\/\/brmagazine.com.ec\/wp-content\/uploads\/2025\/08\/473833432_847733697402868_1245149561272402112_n-768x960.jpg 768w, https:\/\/brmagazine.com.ec\/wp-content\/uploads\/2025\/08\/473833432_847733697402868_1245149561272402112_n-1229x1536.jpg 1229w, https:\/\/brmagazine.com.ec\/wp-content\/uploads\/2025\/08\/473833432_847733697402868_1245149561272402112_n-1638x2048.jpg 1638w, https:\/\/brmagazine.com.ec\/wp-content\/uploads\/2025\/08\/473833432_847733697402868_1245149561272402112_n-10x12.jpg 10w, https:\/\/brmagazine.com.ec\/wp-content\/uploads\/2025\/08\/473833432_847733697402868_1245149561272402112_n.jpg 1920w\" sizes=\"(max-width: 819px) 100vw, 819px\" \/>\t\t\t\t<\/div>\n\t\t\t\t\t\t\t\t\t\t\t\t<a class=\"wd-post-link wd-fill\" href=\"https:\/\/brmagazine.com.ec\/vojtek-morsztyn-interior-industrial-designers\/\" rel=\"bookmark\" aria-label=\"Link on post Vojtek Morsztyn: Interior &#038; Industrial Designers\"><\/a>\n\t\t\t\t\t\t\t<div class=\"wd-post-cat wd-style-with-bg\">\n\t\t\t\t\t<a href=\"https:\/\/brmagazine.com.ec\/category\/innovacion-y-tecnologia\/\" rel=\"category tag\">Innovaci\u00f3n y Tecnolog\u00eda<\/a>\t\t\t\t<\/div>\n\t\t\t\t\t<\/div>\n\n\t\t<div class=\"wd-post-content\">\n\t\t\t<div class=\"wd-post-content-inner wd-scroll\">\n\t\t\t\t\t\t\t\t\t<div class=\"wd-post-meta\">\n\t\t\t\t\t\t\t\t\t\t\t\t\t\t\t\t\t\t<div class=\"wd-post-author\">\n\t\t\t\t\t\t\t\t\t\t\t\t<span>Posted by<\/span>\n\t\t\n\t\t\t\t\t<img alt='author-avatar' src='https:\/\/brmagazine.com.ec\/wp-content\/uploads\/2025\/08\/jhon-lopez_avatar-22x22.png' srcset='https:\/\/brmagazine.com.ec\/wp-content\/uploads\/2025\/08\/jhon-lopez_avatar-44x44.png 2x' class='avatar avatar-22 photo' height='22' width='22' loading='lazy' decoding='async'\/>\t\t\n\t\t\t\t\t<a href=\"https:\/\/brmagazine.com.ec\/author\/jhon-lopez\/\" class=\"author\" rel=\"author\">Jhon L\u00f3pez (Soporte Br)<\/a>\n\t\t\t\t\t\t\t\t\t\t<\/div>\n\t\t\t\t\t\t<div class=\"wd-modified-date\">\n\t\t\t\t\t\t\t\t\t<time class=\"updated\" datetime=\"2025-09-02T10:11:53-05:00\">\n\t\t\tseptiembre 2, 2025\t\t<\/time>\n\t\t\t\t\t\t\t\t<\/div>\n\n\t\t\t\t\t\t\t\t\t\t\t\t\t<div class=\"wd-post-share wd-tltp\">\n\t\t\t\t\t\t\t\t<div class=\"tooltip top\">\n\t\t\t\t\t\t\t\t\t<div class=\"tooltip-inner\">\n\t\t\t\t\t\t\t\t\t\t\t\t\t<div\n\t\t\t\t\t\tclass=\" wd-social-icons  wd-style-default wd-size-small social-share wd-shape-circle color-scheme-light text-center\">\n\t\t\t\t\n\t\t\t\t\n\t\t\t\t\t\t\t\t\t<a rel=\"noopener noreferrer nofollow\" href=\"https:\/\/www.facebook.com\/sharer\/sharer.php?u=https:\/\/brmagazine.com.ec\/vojtek-morsztyn-interior-industrial-designers\/\" target=\"_blank\" class=\" wd-social-icon social-facebook\" aria-label=\"Facebook social link\">\n\t\t\t\t\t\t<span class=\"wd-icon\"><\/span>\n\t\t\t\t\t\t\t\t\t\t\t<\/a>\n\t\t\t\t\n\t\t\t\t\t\t\t\t\t<a rel=\"noopener noreferrer nofollow\" href=\"https:\/\/x.com\/share?url=https:\/\/brmagazine.com.ec\/vojtek-morsztyn-interior-industrial-designers\/\" target=\"_blank\" class=\" wd-social-icon social-twitter\" aria-label=\"X social link\">\n\t\t\t\t\t\t<span class=\"wd-icon\"><\/span>\n\t\t\t\t\t\t\t\t\t\t\t<\/a>\n\t\t\t\t\n\t\t\t\t\n\t\t\t\t\n\t\t\t\t\n\t\t\t\t\n\t\t\t\t\n\t\t\t\t\t\t\t\t\t<a rel=\"noopener noreferrer nofollow\" href=\"https:\/\/pinterest.com\/pin\/create\/button\/?url=https:\/\/brmagazine.com.ec\/vojtek-morsztyn-interior-industrial-designers\/&media=https:\/\/brmagazine.com.ec\/wp-content\/uploads\/2025\/08\/473833432_847733697402868_1245149561272402112_n.jpg&description=Vojtek+Morsztyn%3A+Interior+%26%23038%3B+Industrial+Designers\" target=\"_blank\" class=\" wd-social-icon social-pinterest\" aria-label=\"Pinterest social link\">\n\t\t\t\t\t\t<span class=\"wd-icon\"><\/span>\n\t\t\t\t\t\t\t\t\t\t\t<\/a>\n\t\t\t\t\n\t\t\t\t\n\t\t\t\t\t\t\t\t\t<a rel=\"noopener noreferrer nofollow\" href=\"https:\/\/www.linkedin.com\/shareArticle?mini=true&url=https:\/\/brmagazine.com.ec\/vojtek-morsztyn-interior-industrial-designers\/\" target=\"_blank\" class=\" wd-social-icon social-linkedin\" aria-label=\"Linkedin social link\">\n\t\t\t\t\t\t<span class=\"wd-icon\"><\/span>\n\t\t\t\t\t\t\t\t\t\t\t<\/a>\n\t\t\t\t\n\t\t\t\t\n\t\t\t\t\n\t\t\t\t\n\t\t\t\t\n\t\t\t\t\n\t\t\t\t\n\t\t\t\t\n\t\t\t\t\n\t\t\t\t\n\t\t\t\t\n\t\t\t\t\n\t\t\t\t\n\t\t\t\t\n\t\t\t\t\n\t\t\t\t\t\t\t\t\t<a rel=\"noopener noreferrer nofollow\" href=\"https:\/\/telegram.me\/share\/url?url=https:\/\/brmagazine.com.ec\/vojtek-morsztyn-interior-industrial-designers\/\" target=\"_blank\" class=\" wd-social-icon social-tg\" aria-label=\"Telegram social link\">\n\t\t\t\t\t\t<span class=\"wd-icon\"><\/span>\n\t\t\t\t\t\t\t\t\t\t\t<\/a>\n\t\t\t\t\n\t\t\t\t\n\t\t\t<\/div>\n\n\t\t\t\t\t\t\t\t\t\t\t<\/div>\n\t\t\t\t\t\t\t\t\t<div class=\"tooltip-arrow\"><\/div>\n\t\t\t\t\t\t\t\t<\/div>\n\t\t\t\t\t\t\t<\/div>\n\t\t\t\t\t\t\n\t\t\t\t\t\t\t\t\t\t\t\t\t\t\t\t\t\t\t\t<div class=\"wd-post-reply wd-style-1\">\n\t\t\t\t\t\t\t\t<a href=\"https:\/\/brmagazine.com.ec\/vojtek-morsztyn-interior-industrial-designers\/#respond\"><span class=\"wd-replies-count\">0<\/span><\/a>\t\t\t\t\t\t\t<\/div>\n\t\t\t\t\t\t\t\t\t\t\t<\/div>\n\t\t\t\t\t\t\t\t\t\t\t\t\t<h3 class=\"wd-post-title wd-entities-title title post-title\">\n\t\t\t\t\t\t<a href=\"https:\/\/brmagazine.com.ec\/vojtek-morsztyn-interior-industrial-designers\/\" rel=\"bookmark\">\n\t\t\t\t\t\t\tVojtek Morsztyn: Interior &#038; Industrial Designers\t\t\t\t\t\t<\/a>\n\t\t\t\t\t<\/h3>\n\t\t\t\t\t\t\t\t\t\t\t\t\t<div class=\"wd-post-excerpt wd-scroll-content\">\n\t\t\t\t\t\t\t\t\t\t\t\t\tSu trabajo se erige como un di\u00e1logo entre texturas, luz y formas. En sus composiciones, los detalles arquitect\u00f3nicos y el dise\u00f1o interior con especial importancia, alcanzan un nivel de meticulosidad...\t\t\t\t\t\t\t\t\t\t\t<\/div>\n\t\t\t\t\t\t\t<\/div>\n\t\t\t\t\t\t\t\t\t\t\t\t<div class=\"wd-post-read-more wd-style-btn\">\n\t\t\t\t\t\t<a class=\" btn\" href=\"https:\/\/brmagazine.com.ec\/vojtek-morsztyn-interior-industrial-designers\/\">Continue reading<\/a>\t\t\t\t\t<\/div>\n\t\t\t\t\t\t\t\t\t<\/div>\n\t<\/div>\n<\/article>\n\t\t\t\t\t\t\t\t\t\t\t\n<article id=\"post-2047\" class=\"wd-post blog-design-list blog-post-loop blog-style-flat post-2047 post type-post status-publish format-standard has-post-thumbnail hentry category-innovacion-y-tecnologia pmpro-has-access\">\n\t<div class=\"wd-post-inner\">\n\t\t<div class=\"wd-post-thumb\">\n\t\t\t\t\t\t\t<div class=\"wd-post-img\">\n\t\t\t\t\t<img width=\"1024\" height=\"1024\" src=\"https:\/\/brmagazine.com.ec\/wp-content\/uploads\/2025\/08\/C_Mag-2-topaz-high-fidelity-v2-3x-1024x1024.jpeg\" class=\"attachment-large size-large\" alt=\"\" decoding=\"async\" loading=\"lazy\" srcset=\"https:\/\/brmagazine.com.ec\/wp-content\/uploads\/2025\/08\/C_Mag-2-topaz-high-fidelity-v2-3x-1024x1024.jpeg 1024w, https:\/\/brmagazine.com.ec\/wp-content\/uploads\/2025\/08\/C_Mag-2-topaz-high-fidelity-v2-3x-300x300.jpeg 300w, https:\/\/brmagazine.com.ec\/wp-content\/uploads\/2025\/08\/C_Mag-2-topaz-high-fidelity-v2-3x-150x150.jpeg 150w, https:\/\/brmagazine.com.ec\/wp-content\/uploads\/2025\/08\/C_Mag-2-topaz-high-fidelity-v2-3x-768x768.jpeg 768w, https:\/\/brmagazine.com.ec\/wp-content\/uploads\/2025\/08\/C_Mag-2-topaz-high-fidelity-v2-3x-1536x1536.jpeg 1536w, https:\/\/brmagazine.com.ec\/wp-content\/uploads\/2025\/08\/C_Mag-2-topaz-high-fidelity-v2-3x-2048x2048.jpeg 2048w, https:\/\/brmagazine.com.ec\/wp-content\/uploads\/2025\/08\/C_Mag-2-topaz-high-fidelity-v2-3x-12x12.jpeg 12w\" sizes=\"auto, (max-width: 1024px) 100vw, 1024px\" \/>\t\t\t\t<\/div>\n\t\t\t\t\t\t\t\t\t\t\t\t<a class=\"wd-post-link wd-fill\" href=\"https:\/\/brmagazine.com.ec\/rolando-cedeno-ai-visionario-y-arquitecto-de-desarrollo-de-diseno-conceptual-y-artista-senior-3d\/\" rel=\"bookmark\" aria-label=\"Link on post Rolando Cede\u00f1o: AI Visionario y Arquitecto de Desarrollo de Dise\u00f1o Conceptual y Artista Senior 3D\"><\/a>\n\t\t\t\t\t\t\t<div class=\"wd-post-cat wd-style-with-bg\">\n\t\t\t\t\t<a href=\"https:\/\/brmagazine.com.ec\/category\/innovacion-y-tecnologia\/\" rel=\"category tag\">Innovaci\u00f3n y Tecnolog\u00eda<\/a>\t\t\t\t<\/div>\n\t\t\t\t\t<\/div>\n\n\t\t<div class=\"wd-post-content\">\n\t\t\t<div class=\"wd-post-content-inner wd-scroll\">\n\t\t\t\t\t\t\t\t\t<div class=\"wd-post-meta\">\n\t\t\t\t\t\t\t\t\t\t\t\t\t\t\t\t\t\t<div class=\"wd-post-author\">\n\t\t\t\t\t\t\t\t\t\t\t\t<span>Posted by<\/span>\n\t\t\n\t\t\t\t\t<img alt='author-avatar' src='https:\/\/brmagazine.com.ec\/wp-content\/uploads\/2025\/08\/jhon-lopez_avatar-22x22.png' srcset='https:\/\/brmagazine.com.ec\/wp-content\/uploads\/2025\/08\/jhon-lopez_avatar-44x44.png 2x' class='avatar avatar-22 photo' height='22' width='22' loading='lazy' decoding='async'\/>\t\t\n\t\t\t\t\t<a href=\"https:\/\/brmagazine.com.ec\/author\/jhon-lopez\/\" class=\"author\" rel=\"author\">Jhon L\u00f3pez (Soporte Br)<\/a>\n\t\t\t\t\t\t\t\t\t\t<\/div>\n\t\t\t\t\t\t<div class=\"wd-modified-date\">\n\t\t\t\t\t\t\t\t\t<time class=\"updated\" datetime=\"2025-09-02T10:42:52-05:00\">\n\t\t\tseptiembre 2, 2025\t\t<\/time>\n\t\t\t\t\t\t\t\t<\/div>\n\n\t\t\t\t\t\t\t\t\t\t\t\t\t<div class=\"wd-post-share wd-tltp\">\n\t\t\t\t\t\t\t\t<div class=\"tooltip top\">\n\t\t\t\t\t\t\t\t\t<div class=\"tooltip-inner\">\n\t\t\t\t\t\t\t\t\t\t\t\t\t<div\n\t\t\t\t\t\tclass=\" wd-social-icons  wd-style-default wd-size-small social-share wd-shape-circle color-scheme-light text-center\">\n\t\t\t\t\n\t\t\t\t\n\t\t\t\t\t\t\t\t\t<a rel=\"noopener noreferrer nofollow\" href=\"https:\/\/www.facebook.com\/sharer\/sharer.php?u=https:\/\/brmagazine.com.ec\/rolando-cedeno-ai-visionario-y-arquitecto-de-desarrollo-de-diseno-conceptual-y-artista-senior-3d\/\" target=\"_blank\" class=\" wd-social-icon social-facebook\" aria-label=\"Facebook social link\">\n\t\t\t\t\t\t<span class=\"wd-icon\"><\/span>\n\t\t\t\t\t\t\t\t\t\t\t<\/a>\n\t\t\t\t\n\t\t\t\t\t\t\t\t\t<a rel=\"noopener noreferrer nofollow\" href=\"https:\/\/x.com\/share?url=https:\/\/brmagazine.com.ec\/rolando-cedeno-ai-visionario-y-arquitecto-de-desarrollo-de-diseno-conceptual-y-artista-senior-3d\/\" target=\"_blank\" class=\" wd-social-icon social-twitter\" aria-label=\"X social link\">\n\t\t\t\t\t\t<span class=\"wd-icon\"><\/span>\n\t\t\t\t\t\t\t\t\t\t\t<\/a>\n\t\t\t\t\n\t\t\t\t\n\t\t\t\t\n\t\t\t\t\n\t\t\t\t\n\t\t\t\t\n\t\t\t\t\t\t\t\t\t<a rel=\"noopener noreferrer nofollow\" href=\"https:\/\/pinterest.com\/pin\/create\/button\/?url=https:\/\/brmagazine.com.ec\/rolando-cedeno-ai-visionario-y-arquitecto-de-desarrollo-de-diseno-conceptual-y-artista-senior-3d\/&media=https:\/\/brmagazine.com.ec\/wp-content\/uploads\/2025\/08\/C_Mag-2-topaz-high-fidelity-v2-3x-scaled.jpeg&description=Rolando+Cede%C3%B1o%3A+AI+Visionario+y+Arquitecto+de+Desarrollo+de+Dise%C3%B1o+Conceptual+y+Artista+Senior+3D\" target=\"_blank\" class=\" wd-social-icon social-pinterest\" aria-label=\"Pinterest social link\">\n\t\t\t\t\t\t<span class=\"wd-icon\"><\/span>\n\t\t\t\t\t\t\t\t\t\t\t<\/a>\n\t\t\t\t\n\t\t\t\t\n\t\t\t\t\t\t\t\t\t<a rel=\"noopener noreferrer nofollow\" href=\"https:\/\/www.linkedin.com\/shareArticle?mini=true&url=https:\/\/brmagazine.com.ec\/rolando-cedeno-ai-visionario-y-arquitecto-de-desarrollo-de-diseno-conceptual-y-artista-senior-3d\/\" target=\"_blank\" class=\" wd-social-icon social-linkedin\" aria-label=\"Linkedin social link\">\n\t\t\t\t\t\t<span class=\"wd-icon\"><\/span>\n\t\t\t\t\t\t\t\t\t\t\t<\/a>\n\t\t\t\t\n\t\t\t\t\n\t\t\t\t\n\t\t\t\t\n\t\t\t\t\n\t\t\t\t\n\t\t\t\t\n\t\t\t\t\n\t\t\t\t\n\t\t\t\t\n\t\t\t\t\n\t\t\t\t\n\t\t\t\t\n\t\t\t\t\n\t\t\t\t\n\t\t\t\t\t\t\t\t\t<a rel=\"noopener noreferrer nofollow\" href=\"https:\/\/telegram.me\/share\/url?url=https:\/\/brmagazine.com.ec\/rolando-cedeno-ai-visionario-y-arquitecto-de-desarrollo-de-diseno-conceptual-y-artista-senior-3d\/\" target=\"_blank\" class=\" wd-social-icon social-tg\" aria-label=\"Telegram social link\">\n\t\t\t\t\t\t<span class=\"wd-icon\"><\/span>\n\t\t\t\t\t\t\t\t\t\t\t<\/a>\n\t\t\t\t\n\t\t\t\t\n\t\t\t<\/div>\n\n\t\t\t\t\t\t\t\t\t\t\t<\/div>\n\t\t\t\t\t\t\t\t\t<div class=\"tooltip-arrow\"><\/div>\n\t\t\t\t\t\t\t\t<\/div>\n\t\t\t\t\t\t\t<\/div>\n\t\t\t\t\t\t\n\t\t\t\t\t\t\t\t\t\t\t\t\t\t\t\t\t\t\t\t<div class=\"wd-post-reply wd-style-1\">\n\t\t\t\t\t\t\t\t<a href=\"https:\/\/brmagazine.com.ec\/rolando-cedeno-ai-visionario-y-arquitecto-de-desarrollo-de-diseno-conceptual-y-artista-senior-3d\/#respond\"><span class=\"wd-replies-count\">0<\/span><\/a>\t\t\t\t\t\t\t<\/div>\n\t\t\t\t\t\t\t\t\t\t\t<\/div>\n\t\t\t\t\t\t\t\t\t\t\t\t\t<h3 class=\"wd-post-title wd-entities-title title post-title\">\n\t\t\t\t\t\t<a href=\"https:\/\/brmagazine.com.ec\/rolando-cedeno-ai-visionario-y-arquitecto-de-desarrollo-de-diseno-conceptual-y-artista-senior-3d\/\" rel=\"bookmark\">\n\t\t\t\t\t\t\tRolando Cede\u00f1o: AI Visionario y Arquitecto de Desarrollo de Dise\u00f1o Conceptual y Artista Senior 3D\t\t\t\t\t\t<\/a>\n\t\t\t\t\t<\/h3>\n\t\t\t\t\t\t\t\t\t\t\t\t\t<div class=\"wd-post-excerpt wd-scroll-content\">\n\t\t\t\t\t\t\t\t\t\t\t\t\tSe posiciona como un creador con IA visionario y ecl\u00e9ctico. Su obra explora un futuro sostenible y creativo, donde las formas org\u00e1nicas y geom\u00e9tricas dialogan con la naturaleza y los...\t\t\t\t\t\t\t\t\t\t\t<\/div>\n\t\t\t\t\t\t\t<\/div>\n\t\t\t\t\t\t\t\t\t\t\t\t<div class=\"wd-post-read-more wd-style-btn\">\n\t\t\t\t\t\t<a class=\" btn\" href=\"https:\/\/brmagazine.com.ec\/rolando-cedeno-ai-visionario-y-arquitecto-de-desarrollo-de-diseno-conceptual-y-artista-senior-3d\/\">Continue reading<\/a>\t\t\t\t\t<\/div>\n\t\t\t\t\t\t\t\t\t<\/div>\n\t<\/div>\n<\/article>\n\t\t\t\t\t\t\t\t\t\t\t\n<article id=\"post-2048\" class=\"wd-post blog-design-list blog-post-loop blog-style-flat post-2048 post type-post status-publish format-standard has-post-thumbnail hentry category-innovacion-y-tecnologia pmpro-has-access\">\n\t<div class=\"wd-post-inner\">\n\t\t<div class=\"wd-post-thumb\">\n\t\t\t\t\t\t\t<div class=\"wd-post-img\">\n\t\t\t\t\t<img width=\"819\" height=\"1024\" src=\"https:\/\/brmagazine.com.ec\/wp-content\/uploads\/2025\/08\/1.FUTURE-MANSION4-HR-819x1024.png\" class=\"attachment-large size-large\" alt=\"\" decoding=\"async\" loading=\"lazy\" srcset=\"https:\/\/brmagazine.com.ec\/wp-content\/uploads\/2025\/08\/1.FUTURE-MANSION4-HR-819x1024.png 819w, https:\/\/brmagazine.com.ec\/wp-content\/uploads\/2025\/08\/1.FUTURE-MANSION4-HR-240x300.png 240w, https:\/\/brmagazine.com.ec\/wp-content\/uploads\/2025\/08\/1.FUTURE-MANSION4-HR-768x960.png 768w, https:\/\/brmagazine.com.ec\/wp-content\/uploads\/2025\/08\/1.FUTURE-MANSION4-HR-1229x1536.png 1229w, https:\/\/brmagazine.com.ec\/wp-content\/uploads\/2025\/08\/1.FUTURE-MANSION4-HR-10x12.png 10w, https:\/\/brmagazine.com.ec\/wp-content\/uploads\/2025\/08\/1.FUTURE-MANSION4-HR.png 1632w\" sizes=\"auto, (max-width: 819px) 100vw, 819px\" \/>\t\t\t\t<\/div>\n\t\t\t\t\t\t\t\t\t\t\t\t<a class=\"wd-post-link wd-fill\" href=\"https:\/\/brmagazine.com.ec\/kajetan-szostok-estudio-de-ia-ksz\/\" rel=\"bookmark\" aria-label=\"Link on post Kajetan Szostok: Estudio de IA KSZ\"><\/a>\n\t\t\t\t\t\t\t<div class=\"wd-post-cat wd-style-with-bg\">\n\t\t\t\t\t<a href=\"https:\/\/brmagazine.com.ec\/category\/innovacion-y-tecnologia\/\" rel=\"category tag\">Innovaci\u00f3n y Tecnolog\u00eda<\/a>\t\t\t\t<\/div>\n\t\t\t\t\t<\/div>\n\n\t\t<div class=\"wd-post-content\">\n\t\t\t<div class=\"wd-post-content-inner wd-scroll\">\n\t\t\t\t\t\t\t\t\t<div class=\"wd-post-meta\">\n\t\t\t\t\t\t\t\t\t\t\t\t\t\t\t\t\t\t<div class=\"wd-post-author\">\n\t\t\t\t\t\t\t\t\t\t\t\t<span>Posted by<\/span>\n\t\t\n\t\t\t\t\t<img alt='author-avatar' src='https:\/\/brmagazine.com.ec\/wp-content\/uploads\/2025\/08\/jhon-lopez_avatar-22x22.png' srcset='https:\/\/brmagazine.com.ec\/wp-content\/uploads\/2025\/08\/jhon-lopez_avatar-44x44.png 2x' class='avatar avatar-22 photo' height='22' width='22' loading='lazy' decoding='async'\/>\t\t\n\t\t\t\t\t<a href=\"https:\/\/brmagazine.com.ec\/author\/jhon-lopez\/\" class=\"author\" rel=\"author\">Jhon L\u00f3pez (Soporte Br)<\/a>\n\t\t\t\t\t\t\t\t\t\t<\/div>\n\t\t\t\t\t\t<div class=\"wd-modified-date\">\n\t\t\t\t\t\t\t\t\t<time class=\"updated\" datetime=\"2025-09-02T09:48:17-05:00\">\n\t\t\tseptiembre 2, 2025\t\t<\/time>\n\t\t\t\t\t\t\t\t<\/div>\n\n\t\t\t\t\t\t\t\t\t\t\t\t\t<div class=\"wd-post-share wd-tltp\">\n\t\t\t\t\t\t\t\t<div class=\"tooltip top\">\n\t\t\t\t\t\t\t\t\t<div class=\"tooltip-inner\">\n\t\t\t\t\t\t\t\t\t\t\t\t\t<div\n\t\t\t\t\t\tclass=\" wd-social-icons  wd-style-default wd-size-small social-share wd-shape-circle color-scheme-light text-center\">\n\t\t\t\t\n\t\t\t\t\n\t\t\t\t\t\t\t\t\t<a rel=\"noopener noreferrer nofollow\" href=\"https:\/\/www.facebook.com\/sharer\/sharer.php?u=https:\/\/brmagazine.com.ec\/kajetan-szostok-estudio-de-ia-ksz\/\" target=\"_blank\" class=\" wd-social-icon social-facebook\" aria-label=\"Facebook social link\">\n\t\t\t\t\t\t<span class=\"wd-icon\"><\/span>\n\t\t\t\t\t\t\t\t\t\t\t<\/a>\n\t\t\t\t\n\t\t\t\t\t\t\t\t\t<a rel=\"noopener noreferrer nofollow\" href=\"https:\/\/x.com\/share?url=https:\/\/brmagazine.com.ec\/kajetan-szostok-estudio-de-ia-ksz\/\" target=\"_blank\" class=\" wd-social-icon social-twitter\" aria-label=\"X social link\">\n\t\t\t\t\t\t<span class=\"wd-icon\"><\/span>\n\t\t\t\t\t\t\t\t\t\t\t<\/a>\n\t\t\t\t\n\t\t\t\t\n\t\t\t\t\n\t\t\t\t\n\t\t\t\t\n\t\t\t\t\n\t\t\t\t\t\t\t\t\t<a rel=\"noopener noreferrer nofollow\" href=\"https:\/\/pinterest.com\/pin\/create\/button\/?url=https:\/\/brmagazine.com.ec\/kajetan-szostok-estudio-de-ia-ksz\/&media=https:\/\/brmagazine.com.ec\/wp-content\/uploads\/2025\/08\/1.FUTURE-MANSION4-HR.png&description=Kajetan+Szostok%3A+Estudio+de+IA+KSZ\" target=\"_blank\" class=\" wd-social-icon social-pinterest\" aria-label=\"Pinterest social link\">\n\t\t\t\t\t\t<span class=\"wd-icon\"><\/span>\n\t\t\t\t\t\t\t\t\t\t\t<\/a>\n\t\t\t\t\n\t\t\t\t\n\t\t\t\t\t\t\t\t\t<a rel=\"noopener noreferrer nofollow\" href=\"https:\/\/www.linkedin.com\/shareArticle?mini=true&url=https:\/\/brmagazine.com.ec\/kajetan-szostok-estudio-de-ia-ksz\/\" target=\"_blank\" class=\" wd-social-icon social-linkedin\" aria-label=\"Linkedin social link\">\n\t\t\t\t\t\t<span class=\"wd-icon\"><\/span>\n\t\t\t\t\t\t\t\t\t\t\t<\/a>\n\t\t\t\t\n\t\t\t\t\n\t\t\t\t\n\t\t\t\t\n\t\t\t\t\n\t\t\t\t\n\t\t\t\t\n\t\t\t\t\n\t\t\t\t\n\t\t\t\t\n\t\t\t\t\n\t\t\t\t\n\t\t\t\t\n\t\t\t\t\n\t\t\t\t\n\t\t\t\t\t\t\t\t\t<a rel=\"noopener noreferrer nofollow\" href=\"https:\/\/telegram.me\/share\/url?url=https:\/\/brmagazine.com.ec\/kajetan-szostok-estudio-de-ia-ksz\/\" target=\"_blank\" class=\" wd-social-icon social-tg\" aria-label=\"Telegram social link\">\n\t\t\t\t\t\t<span class=\"wd-icon\"><\/span>\n\t\t\t\t\t\t\t\t\t\t\t<\/a>\n\t\t\t\t\n\t\t\t\t\n\t\t\t<\/div>\n\n\t\t\t\t\t\t\t\t\t\t\t<\/div>\n\t\t\t\t\t\t\t\t\t<div class=\"tooltip-arrow\"><\/div>\n\t\t\t\t\t\t\t\t<\/div>\n\t\t\t\t\t\t\t<\/div>\n\t\t\t\t\t\t\n\t\t\t\t\t\t\t\t\t\t\t\t\t\t\t\t\t\t\t\t<div class=\"wd-post-reply wd-style-1\">\n\t\t\t\t\t\t\t\t<a href=\"https:\/\/brmagazine.com.ec\/kajetan-szostok-estudio-de-ia-ksz\/#respond\"><span class=\"wd-replies-count\">0<\/span><\/a>\t\t\t\t\t\t\t<\/div>\n\t\t\t\t\t\t\t\t\t\t\t<\/div>\n\t\t\t\t\t\t\t\t\t\t\t\t\t<h3 class=\"wd-post-title wd-entities-title title post-title\">\n\t\t\t\t\t\t<a href=\"https:\/\/brmagazine.com.ec\/kajetan-szostok-estudio-de-ia-ksz\/\" rel=\"bookmark\">\n\t\t\t\t\t\t\tKajetan Szostok: Estudio de IA KSZ\t\t\t\t\t\t<\/a>\n\t\t\t\t\t<\/h3>\n\t\t\t\t\t\t\t\t\t\t\t\t\t<div class=\"wd-post-excerpt wd-scroll-content\">\n\t\t\t\t\t\t\t\t\t\t\t\t\tFusiona lo param\u00e9trico y lo org\u00e1nico con un conceptualismo po\u00e9tico. Sus formas curvas, cargadas de intencionalidad, dialogan con la escala humana y el poder de los espacios, creando ambientes que...\t\t\t\t\t\t\t\t\t\t\t<\/div>\n\t\t\t\t\t\t\t<\/div>\n\t\t\t\t\t\t\t\t\t\t\t\t<div class=\"wd-post-read-more wd-style-btn\">\n\t\t\t\t\t\t<a class=\" btn\" href=\"https:\/\/brmagazine.com.ec\/kajetan-szostok-estudio-de-ia-ksz\/\">Continue reading<\/a>\t\t\t\t\t<\/div>\n\t\t\t\t\t\t\t\t\t<\/div>\n\t<\/div>\n<\/article>\n\t\t\t\t\t\t\t\t\t\t\t\n<article id=\"post-2037\" class=\"wd-post blog-design-list blog-post-loop blog-style-flat post-2037 post type-post status-publish format-standard has-post-thumbnail hentry category-innovacion-y-tecnologia pmpro-has-access\">\n\t<div class=\"wd-post-inner\">\n\t\t<div class=\"wd-post-thumb\">\n\t\t\t\t\t\t\t<div class=\"wd-post-img\">\n\t\t\t\t\t<img width=\"1024\" height=\"771\" src=\"https:\/\/brmagazine.com.ec\/wp-content\/uploads\/2025\/08\/3.creativa-on-the-shelfie-1-1024x771.png\" class=\"attachment-large size-large\" alt=\"\" decoding=\"async\" loading=\"lazy\" srcset=\"https:\/\/brmagazine.com.ec\/wp-content\/uploads\/2025\/08\/3.creativa-on-the-shelfie-1-1024x771.png 1024w, https:\/\/brmagazine.com.ec\/wp-content\/uploads\/2025\/08\/3.creativa-on-the-shelfie-1-300x226.png 300w, https:\/\/brmagazine.com.ec\/wp-content\/uploads\/2025\/08\/3.creativa-on-the-shelfie-1-768x578.png 768w, https:\/\/brmagazine.com.ec\/wp-content\/uploads\/2025\/08\/3.creativa-on-the-shelfie-1-1536x1157.png 1536w, https:\/\/brmagazine.com.ec\/wp-content\/uploads\/2025\/08\/3.creativa-on-the-shelfie-1-2048x1543.png 2048w, https:\/\/brmagazine.com.ec\/wp-content\/uploads\/2025\/08\/3.creativa-on-the-shelfie-1-16x12.png 16w\" sizes=\"auto, (max-width: 1024px) 100vw, 1024px\" \/>\t\t\t\t<\/div>\n\t\t\t\t\t\t\t\t\t\t\t\t<a class=\"wd-post-link wd-fill\" href=\"https:\/\/brmagazine.com.ec\/alexis-givens-innovacion-y-creatividad\/\" rel=\"bookmark\" aria-label=\"Link on post Alexis Givens: Innovaci\u00f3n y Creatividad\"><\/a>\n\t\t\t\t\t\t\t<div class=\"wd-post-cat wd-style-with-bg\">\n\t\t\t\t\t<a href=\"https:\/\/brmagazine.com.ec\/category\/innovacion-y-tecnologia\/\" rel=\"category tag\">Innovaci\u00f3n y Tecnolog\u00eda<\/a>\t\t\t\t<\/div>\n\t\t\t\t\t<\/div>\n\n\t\t<div class=\"wd-post-content\">\n\t\t\t<div class=\"wd-post-content-inner wd-scroll\">\n\t\t\t\t\t\t\t\t\t<div class=\"wd-post-meta\">\n\t\t\t\t\t\t\t\t\t\t\t\t\t\t\t\t\t\t<div class=\"wd-post-author\">\n\t\t\t\t\t\t\t\t\t\t\t\t<span>Posted by<\/span>\n\t\t\n\t\t\t\t\t<img alt='author-avatar' src='https:\/\/brmagazine.com.ec\/wp-content\/uploads\/2025\/08\/jhon-lopez_avatar-22x22.png' srcset='https:\/\/brmagazine.com.ec\/wp-content\/uploads\/2025\/08\/jhon-lopez_avatar-44x44.png 2x' class='avatar avatar-22 photo' height='22' width='22' loading='lazy' decoding='async'\/>\t\t\n\t\t\t\t\t<a href=\"https:\/\/brmagazine.com.ec\/author\/jhon-lopez\/\" class=\"author\" rel=\"author\">Jhon L\u00f3pez (Soporte Br)<\/a>\n\t\t\t\t\t\t\t\t\t\t<\/div>\n\t\t\t\t\t\t<div class=\"wd-modified-date\">\n\t\t\t\t\t\t\t\t\t<time class=\"updated\" datetime=\"2025-09-02T10:33:58-05:00\">\n\t\t\tseptiembre 2, 2025\t\t<\/time>\n\t\t\t\t\t\t\t\t<\/div>\n\n\t\t\t\t\t\t\t\t\t\t\t\t\t<div class=\"wd-post-share wd-tltp\">\n\t\t\t\t\t\t\t\t<div class=\"tooltip top\">\n\t\t\t\t\t\t\t\t\t<div class=\"tooltip-inner\">\n\t\t\t\t\t\t\t\t\t\t\t\t\t<div\n\t\t\t\t\t\tclass=\" wd-social-icons  wd-style-default wd-size-small social-share wd-shape-circle color-scheme-light text-center\">\n\t\t\t\t\n\t\t\t\t\n\t\t\t\t\t\t\t\t\t<a rel=\"noopener noreferrer nofollow\" href=\"https:\/\/www.facebook.com\/sharer\/sharer.php?u=https:\/\/brmagazine.com.ec\/alexis-givens-innovacion-y-creatividad\/\" target=\"_blank\" class=\" wd-social-icon social-facebook\" aria-label=\"Facebook social link\">\n\t\t\t\t\t\t<span class=\"wd-icon\"><\/span>\n\t\t\t\t\t\t\t\t\t\t\t<\/a>\n\t\t\t\t\n\t\t\t\t\t\t\t\t\t<a rel=\"noopener noreferrer nofollow\" href=\"https:\/\/x.com\/share?url=https:\/\/brmagazine.com.ec\/alexis-givens-innovacion-y-creatividad\/\" target=\"_blank\" class=\" wd-social-icon social-twitter\" aria-label=\"X social link\">\n\t\t\t\t\t\t<span class=\"wd-icon\"><\/span>\n\t\t\t\t\t\t\t\t\t\t\t<\/a>\n\t\t\t\t\n\t\t\t\t\n\t\t\t\t\n\t\t\t\t\n\t\t\t\t\n\t\t\t\t\n\t\t\t\t\t\t\t\t\t<a rel=\"noopener noreferrer nofollow\" href=\"https:\/\/pinterest.com\/pin\/create\/button\/?url=https:\/\/brmagazine.com.ec\/alexis-givens-innovacion-y-creatividad\/&media=https:\/\/brmagazine.com.ec\/wp-content\/uploads\/2025\/08\/3.creativa-on-the-shelfie-1.png&description=Alexis+Givens%3A+Innovaci%C3%B3n+y+Creatividad\" target=\"_blank\" class=\" wd-social-icon social-pinterest\" aria-label=\"Pinterest social link\">\n\t\t\t\t\t\t<span class=\"wd-icon\"><\/span>\n\t\t\t\t\t\t\t\t\t\t\t<\/a>\n\t\t\t\t\n\t\t\t\t\n\t\t\t\t\t\t\t\t\t<a rel=\"noopener noreferrer nofollow\" href=\"https:\/\/www.linkedin.com\/shareArticle?mini=true&url=https:\/\/brmagazine.com.ec\/alexis-givens-innovacion-y-creatividad\/\" target=\"_blank\" class=\" wd-social-icon social-linkedin\" aria-label=\"Linkedin social link\">\n\t\t\t\t\t\t<span class=\"wd-icon\"><\/span>\n\t\t\t\t\t\t\t\t\t\t\t<\/a>\n\t\t\t\t\n\t\t\t\t\n\t\t\t\t\n\t\t\t\t\n\t\t\t\t\n\t\t\t\t\n\t\t\t\t\n\t\t\t\t\n\t\t\t\t\n\t\t\t\t\n\t\t\t\t\n\t\t\t\t\n\t\t\t\t\n\t\t\t\t\n\t\t\t\t\n\t\t\t\t\t\t\t\t\t<a rel=\"noopener noreferrer nofollow\" href=\"https:\/\/telegram.me\/share\/url?url=https:\/\/brmagazine.com.ec\/alexis-givens-innovacion-y-creatividad\/\" target=\"_blank\" class=\" wd-social-icon social-tg\" aria-label=\"Telegram social link\">\n\t\t\t\t\t\t<span class=\"wd-icon\"><\/span>\n\t\t\t\t\t\t\t\t\t\t\t<\/a>\n\t\t\t\t\n\t\t\t\t\n\t\t\t<\/div>\n\n\t\t\t\t\t\t\t\t\t\t\t<\/div>\n\t\t\t\t\t\t\t\t\t<div class=\"tooltip-arrow\"><\/div>\n\t\t\t\t\t\t\t\t<\/div>\n\t\t\t\t\t\t\t<\/div>\n\t\t\t\t\t\t\n\t\t\t\t\t\t\t\t\t\t\t\t\t\t\t\t\t\t\t\t<div class=\"wd-post-reply wd-style-1\">\n\t\t\t\t\t\t\t\t<a href=\"https:\/\/brmagazine.com.ec\/alexis-givens-innovacion-y-creatividad\/#respond\"><span class=\"wd-replies-count\">0<\/span><\/a>\t\t\t\t\t\t\t<\/div>\n\t\t\t\t\t\t\t\t\t\t\t<\/div>\n\t\t\t\t\t\t\t\t\t\t\t\t\t<h3 class=\"wd-post-title wd-entities-title title post-title\">\n\t\t\t\t\t\t<a href=\"https:\/\/brmagazine.com.ec\/alexis-givens-innovacion-y-creatividad\/\" rel=\"bookmark\">\n\t\t\t\t\t\t\tAlexis Givens: Innovaci\u00f3n y Creatividad\t\t\t\t\t\t<\/a>\n\t\t\t\t\t<\/h3>\n\t\t\t\t\t\t\t\t\t\t\t\t\t<div class=\"wd-post-excerpt wd-scroll-content\">\n\t\t\t\t\t\t\t\t\t\t\t\t\tAlexis Givens es una dise\u00f1adora de interiores y creadora de contenido innovadora con una trayectoria destacada en el uso de herramientas de inteligencia artificial (IA) para transformar el proceso creativo...\t\t\t\t\t\t\t\t\t\t\t<\/div>\n\t\t\t\t\t\t\t<\/div>\n\t\t\t\t\t\t\t\t\t\t\t\t<div class=\"wd-post-read-more wd-style-btn\">\n\t\t\t\t\t\t<a class=\" btn\" href=\"https:\/\/brmagazine.com.ec\/alexis-givens-innovacion-y-creatividad\/\">Continue reading<\/a>\t\t\t\t\t<\/div>\n\t\t\t\t\t\t\t\t\t<\/div>\n\t<\/div>\n<\/article>\n\t\t\t\t\t\t\t\t\t\t\t\n<article id=\"post-2041\" class=\"wd-post blog-design-list blog-post-loop blog-style-flat post-2041 post type-post status-publish format-standard has-post-thumbnail hentry category-innovacion-y-tecnologia pmpro-has-access\">\n\t<div class=\"wd-post-inner\">\n\t\t<div class=\"wd-post-thumb\">\n\t\t\t\t\t\t\t<div class=\"wd-post-img\">\n\t\t\t\t\t<img width=\"1024\" height=\"682\" src=\"https:\/\/brmagazine.com.ec\/wp-content\/uploads\/2025\/08\/G6jMoqjDEG9jrk88OsDgEgdlnH6LVLF1CxMlvOYY-1024x682.webp\" class=\"attachment-large size-large\" alt=\"\" decoding=\"async\" loading=\"lazy\" srcset=\"https:\/\/brmagazine.com.ec\/wp-content\/uploads\/2025\/08\/G6jMoqjDEG9jrk88OsDgEgdlnH6LVLF1CxMlvOYY-1024x682.webp 1024w, https:\/\/brmagazine.com.ec\/wp-content\/uploads\/2025\/08\/G6jMoqjDEG9jrk88OsDgEgdlnH6LVLF1CxMlvOYY-300x200.webp 300w, https:\/\/brmagazine.com.ec\/wp-content\/uploads\/2025\/08\/G6jMoqjDEG9jrk88OsDgEgdlnH6LVLF1CxMlvOYY-768x512.webp 768w, https:\/\/brmagazine.com.ec\/wp-content\/uploads\/2025\/08\/G6jMoqjDEG9jrk88OsDgEgdlnH6LVLF1CxMlvOYY-1536x1023.webp 1536w, https:\/\/brmagazine.com.ec\/wp-content\/uploads\/2025\/08\/G6jMoqjDEG9jrk88OsDgEgdlnH6LVLF1CxMlvOYY-18x12.webp 18w, https:\/\/brmagazine.com.ec\/wp-content\/uploads\/2025\/08\/G6jMoqjDEG9jrk88OsDgEgdlnH6LVLF1CxMlvOYY.webp 1600w\" sizes=\"auto, (max-width: 1024px) 100vw, 1024px\" \/>\t\t\t\t<\/div>\n\t\t\t\t\t\t\t\t\t\t\t\t<a class=\"wd-post-link wd-fill\" href=\"https:\/\/brmagazine.com.ec\/space-on-inteligencia-inmobiliaria-para-el-futuro\/\" rel=\"bookmark\" aria-label=\"Link on post Space On: Inteligencia Inmobiliaria para el Futuro\"><\/a>\n\t\t\t\t\t\t\t<div class=\"wd-post-cat wd-style-with-bg\">\n\t\t\t\t\t<a href=\"https:\/\/brmagazine.com.ec\/category\/innovacion-y-tecnologia\/\" rel=\"category tag\">Innovaci\u00f3n y Tecnolog\u00eda<\/a>\t\t\t\t<\/div>\n\t\t\t\t\t<\/div>\n\n\t\t<div class=\"wd-post-content\">\n\t\t\t<div class=\"wd-post-content-inner wd-scroll\">\n\t\t\t\t\t\t\t\t\t<div class=\"wd-post-meta\">\n\t\t\t\t\t\t\t\t\t\t\t\t\t\t\t\t\t\t<div class=\"wd-post-author\">\n\t\t\t\t\t\t\t\t\t\t\t\t<span>Posted by<\/span>\n\t\t\n\t\t\t\t\t<img alt='author-avatar' src='https:\/\/brmagazine.com.ec\/wp-content\/uploads\/2025\/08\/jhon-lopez_avatar-22x22.png' srcset='https:\/\/brmagazine.com.ec\/wp-content\/uploads\/2025\/08\/jhon-lopez_avatar-44x44.png 2x' class='avatar avatar-22 photo' height='22' width='22' loading='lazy' decoding='async'\/>\t\t\n\t\t\t\t\t<a href=\"https:\/\/brmagazine.com.ec\/author\/jhon-lopez\/\" class=\"author\" rel=\"author\">Jhon L\u00f3pez (Soporte Br)<\/a>\n\t\t\t\t\t\t\t\t\t\t<\/div>\n\t\t\t\t\t\t<div class=\"wd-modified-date\">\n\t\t\t\t\t\t\t\t\t<time class=\"updated\" datetime=\"2025-09-02T10:37:41-05:00\">\n\t\t\tseptiembre 2, 2025\t\t<\/time>\n\t\t\t\t\t\t\t\t<\/div>\n\n\t\t\t\t\t\t\t\t\t\t\t\t\t<div class=\"wd-post-share wd-tltp\">\n\t\t\t\t\t\t\t\t<div class=\"tooltip top\">\n\t\t\t\t\t\t\t\t\t<div class=\"tooltip-inner\">\n\t\t\t\t\t\t\t\t\t\t\t\t\t<div\n\t\t\t\t\t\tclass=\" wd-social-icons  wd-style-default wd-size-small social-share wd-shape-circle color-scheme-light text-center\">\n\t\t\t\t\n\t\t\t\t\n\t\t\t\t\t\t\t\t\t<a rel=\"noopener noreferrer nofollow\" href=\"https:\/\/www.facebook.com\/sharer\/sharer.php?u=https:\/\/brmagazine.com.ec\/space-on-inteligencia-inmobiliaria-para-el-futuro\/\" target=\"_blank\" class=\" wd-social-icon social-facebook\" aria-label=\"Facebook social link\">\n\t\t\t\t\t\t<span class=\"wd-icon\"><\/span>\n\t\t\t\t\t\t\t\t\t\t\t<\/a>\n\t\t\t\t\n\t\t\t\t\t\t\t\t\t<a rel=\"noopener noreferrer nofollow\" href=\"https:\/\/x.com\/share?url=https:\/\/brmagazine.com.ec\/space-on-inteligencia-inmobiliaria-para-el-futuro\/\" target=\"_blank\" class=\" wd-social-icon social-twitter\" aria-label=\"X social link\">\n\t\t\t\t\t\t<span class=\"wd-icon\"><\/span>\n\t\t\t\t\t\t\t\t\t\t\t<\/a>\n\t\t\t\t\n\t\t\t\t\n\t\t\t\t\n\t\t\t\t\n\t\t\t\t\n\t\t\t\t\n\t\t\t\t\t\t\t\t\t<a rel=\"noopener noreferrer nofollow\" href=\"https:\/\/pinterest.com\/pin\/create\/button\/?url=https:\/\/brmagazine.com.ec\/space-on-inteligencia-inmobiliaria-para-el-futuro\/&media=https:\/\/brmagazine.com.ec\/wp-content\/uploads\/2025\/08\/G6jMoqjDEG9jrk88OsDgEgdlnH6LVLF1CxMlvOYY.webp&description=Space+On%3A+Inteligencia+Inmobiliaria+para+el+Futuro\" target=\"_blank\" class=\" wd-social-icon social-pinterest\" aria-label=\"Pinterest social link\">\n\t\t\t\t\t\t<span class=\"wd-icon\"><\/span>\n\t\t\t\t\t\t\t\t\t\t\t<\/a>\n\t\t\t\t\n\t\t\t\t\n\t\t\t\t\t\t\t\t\t<a rel=\"noopener noreferrer nofollow\" href=\"https:\/\/www.linkedin.com\/shareArticle?mini=true&url=https:\/\/brmagazine.com.ec\/space-on-inteligencia-inmobiliaria-para-el-futuro\/\" target=\"_blank\" class=\" wd-social-icon social-linkedin\" aria-label=\"Linkedin social link\">\n\t\t\t\t\t\t<span class=\"wd-icon\"><\/span>\n\t\t\t\t\t\t\t\t\t\t\t<\/a>\n\t\t\t\t\n\t\t\t\t\n\t\t\t\t\n\t\t\t\t\n\t\t\t\t\n\t\t\t\t\n\t\t\t\t\n\t\t\t\t\n\t\t\t\t\n\t\t\t\t\n\t\t\t\t\n\t\t\t\t\n\t\t\t\t\n\t\t\t\t\n\t\t\t\t\n\t\t\t\t\t\t\t\t\t<a rel=\"noopener noreferrer nofollow\" href=\"https:\/\/telegram.me\/share\/url?url=https:\/\/brmagazine.com.ec\/space-on-inteligencia-inmobiliaria-para-el-futuro\/\" target=\"_blank\" class=\" wd-social-icon social-tg\" aria-label=\"Telegram social link\">\n\t\t\t\t\t\t<span class=\"wd-icon\"><\/span>\n\t\t\t\t\t\t\t\t\t\t\t<\/a>\n\t\t\t\t\n\t\t\t\t\n\t\t\t<\/div>\n\n\t\t\t\t\t\t\t\t\t\t\t<\/div>\n\t\t\t\t\t\t\t\t\t<div class=\"tooltip-arrow\"><\/div>\n\t\t\t\t\t\t\t\t<\/div>\n\t\t\t\t\t\t\t<\/div>\n\t\t\t\t\t\t\n\t\t\t\t\t\t\t\t\t\t\t\t\t\t\t\t\t\t\t\t<div class=\"wd-post-reply wd-style-1\">\n\t\t\t\t\t\t\t\t<a href=\"https:\/\/brmagazine.com.ec\/space-on-inteligencia-inmobiliaria-para-el-futuro\/#respond\"><span class=\"wd-replies-count\">0<\/span><\/a>\t\t\t\t\t\t\t<\/div>\n\t\t\t\t\t\t\t\t\t\t\t<\/div>\n\t\t\t\t\t\t\t\t\t\t\t\t\t<h3 class=\"wd-post-title wd-entities-title title post-title\">\n\t\t\t\t\t\t<a href=\"https:\/\/brmagazine.com.ec\/space-on-inteligencia-inmobiliaria-para-el-futuro\/\" rel=\"bookmark\">\n\t\t\t\t\t\t\tSpace On: Inteligencia Inmobiliaria para el Futuro\t\t\t\t\t\t<\/a>\n\t\t\t\t\t<\/h3>\n\t\t\t\t\t\t\t\t\t\t\t\t\t<div class=\"wd-post-excerpt wd-scroll-content\">\n\t\t\t\t\t\t\t\t\t\t\t\t\tEn un mundo donde la tecnolog\u00eda avanza sin l\u00edmites, Space On creada por la compa\u00f1\u00eda \u00c1ltitum, est\u00e1 redefiniendo la forma en que interactuamos con los espacios inmobiliarios. Imagina explorar propiedades...\t\t\t\t\t\t\t\t\t\t\t<\/div>\n\t\t\t\t\t\t\t<\/div>\n\t\t\t\t\t\t\t\t\t\t\t\t<div class=\"wd-post-read-more wd-style-btn\">\n\t\t\t\t\t\t<a class=\" btn\" href=\"https:\/\/brmagazine.com.ec\/space-on-inteligencia-inmobiliaria-para-el-futuro\/\">Continue reading<\/a>\t\t\t\t\t<\/div>\n\t\t\t\t\t\t\t\t\t<\/div>\n\t<\/div>\n<\/article>\n\t\t\t\t\t\t\t\t\t\t\t\n<article id=\"post-2042\" class=\"wd-post blog-design-list blog-post-loop blog-style-flat post-2042 post type-post status-publish format-standard has-post-thumbnail hentry category-innovacion-y-tecnologia pmpro-has-access\">\n\t<div class=\"wd-post-inner\">\n\t\t<div class=\"wd-post-thumb\">\n\t\t\t\t\t\t\t<div class=\"wd-post-img\">\n\t\t\t\t\t<img width=\"1024\" height=\"1024\" src=\"https:\/\/brmagazine.com.ec\/wp-content\/uploads\/2025\/08\/31-enhanced-1024x1024.png\" class=\"attachment-large size-large\" alt=\"\" decoding=\"async\" loading=\"lazy\" srcset=\"https:\/\/brmagazine.com.ec\/wp-content\/uploads\/2025\/08\/31-enhanced-1024x1024.png 1024w, https:\/\/brmagazine.com.ec\/wp-content\/uploads\/2025\/08\/31-enhanced-300x300.png 300w, https:\/\/brmagazine.com.ec\/wp-content\/uploads\/2025\/08\/31-enhanced-150x150.png 150w, https:\/\/brmagazine.com.ec\/wp-content\/uploads\/2025\/08\/31-enhanced-768x768.png 768w, https:\/\/brmagazine.com.ec\/wp-content\/uploads\/2025\/08\/31-enhanced-1536x1536.png 1536w, https:\/\/brmagazine.com.ec\/wp-content\/uploads\/2025\/08\/31-enhanced-12x12.png 12w, https:\/\/brmagazine.com.ec\/wp-content\/uploads\/2025\/08\/31-enhanced.png 2048w\" sizes=\"auto, (max-width: 1024px) 100vw, 1024px\" \/>\t\t\t\t<\/div>\n\t\t\t\t\t\t\t\t\t\t\t\t<a class=\"wd-post-link wd-fill\" href=\"https:\/\/brmagazine.com.ec\/el-ser-humano-2-0-un-futuro-de-simbiosis-con-la-inteligencia-artificial-generativa\/\" rel=\"bookmark\" aria-label=\"Link on post El Ser Humano 2.0: Un Futuro de Simbiosis con la Inteligencia Artificial Generativa by Jorge C\u00e1ceres\"><\/a>\n\t\t\t\t\t\t\t<div class=\"wd-post-cat wd-style-with-bg\">\n\t\t\t\t\t<a href=\"https:\/\/brmagazine.com.ec\/category\/innovacion-y-tecnologia\/\" rel=\"category tag\">Innovaci\u00f3n y Tecnolog\u00eda<\/a>\t\t\t\t<\/div>\n\t\t\t\t\t<\/div>\n\n\t\t<div class=\"wd-post-content\">\n\t\t\t<div class=\"wd-post-content-inner wd-scroll\">\n\t\t\t\t\t\t\t\t\t<div class=\"wd-post-meta\">\n\t\t\t\t\t\t\t\t\t\t\t\t\t\t\t\t\t\t<div class=\"wd-post-author\">\n\t\t\t\t\t\t\t\t\t\t\t\t<span>Posted by<\/span>\n\t\t\n\t\t\t\t\t<img alt='author-avatar' src='https:\/\/brmagazine.com.ec\/wp-content\/uploads\/2025\/08\/jhon-lopez_avatar-22x22.png' srcset='https:\/\/brmagazine.com.ec\/wp-content\/uploads\/2025\/08\/jhon-lopez_avatar-44x44.png 2x' class='avatar avatar-22 photo' height='22' width='22' loading='lazy' decoding='async'\/>\t\t\n\t\t\t\t\t<a href=\"https:\/\/brmagazine.com.ec\/author\/jhon-lopez\/\" class=\"author\" rel=\"author\">Jhon L\u00f3pez (Soporte Br)<\/a>\n\t\t\t\t\t\t\t\t\t\t<\/div>\n\t\t\t\t\t\t<div class=\"wd-modified-date\">\n\t\t\t\t\t\t\t\t\t<time class=\"updated\" datetime=\"2025-09-01T16:26:14-05:00\">\n\t\t\tseptiembre 1, 2025\t\t<\/time>\n\t\t\t\t\t\t\t\t<\/div>\n\n\t\t\t\t\t\t\t\t\t\t\t\t\t<div class=\"wd-post-share wd-tltp\">\n\t\t\t\t\t\t\t\t<div class=\"tooltip top\">\n\t\t\t\t\t\t\t\t\t<div class=\"tooltip-inner\">\n\t\t\t\t\t\t\t\t\t\t\t\t\t<div\n\t\t\t\t\t\tclass=\" wd-social-icons  wd-style-default wd-size-small social-share wd-shape-circle color-scheme-light text-center\">\n\t\t\t\t\n\t\t\t\t\n\t\t\t\t\t\t\t\t\t<a rel=\"noopener noreferrer nofollow\" href=\"https:\/\/www.facebook.com\/sharer\/sharer.php?u=https:\/\/brmagazine.com.ec\/el-ser-humano-2-0-un-futuro-de-simbiosis-con-la-inteligencia-artificial-generativa\/\" target=\"_blank\" class=\" wd-social-icon social-facebook\" aria-label=\"Facebook social link\">\n\t\t\t\t\t\t<span class=\"wd-icon\"><\/span>\n\t\t\t\t\t\t\t\t\t\t\t<\/a>\n\t\t\t\t\n\t\t\t\t\t\t\t\t\t<a rel=\"noopener noreferrer nofollow\" href=\"https:\/\/x.com\/share?url=https:\/\/brmagazine.com.ec\/el-ser-humano-2-0-un-futuro-de-simbiosis-con-la-inteligencia-artificial-generativa\/\" target=\"_blank\" class=\" wd-social-icon social-twitter\" aria-label=\"X social link\">\n\t\t\t\t\t\t<span class=\"wd-icon\"><\/span>\n\t\t\t\t\t\t\t\t\t\t\t<\/a>\n\t\t\t\t\n\t\t\t\t\n\t\t\t\t\n\t\t\t\t\n\t\t\t\t\n\t\t\t\t\n\t\t\t\t\t\t\t\t\t<a rel=\"noopener noreferrer nofollow\" href=\"https:\/\/pinterest.com\/pin\/create\/button\/?url=https:\/\/brmagazine.com.ec\/el-ser-humano-2-0-un-futuro-de-simbiosis-con-la-inteligencia-artificial-generativa\/&media=https:\/\/brmagazine.com.ec\/wp-content\/uploads\/2025\/08\/31-enhanced.png&description=El+Ser+Humano+2.0%3A+Un+Futuro+de+Simbiosis+con+la+Inteligencia+Artificial+Generativa+by+Jorge+C%C3%A1ceres\" target=\"_blank\" class=\" wd-social-icon social-pinterest\" aria-label=\"Pinterest social link\">\n\t\t\t\t\t\t<span class=\"wd-icon\"><\/span>\n\t\t\t\t\t\t\t\t\t\t\t<\/a>\n\t\t\t\t\n\t\t\t\t\n\t\t\t\t\t\t\t\t\t<a rel=\"noopener noreferrer nofollow\" href=\"https:\/\/www.linkedin.com\/shareArticle?mini=true&url=https:\/\/brmagazine.com.ec\/el-ser-humano-2-0-un-futuro-de-simbiosis-con-la-inteligencia-artificial-generativa\/\" target=\"_blank\" class=\" wd-social-icon social-linkedin\" aria-label=\"Linkedin social link\">\n\t\t\t\t\t\t<span class=\"wd-icon\"><\/span>\n\t\t\t\t\t\t\t\t\t\t\t<\/a>\n\t\t\t\t\n\t\t\t\t\n\t\t\t\t\n\t\t\t\t\n\t\t\t\t\n\t\t\t\t\n\t\t\t\t\n\t\t\t\t\n\t\t\t\t\n\t\t\t\t\n\t\t\t\t\n\t\t\t\t\n\t\t\t\t\n\t\t\t\t\n\t\t\t\t\n\t\t\t\t\t\t\t\t\t<a rel=\"noopener noreferrer nofollow\" href=\"https:\/\/telegram.me\/share\/url?url=https:\/\/brmagazine.com.ec\/el-ser-humano-2-0-un-futuro-de-simbiosis-con-la-inteligencia-artificial-generativa\/\" target=\"_blank\" class=\" wd-social-icon social-tg\" aria-label=\"Telegram social link\">\n\t\t\t\t\t\t<span class=\"wd-icon\"><\/span>\n\t\t\t\t\t\t\t\t\t\t\t<\/a>\n\t\t\t\t\n\t\t\t\t\n\t\t\t<\/div>\n\n\t\t\t\t\t\t\t\t\t\t\t<\/div>\n\t\t\t\t\t\t\t\t\t<div class=\"tooltip-arrow\"><\/div>\n\t\t\t\t\t\t\t\t<\/div>\n\t\t\t\t\t\t\t<\/div>\n\t\t\t\t\t\t\n\t\t\t\t\t\t\t\t\t\t\t\t\t\t\t\t\t\t\t\t<div class=\"wd-post-reply wd-style-1\">\n\t\t\t\t\t\t\t\t<a href=\"https:\/\/brmagazine.com.ec\/el-ser-humano-2-0-un-futuro-de-simbiosis-con-la-inteligencia-artificial-generativa\/#respond\"><span class=\"wd-replies-count\">0<\/span><\/a>\t\t\t\t\t\t\t<\/div>\n\t\t\t\t\t\t\t\t\t\t\t<\/div>\n\t\t\t\t\t\t\t\t\t\t\t\t\t<h3 class=\"wd-post-title wd-entities-title title post-title\">\n\t\t\t\t\t\t<a href=\"https:\/\/brmagazine.com.ec\/el-ser-humano-2-0-un-futuro-de-simbiosis-con-la-inteligencia-artificial-generativa\/\" rel=\"bookmark\">\n\t\t\t\t\t\t\tEl Ser Humano 2.0: Un Futuro de Simbiosis con la Inteligencia Artificial Generativa by Jorge C\u00e1ceres\t\t\t\t\t\t<\/a>\n\t\t\t\t\t<\/h3>\n\t\t\t\t\t\t\t\t\t\t\t\t\t<div class=\"wd-post-excerpt wd-scroll-content\">\n\t\t\t\t\t\t\t\t\t\t\t\t\tEn un cruce alucinante entre biolog\u00eda humana y tecnolog\u00eda avanzada, surge un concepto fascinante y a la vez inquietante, el Ser Humano 2.0, una evoluci\u00f3n no f\u00edsica, sino cognitiva, impulsada...\t\t\t\t\t\t\t\t\t\t\t<\/div>\n\t\t\t\t\t\t\t<\/div>\n\t\t\t\t\t\t\t\t\t\t\t\t<div class=\"wd-post-read-more wd-style-btn\">\n\t\t\t\t\t\t<a class=\" btn\" href=\"https:\/\/brmagazine.com.ec\/el-ser-humano-2-0-un-futuro-de-simbiosis-con-la-inteligencia-artificial-generativa\/\">Continue reading<\/a>\t\t\t\t\t<\/div>\n\t\t\t\t\t\t\t\t\t<\/div>\n\t<\/div>\n<\/article>\n\t\t\t\t\t\t\t\t\t\t\t\n<article id=\"post-2043\" class=\"wd-post blog-design-list blog-post-loop blog-style-flat post-2043 post type-post status-publish format-standard has-post-thumbnail hentry category-innovacion-y-tecnologia pmpro-has-access\">\n\t<div class=\"wd-post-inner\">\n\t\t<div class=\"wd-post-thumb\">\n\t\t\t\t\t\t\t<div class=\"wd-post-img\">\n\t\t\t\t\t<img width=\"683\" height=\"1024\" src=\"https:\/\/brmagazine.com.ec\/wp-content\/uploads\/2025\/08\/MG_0860CREIM_D7_VF_72DPI-683x1024.jpg\" class=\"attachment-large size-large\" alt=\"\" decoding=\"async\" loading=\"lazy\" srcset=\"https:\/\/brmagazine.com.ec\/wp-content\/uploads\/2025\/08\/MG_0860CREIM_D7_VF_72DPI-683x1024.jpg 683w, https:\/\/brmagazine.com.ec\/wp-content\/uploads\/2025\/08\/MG_0860CREIM_D7_VF_72DPI-200x300.jpg 200w, https:\/\/brmagazine.com.ec\/wp-content\/uploads\/2025\/08\/MG_0860CREIM_D7_VF_72DPI-768x1152.jpg 768w, https:\/\/brmagazine.com.ec\/wp-content\/uploads\/2025\/08\/MG_0860CREIM_D7_VF_72DPI-1024x1536.jpg 1024w, https:\/\/brmagazine.com.ec\/wp-content\/uploads\/2025\/08\/MG_0860CREIM_D7_VF_72DPI-1365x2048.jpg 1365w, https:\/\/brmagazine.com.ec\/wp-content\/uploads\/2025\/08\/MG_0860CREIM_D7_VF_72DPI-8x12.jpg 8w, https:\/\/brmagazine.com.ec\/wp-content\/uploads\/2025\/08\/MG_0860CREIM_D7_VF_72DPI-scaled.jpg 1707w\" sizes=\"auto, (max-width: 683px) 100vw, 683px\" \/>\t\t\t\t<\/div>\n\t\t\t\t\t\t\t\t\t\t\t\t<a class=\"wd-post-link wd-fill\" href=\"https:\/\/brmagazine.com.ec\/adaptarse-o-quedarse-disenado-por-humanos-para-humanos-perfeccionado-por-ia\/\" rel=\"bookmark\" aria-label=\"Link on post Adaptarse o Quedarse. Dise\u00f1ado por humanos, para humanos, perfeccionado por IA\"><\/a>\n\t\t\t\t\t\t\t<div class=\"wd-post-cat wd-style-with-bg\">\n\t\t\t\t\t<a href=\"https:\/\/brmagazine.com.ec\/category\/innovacion-y-tecnologia\/\" rel=\"category tag\">Innovaci\u00f3n y Tecnolog\u00eda<\/a>\t\t\t\t<\/div>\n\t\t\t\t\t<\/div>\n\n\t\t<div class=\"wd-post-content\">\n\t\t\t<div class=\"wd-post-content-inner wd-scroll\">\n\t\t\t\t\t\t\t\t\t<div class=\"wd-post-meta\">\n\t\t\t\t\t\t\t\t\t\t\t\t\t\t\t\t\t\t<div class=\"wd-post-author\">\n\t\t\t\t\t\t\t\t\t\t\t\t<span>Posted by<\/span>\n\t\t\n\t\t\t\t\t<img alt='author-avatar' src='https:\/\/brmagazine.com.ec\/wp-content\/uploads\/2025\/08\/jhon-lopez_avatar-22x22.png' srcset='https:\/\/brmagazine.com.ec\/wp-content\/uploads\/2025\/08\/jhon-lopez_avatar-44x44.png 2x' class='avatar avatar-22 photo' height='22' width='22' loading='lazy' decoding='async'\/>\t\t\n\t\t\t\t\t<a href=\"https:\/\/brmagazine.com.ec\/author\/jhon-lopez\/\" class=\"author\" rel=\"author\">Jhon L\u00f3pez (Soporte Br)<\/a>\n\t\t\t\t\t\t\t\t\t\t<\/div>\n\t\t\t\t\t\t<div class=\"wd-modified-date\">\n\t\t\t\t\t\t\t\t\t<time class=\"updated\" datetime=\"2025-09-02T09:03:45-05:00\">\n\t\t\tseptiembre 2, 2025\t\t<\/time>\n\t\t\t\t\t\t\t\t<\/div>\n\n\t\t\t\t\t\t\t\t\t\t\t\t\t<div class=\"wd-post-share wd-tltp\">\n\t\t\t\t\t\t\t\t<div class=\"tooltip top\">\n\t\t\t\t\t\t\t\t\t<div class=\"tooltip-inner\">\n\t\t\t\t\t\t\t\t\t\t\t\t\t<div\n\t\t\t\t\t\tclass=\" wd-social-icons  wd-style-default wd-size-small social-share wd-shape-circle color-scheme-light text-center\">\n\t\t\t\t\n\t\t\t\t\n\t\t\t\t\t\t\t\t\t<a rel=\"noopener noreferrer nofollow\" href=\"https:\/\/www.facebook.com\/sharer\/sharer.php?u=https:\/\/brmagazine.com.ec\/adaptarse-o-quedarse-disenado-por-humanos-para-humanos-perfeccionado-por-ia\/\" target=\"_blank\" class=\" wd-social-icon social-facebook\" aria-label=\"Facebook social link\">\n\t\t\t\t\t\t<span class=\"wd-icon\"><\/span>\n\t\t\t\t\t\t\t\t\t\t\t<\/a>\n\t\t\t\t\n\t\t\t\t\t\t\t\t\t<a rel=\"noopener noreferrer nofollow\" href=\"https:\/\/x.com\/share?url=https:\/\/brmagazine.com.ec\/adaptarse-o-quedarse-disenado-por-humanos-para-humanos-perfeccionado-por-ia\/\" target=\"_blank\" class=\" wd-social-icon social-twitter\" aria-label=\"X social link\">\n\t\t\t\t\t\t<span class=\"wd-icon\"><\/span>\n\t\t\t\t\t\t\t\t\t\t\t<\/a>\n\t\t\t\t\n\t\t\t\t\n\t\t\t\t\n\t\t\t\t\n\t\t\t\t\n\t\t\t\t\n\t\t\t\t\t\t\t\t\t<a rel=\"noopener noreferrer nofollow\" href=\"https:\/\/pinterest.com\/pin\/create\/button\/?url=https:\/\/brmagazine.com.ec\/adaptarse-o-quedarse-disenado-por-humanos-para-humanos-perfeccionado-por-ia\/&media=https:\/\/brmagazine.com.ec\/wp-content\/uploads\/2025\/08\/MG_0860CREIM_D7_VF_72DPI-scaled.jpg&description=Adaptarse+o+Quedarse.+Dise%C3%B1ado+por+humanos%2C+para+humanos%2C+perfeccionado+por+IA\" target=\"_blank\" class=\" wd-social-icon social-pinterest\" aria-label=\"Pinterest social link\">\n\t\t\t\t\t\t<span class=\"wd-icon\"><\/span>\n\t\t\t\t\t\t\t\t\t\t\t<\/a>\n\t\t\t\t\n\t\t\t\t\n\t\t\t\t\t\t\t\t\t<a rel=\"noopener noreferrer nofollow\" href=\"https:\/\/www.linkedin.com\/shareArticle?mini=true&url=https:\/\/brmagazine.com.ec\/adaptarse-o-quedarse-disenado-por-humanos-para-humanos-perfeccionado-por-ia\/\" target=\"_blank\" class=\" wd-social-icon social-linkedin\" aria-label=\"Linkedin social link\">\n\t\t\t\t\t\t<span class=\"wd-icon\"><\/span>\n\t\t\t\t\t\t\t\t\t\t\t<\/a>\n\t\t\t\t\n\t\t\t\t\n\t\t\t\t\n\t\t\t\t\n\t\t\t\t\n\t\t\t\t\n\t\t\t\t\n\t\t\t\t\n\t\t\t\t\n\t\t\t\t\n\t\t\t\t\n\t\t\t\t\n\t\t\t\t\n\t\t\t\t\n\t\t\t\t\n\t\t\t\t\t\t\t\t\t<a rel=\"noopener noreferrer nofollow\" href=\"https:\/\/telegram.me\/share\/url?url=https:\/\/brmagazine.com.ec\/adaptarse-o-quedarse-disenado-por-humanos-para-humanos-perfeccionado-por-ia\/\" target=\"_blank\" class=\" wd-social-icon social-tg\" aria-label=\"Telegram social link\">\n\t\t\t\t\t\t<span class=\"wd-icon\"><\/span>\n\t\t\t\t\t\t\t\t\t\t\t<\/a>\n\t\t\t\t\n\t\t\t\t\n\t\t\t<\/div>\n\n\t\t\t\t\t\t\t\t\t\t\t<\/div>\n\t\t\t\t\t\t\t\t\t<div class=\"tooltip-arrow\"><\/div>\n\t\t\t\t\t\t\t\t<\/div>\n\t\t\t\t\t\t\t<\/div>\n\t\t\t\t\t\t\n\t\t\t\t\t\t\t\t\t\t\t\t\t\t\t\t\t\t\t\t<div class=\"wd-post-reply wd-style-1\">\n\t\t\t\t\t\t\t\t<a href=\"https:\/\/brmagazine.com.ec\/adaptarse-o-quedarse-disenado-por-humanos-para-humanos-perfeccionado-por-ia\/#respond\"><span class=\"wd-replies-count\">0<\/span><\/a>\t\t\t\t\t\t\t<\/div>\n\t\t\t\t\t\t\t\t\t\t\t<\/div>\n\t\t\t\t\t\t\t\t\t\t\t\t\t<h3 class=\"wd-post-title wd-entities-title title post-title\">\n\t\t\t\t\t\t<a href=\"https:\/\/brmagazine.com.ec\/adaptarse-o-quedarse-disenado-por-humanos-para-humanos-perfeccionado-por-ia\/\" rel=\"bookmark\">\n\t\t\t\t\t\t\tAdaptarse o Quedarse. Dise\u00f1ado por humanos, para humanos, perfeccionado por IA\t\t\t\t\t\t<\/a>\n\t\t\t\t\t<\/h3>\n\t\t\t\t\t\t\t\t\t\t\t\t\t<div class=\"wd-post-excerpt wd-scroll-content\">\n\t\t\t\t\t\t\t\t\t\t\t\t\tSolo imaginen a los carteros poni\u00e9ndose en huelga el d\u00eda que se invent\u00f3 el email. Seguramente sintieron enojo, frustraci\u00f3n e incluso miedo. Pero si no fuera por esa revoluci\u00f3n en...\t\t\t\t\t\t\t\t\t\t\t<\/div>\n\t\t\t\t\t\t\t<\/div>\n\t\t\t\t\t\t\t\t\t\t\t\t<div class=\"wd-post-read-more wd-style-btn\">\n\t\t\t\t\t\t<a class=\" btn\" href=\"https:\/\/brmagazine.com.ec\/adaptarse-o-quedarse-disenado-por-humanos-para-humanos-perfeccionado-por-ia\/\">Continue reading<\/a>\t\t\t\t\t<\/div>\n\t\t\t\t\t\t\t\t\t<\/div>\n\t<\/div>\n<\/article>\n\t\t\t\t\t\t\t\t\t\t\t\n<article id=\"post-2045\" class=\"wd-post blog-design-list blog-post-loop blog-style-flat post-2045 post type-post status-publish format-standard has-post-thumbnail hentry category-innovacion-y-tecnologia pmpro-has-access\">\n\t<div class=\"wd-post-inner\">\n\t\t<div class=\"wd-post-thumb\">\n\t\t\t\t\t\t\t<div class=\"wd-post-img\">\n\t\t\t\t\t<img width=\"1024\" height=\"1024\" src=\"https:\/\/brmagazine.com.ec\/wp-content\/uploads\/2025\/08\/luckyland1_RETRATO_BLACO_Y_NEGRO_DE_CRITICO_DE_ARQUITECTURA_-c_d6fe90c0-be9-1024x1024.png\" class=\"attachment-large size-large\" alt=\"\" decoding=\"async\" loading=\"lazy\" srcset=\"https:\/\/brmagazine.com.ec\/wp-content\/uploads\/2025\/08\/luckyland1_RETRATO_BLACO_Y_NEGRO_DE_CRITICO_DE_ARQUITECTURA_-c_d6fe90c0-be9-1024x1024.png 1024w, https:\/\/brmagazine.com.ec\/wp-content\/uploads\/2025\/08\/luckyland1_RETRATO_BLACO_Y_NEGRO_DE_CRITICO_DE_ARQUITECTURA_-c_d6fe90c0-be9-300x300.png 300w, https:\/\/brmagazine.com.ec\/wp-content\/uploads\/2025\/08\/luckyland1_RETRATO_BLACO_Y_NEGRO_DE_CRITICO_DE_ARQUITECTURA_-c_d6fe90c0-be9-150x150.png 150w, https:\/\/brmagazine.com.ec\/wp-content\/uploads\/2025\/08\/luckyland1_RETRATO_BLACO_Y_NEGRO_DE_CRITICO_DE_ARQUITECTURA_-c_d6fe90c0-be9-768x768.png 768w, https:\/\/brmagazine.com.ec\/wp-content\/uploads\/2025\/08\/luckyland1_RETRATO_BLACO_Y_NEGRO_DE_CRITICO_DE_ARQUITECTURA_-c_d6fe90c0-be9-1536x1536.png 1536w, https:\/\/brmagazine.com.ec\/wp-content\/uploads\/2025\/08\/luckyland1_RETRATO_BLACO_Y_NEGRO_DE_CRITICO_DE_ARQUITECTURA_-c_d6fe90c0-be9-12x12.png 12w, https:\/\/brmagazine.com.ec\/wp-content\/uploads\/2025\/08\/luckyland1_RETRATO_BLACO_Y_NEGRO_DE_CRITICO_DE_ARQUITECTURA_-c_d6fe90c0-be9.png 2048w\" sizes=\"auto, (max-width: 1024px) 100vw, 1024px\" \/>\t\t\t\t<\/div>\n\t\t\t\t\t\t\t\t\t\t\t\t<a class=\"wd-post-link wd-fill\" href=\"https:\/\/brmagazine.com.ec\/la-arquitectura-en-debate-tradicion-innovacion-y-critica-en-la-era-de-la-inteligencia-artificial\/\" rel=\"bookmark\" aria-label=\"Link on post La Arquitectura en Debate: Tradici\u00f3n, Innovaci\u00f3n y Cr\u00edtica, en la Era de la Inteligencia Artificial\"><\/a>\n\t\t\t\t\t\t\t<div class=\"wd-post-cat wd-style-with-bg\">\n\t\t\t\t\t<a href=\"https:\/\/brmagazine.com.ec\/category\/innovacion-y-tecnologia\/\" rel=\"category tag\">Innovaci\u00f3n y Tecnolog\u00eda<\/a>\t\t\t\t<\/div>\n\t\t\t\t\t<\/div>\n\n\t\t<div class=\"wd-post-content\">\n\t\t\t<div class=\"wd-post-content-inner wd-scroll\">\n\t\t\t\t\t\t\t\t\t<div class=\"wd-post-meta\">\n\t\t\t\t\t\t\t\t\t\t\t\t\t\t\t\t\t\t<div class=\"wd-post-author\">\n\t\t\t\t\t\t\t\t\t\t\t\t<span>Posted by<\/span>\n\t\t\n\t\t\t\t\t<img alt='author-avatar' src='https:\/\/brmagazine.com.ec\/wp-content\/uploads\/2025\/08\/jhon-lopez_avatar-22x22.png' srcset='https:\/\/brmagazine.com.ec\/wp-content\/uploads\/2025\/08\/jhon-lopez_avatar-44x44.png 2x' class='avatar avatar-22 photo' height='22' width='22' loading='lazy' decoding='async'\/>\t\t\n\t\t\t\t\t<a href=\"https:\/\/brmagazine.com.ec\/author\/jhon-lopez\/\" class=\"author\" rel=\"author\">Jhon L\u00f3pez (Soporte Br)<\/a>\n\t\t\t\t\t\t\t\t\t\t<\/div>\n\t\t\t\t\t\t<div class=\"wd-modified-date\">\n\t\t\t\t\t\t\t\t\t<time class=\"updated\" datetime=\"2025-09-02T10:25:48-05:00\">\n\t\t\tseptiembre 2, 2025\t\t<\/time>\n\t\t\t\t\t\t\t\t<\/div>\n\n\t\t\t\t\t\t\t\t\t\t\t\t\t<div class=\"wd-post-share wd-tltp\">\n\t\t\t\t\t\t\t\t<div class=\"tooltip top\">\n\t\t\t\t\t\t\t\t\t<div class=\"tooltip-inner\">\n\t\t\t\t\t\t\t\t\t\t\t\t\t<div\n\t\t\t\t\t\tclass=\" wd-social-icons  wd-style-default wd-size-small social-share wd-shape-circle color-scheme-light text-center\">\n\t\t\t\t\n\t\t\t\t\n\t\t\t\t\t\t\t\t\t<a rel=\"noopener noreferrer nofollow\" href=\"https:\/\/www.facebook.com\/sharer\/sharer.php?u=https:\/\/brmagazine.com.ec\/la-arquitectura-en-debate-tradicion-innovacion-y-critica-en-la-era-de-la-inteligencia-artificial\/\" target=\"_blank\" class=\" wd-social-icon social-facebook\" aria-label=\"Facebook social link\">\n\t\t\t\t\t\t<span class=\"wd-icon\"><\/span>\n\t\t\t\t\t\t\t\t\t\t\t<\/a>\n\t\t\t\t\n\t\t\t\t\t\t\t\t\t<a rel=\"noopener noreferrer nofollow\" href=\"https:\/\/x.com\/share?url=https:\/\/brmagazine.com.ec\/la-arquitectura-en-debate-tradicion-innovacion-y-critica-en-la-era-de-la-inteligencia-artificial\/\" target=\"_blank\" class=\" wd-social-icon social-twitter\" aria-label=\"X social link\">\n\t\t\t\t\t\t<span class=\"wd-icon\"><\/span>\n\t\t\t\t\t\t\t\t\t\t\t<\/a>\n\t\t\t\t\n\t\t\t\t\n\t\t\t\t\n\t\t\t\t\n\t\t\t\t\n\t\t\t\t\n\t\t\t\t\t\t\t\t\t<a rel=\"noopener noreferrer nofollow\" href=\"https:\/\/pinterest.com\/pin\/create\/button\/?url=https:\/\/brmagazine.com.ec\/la-arquitectura-en-debate-tradicion-innovacion-y-critica-en-la-era-de-la-inteligencia-artificial\/&media=https:\/\/brmagazine.com.ec\/wp-content\/uploads\/2025\/08\/luckyland1_RETRATO_BLACO_Y_NEGRO_DE_CRITICO_DE_ARQUITECTURA_-c_d6fe90c0-be9.png&description=La+Arquitectura+en+Debate%3A+Tradici%C3%B3n%2C+Innovaci%C3%B3n+y+Cr%C3%ADtica%2C+en+la+Era+de+la+Inteligencia+Artificial\" target=\"_blank\" class=\" wd-social-icon social-pinterest\" aria-label=\"Pinterest social link\">\n\t\t\t\t\t\t<span class=\"wd-icon\"><\/span>\n\t\t\t\t\t\t\t\t\t\t\t<\/a>\n\t\t\t\t\n\t\t\t\t\n\t\t\t\t\t\t\t\t\t<a rel=\"noopener noreferrer nofollow\" href=\"https:\/\/www.linkedin.com\/shareArticle?mini=true&url=https:\/\/brmagazine.com.ec\/la-arquitectura-en-debate-tradicion-innovacion-y-critica-en-la-era-de-la-inteligencia-artificial\/\" target=\"_blank\" class=\" wd-social-icon social-linkedin\" aria-label=\"Linkedin social link\">\n\t\t\t\t\t\t<span class=\"wd-icon\"><\/span>\n\t\t\t\t\t\t\t\t\t\t\t<\/a>\n\t\t\t\t\n\t\t\t\t\n\t\t\t\t\n\t\t\t\t\n\t\t\t\t\n\t\t\t\t\n\t\t\t\t\n\t\t\t\t\n\t\t\t\t\n\t\t\t\t\n\t\t\t\t\n\t\t\t\t\n\t\t\t\t\n\t\t\t\t\n\t\t\t\t\n\t\t\t\t\t\t\t\t\t<a rel=\"noopener noreferrer nofollow\" href=\"https:\/\/telegram.me\/share\/url?url=https:\/\/brmagazine.com.ec\/la-arquitectura-en-debate-tradicion-innovacion-y-critica-en-la-era-de-la-inteligencia-artificial\/\" target=\"_blank\" class=\" wd-social-icon social-tg\" aria-label=\"Telegram social link\">\n\t\t\t\t\t\t<span class=\"wd-icon\"><\/span>\n\t\t\t\t\t\t\t\t\t\t\t<\/a>\n\t\t\t\t\n\t\t\t\t\n\t\t\t<\/div>\n\n\t\t\t\t\t\t\t\t\t\t\t<\/div>\n\t\t\t\t\t\t\t\t\t<div class=\"tooltip-arrow\"><\/div>\n\t\t\t\t\t\t\t\t<\/div>\n\t\t\t\t\t\t\t<\/div>\n\t\t\t\t\t\t\n\t\t\t\t\t\t\t\t\t\t\t\t\t\t\t\t\t\t\t\t<div class=\"wd-post-reply wd-style-1\">\n\t\t\t\t\t\t\t\t<a href=\"https:\/\/brmagazine.com.ec\/la-arquitectura-en-debate-tradicion-innovacion-y-critica-en-la-era-de-la-inteligencia-artificial\/#respond\"><span class=\"wd-replies-count\">0<\/span><\/a>\t\t\t\t\t\t\t<\/div>\n\t\t\t\t\t\t\t\t\t\t\t<\/div>\n\t\t\t\t\t\t\t\t\t\t\t\t\t<h3 class=\"wd-post-title wd-entities-title title post-title\">\n\t\t\t\t\t\t<a href=\"https:\/\/brmagazine.com.ec\/la-arquitectura-en-debate-tradicion-innovacion-y-critica-en-la-era-de-la-inteligencia-artificial\/\" rel=\"bookmark\">\n\t\t\t\t\t\t\tLa Arquitectura en Debate: Tradici\u00f3n, Innovaci\u00f3n y Cr\u00edtica, en la Era de la Inteligencia Artificial\t\t\t\t\t\t<\/a>\n\t\t\t\t\t<\/h3>\n\t\t\t\t\t\t\t\t\t\t\t\t\t<div class=\"wd-post-excerpt wd-scroll-content\">\n\t\t\t\t\t\t\t\t\t\t\t\t\tEn esta edici\u00f3n especial de BR Magazine, bajo la direcci\u00f3n del editor invitado: Luciano Koenig Dupont, hemos decidido llevar el debate sobre inteligencia artificial (IA) en la arquitectura a un...\t\t\t\t\t\t\t\t\t\t\t<\/div>\n\t\t\t\t\t\t\t<\/div>\n\t\t\t\t\t\t\t\t\t\t\t\t<div class=\"wd-post-read-more wd-style-btn\">\n\t\t\t\t\t\t<a class=\" btn\" href=\"https:\/\/brmagazine.com.ec\/la-arquitectura-en-debate-tradicion-innovacion-y-critica-en-la-era-de-la-inteligencia-artificial\/\">Continue reading<\/a>\t\t\t\t\t<\/div>\n\t\t\t\t\t\t\t\t\t<\/div>\n\t<\/div>\n<\/article>\n\t\t\t\t\t\t\t\t\t\t\t\n<article id=\"post-2003\" class=\"wd-post blog-design-list blog-post-loop blog-style-flat post-2003 post type-post status-publish format-standard has-post-thumbnail hentry category-estilo-de-vida-tendencias category-innovacion-y-tecnologia pmpro-has-access\">\n\t<div class=\"wd-post-inner\">\n\t\t<div class=\"wd-post-thumb\">\n\t\t\t\t\t\t\t<div class=\"wd-post-img\">\n\t\t\t\t\t<img width=\"1024\" height=\"768\" src=\"https:\/\/brmagazine.com.ec\/wp-content\/uploads\/2025\/08\/Auspiciantes-reunidos-1024x768.jpg\" class=\"attachment-large size-large\" alt=\"\" decoding=\"async\" loading=\"lazy\" srcset=\"https:\/\/brmagazine.com.ec\/wp-content\/uploads\/2025\/08\/Auspiciantes-reunidos-1024x768.jpg 1024w, https:\/\/brmagazine.com.ec\/wp-content\/uploads\/2025\/08\/Auspiciantes-reunidos-300x225.jpg 300w, https:\/\/brmagazine.com.ec\/wp-content\/uploads\/2025\/08\/Auspiciantes-reunidos-768x576.jpg 768w, https:\/\/brmagazine.com.ec\/wp-content\/uploads\/2025\/08\/Auspiciantes-reunidos-1536x1152.jpg 1536w, https:\/\/brmagazine.com.ec\/wp-content\/uploads\/2025\/08\/Auspiciantes-reunidos-2048x1536.jpg 2048w, https:\/\/brmagazine.com.ec\/wp-content\/uploads\/2025\/08\/Auspiciantes-reunidos-16x12.jpg 16w\" sizes=\"auto, (max-width: 1024px) 100vw, 1024px\" \/>\t\t\t\t<\/div>\n\t\t\t\t\t\t\t\t\t\t\t\t<a class=\"wd-post-link wd-fill\" href=\"https:\/\/brmagazine.com.ec\/art-of-design-innovacion-y-arte-en-la-arquitectura-e-interiorismo-del-ecuador\/\" rel=\"bookmark\" aria-label=\"Link on post Art of Design: Innovaci\u00f3n y Arte en la Arquitectura e Interiorismo del Ecuador by Xavier D. Calder\u00f3n\"><\/a>\n\t\t\t\t\t\t\t<div class=\"wd-post-cat wd-style-with-bg\">\n\t\t\t\t\t<a href=\"https:\/\/brmagazine.com.ec\/category\/estilo-de-vida-tendencias\/\" rel=\"category tag\">Estilo de Vida &amp; Tendencias<\/a>, <a href=\"https:\/\/brmagazine.com.ec\/category\/innovacion-y-tecnologia\/\" rel=\"category tag\">Innovaci\u00f3n y Tecnolog\u00eda<\/a>\t\t\t\t<\/div>\n\t\t\t\t\t<\/div>\n\n\t\t<div class=\"wd-post-content\">\n\t\t\t<div class=\"wd-post-content-inner wd-scroll\">\n\t\t\t\t\t\t\t\t\t<div class=\"wd-post-meta\">\n\t\t\t\t\t\t\t\t\t\t\t\t\t\t\t\t\t\t<div class=\"wd-post-author\">\n\t\t\t\t\t\t\t\t\t\t\t\t<span>Posted by<\/span>\n\t\t\n\t\t\t\t\t<img alt='author-avatar' src='https:\/\/brmagazine.com.ec\/wp-content\/uploads\/2025\/08\/jhon-lopez_avatar-22x22.png' srcset='https:\/\/brmagazine.com.ec\/wp-content\/uploads\/2025\/08\/jhon-lopez_avatar-44x44.png 2x' class='avatar avatar-22 photo' height='22' width='22' loading='lazy' decoding='async'\/>\t\t\n\t\t\t\t\t<a href=\"https:\/\/brmagazine.com.ec\/author\/jhon-lopez\/\" class=\"author\" rel=\"author\">Jhon L\u00f3pez (Soporte Br)<\/a>\n\t\t\t\t\t\t\t\t\t\t<\/div>\n\t\t\t\t\t\t<div class=\"wd-modified-date\">\n\t\t\t\t\t\t\t\t\t<time class=\"updated\" datetime=\"2025-09-02T10:56:14-05:00\">\n\t\t\tseptiembre 2, 2025\t\t<\/time>\n\t\t\t\t\t\t\t\t<\/div>\n\n\t\t\t\t\t\t\t\t\t\t\t\t\t<div class=\"wd-post-share wd-tltp\">\n\t\t\t\t\t\t\t\t<div class=\"tooltip top\">\n\t\t\t\t\t\t\t\t\t<div class=\"tooltip-inner\">\n\t\t\t\t\t\t\t\t\t\t\t\t\t<div\n\t\t\t\t\t\tclass=\" wd-social-icons  wd-style-default wd-size-small social-share wd-shape-circle color-scheme-light text-center\">\n\t\t\t\t\n\t\t\t\t\n\t\t\t\t\t\t\t\t\t<a rel=\"noopener noreferrer nofollow\" href=\"https:\/\/www.facebook.com\/sharer\/sharer.php?u=https:\/\/brmagazine.com.ec\/art-of-design-innovacion-y-arte-en-la-arquitectura-e-interiorismo-del-ecuador\/\" target=\"_blank\" class=\" wd-social-icon social-facebook\" aria-label=\"Facebook social link\">\n\t\t\t\t\t\t<span class=\"wd-icon\"><\/span>\n\t\t\t\t\t\t\t\t\t\t\t<\/a>\n\t\t\t\t\n\t\t\t\t\t\t\t\t\t<a rel=\"noopener noreferrer nofollow\" href=\"https:\/\/x.com\/share?url=https:\/\/brmagazine.com.ec\/art-of-design-innovacion-y-arte-en-la-arquitectura-e-interiorismo-del-ecuador\/\" target=\"_blank\" class=\" wd-social-icon social-twitter\" aria-label=\"X social link\">\n\t\t\t\t\t\t<span class=\"wd-icon\"><\/span>\n\t\t\t\t\t\t\t\t\t\t\t<\/a>\n\t\t\t\t\n\t\t\t\t\n\t\t\t\t\n\t\t\t\t\n\t\t\t\t\n\t\t\t\t\n\t\t\t\t\t\t\t\t\t<a rel=\"noopener noreferrer nofollow\" href=\"https:\/\/pinterest.com\/pin\/create\/button\/?url=https:\/\/brmagazine.com.ec\/art-of-design-innovacion-y-arte-en-la-arquitectura-e-interiorismo-del-ecuador\/&media=https:\/\/brmagazine.com.ec\/wp-content\/uploads\/2025\/08\/Auspiciantes-reunidos-scaled.jpg&description=Art+of+Design%3A+Innovaci%C3%B3n+y+Arte+en+la+Arquitectura+e+Interiorismo+del+Ecuador+by+Xavier+D.+Calder%C3%B3n\" target=\"_blank\" class=\" wd-social-icon social-pinterest\" aria-label=\"Pinterest social link\">\n\t\t\t\t\t\t<span class=\"wd-icon\"><\/span>\n\t\t\t\t\t\t\t\t\t\t\t<\/a>\n\t\t\t\t\n\t\t\t\t\n\t\t\t\t\t\t\t\t\t<a rel=\"noopener noreferrer nofollow\" href=\"https:\/\/www.linkedin.com\/shareArticle?mini=true&url=https:\/\/brmagazine.com.ec\/art-of-design-innovacion-y-arte-en-la-arquitectura-e-interiorismo-del-ecuador\/\" target=\"_blank\" class=\" wd-social-icon social-linkedin\" aria-label=\"Linkedin social link\">\n\t\t\t\t\t\t<span class=\"wd-icon\"><\/span>\n\t\t\t\t\t\t\t\t\t\t\t<\/a>\n\t\t\t\t\n\t\t\t\t\n\t\t\t\t\n\t\t\t\t\n\t\t\t\t\n\t\t\t\t\n\t\t\t\t\n\t\t\t\t\n\t\t\t\t\n\t\t\t\t\n\t\t\t\t\n\t\t\t\t\n\t\t\t\t\n\t\t\t\t\n\t\t\t\t\n\t\t\t\t\t\t\t\t\t<a rel=\"noopener noreferrer nofollow\" href=\"https:\/\/telegram.me\/share\/url?url=https:\/\/brmagazine.com.ec\/art-of-design-innovacion-y-arte-en-la-arquitectura-e-interiorismo-del-ecuador\/\" target=\"_blank\" class=\" wd-social-icon social-tg\" aria-label=\"Telegram social link\">\n\t\t\t\t\t\t<span class=\"wd-icon\"><\/span>\n\t\t\t\t\t\t\t\t\t\t\t<\/a>\n\t\t\t\t\n\t\t\t\t\n\t\t\t<\/div>\n\n\t\t\t\t\t\t\t\t\t\t\t<\/div>\n\t\t\t\t\t\t\t\t\t<div class=\"tooltip-arrow\"><\/div>\n\t\t\t\t\t\t\t\t<\/div>\n\t\t\t\t\t\t\t<\/div>\n\t\t\t\t\t\t\n\t\t\t\t\t\t\t\t\t\t\t\t\t\t\t\t\t\t\t\t<div class=\"wd-post-reply wd-style-1\">\n\t\t\t\t\t\t\t\t<a href=\"https:\/\/brmagazine.com.ec\/art-of-design-innovacion-y-arte-en-la-arquitectura-e-interiorismo-del-ecuador\/#respond\"><span class=\"wd-replies-count\">0<\/span><\/a>\t\t\t\t\t\t\t<\/div>\n\t\t\t\t\t\t\t\t\t\t\t<\/div>\n\t\t\t\t\t\t\t\t\t\t\t\t\t<h3 class=\"wd-post-title wd-entities-title title post-title\">\n\t\t\t\t\t\t<a href=\"https:\/\/brmagazine.com.ec\/art-of-design-innovacion-y-arte-en-la-arquitectura-e-interiorismo-del-ecuador\/\" rel=\"bookmark\">\n\t\t\t\t\t\t\tArt of Design: Innovaci\u00f3n y Arte en la Arquitectura e Interiorismo del Ecuador by Xavier D. Calder\u00f3n\t\t\t\t\t\t<\/a>\n\t\t\t\t\t<\/h3>\n\t\t\t\t\t\t\t\t\t\t\t\t\t<div class=\"wd-post-excerpt wd-scroll-content\">\n\t\t\t\t\t\t\t\t\t\t\t\t\tArt of Design es un movimiento que pretende impregnar de arte a toda la industria de la arquitectura, disen\u0303o e interiorismo del pai\u0301s, en la que se propone por medio...\t\t\t\t\t\t\t\t\t\t\t<\/div>\n\t\t\t\t\t\t\t<\/div>\n\t\t\t\t\t\t\t\t\t\t\t\t<div class=\"wd-post-read-more wd-style-btn\">\n\t\t\t\t\t\t<a class=\" btn\" href=\"https:\/\/brmagazine.com.ec\/art-of-design-innovacion-y-arte-en-la-arquitectura-e-interiorismo-del-ecuador\/\">Continue reading<\/a>\t\t\t\t\t<\/div>\n\t\t\t\t\t\t\t\t\t<\/div>\n\t<\/div>\n<\/article>\n\t\t\t\t\t\n\t\t\t\t\t","status":"have-posts","nextPage":"https:\/\/brmagazine.com.ec\/category\/innovacion-y-tecnologia\/page\/3\/?woo_ajax=1","currentPage":"https:\/\/brmagazine.com.ec\/category\/innovacion-y-tecnologia\/page\/2"}