
			
				

					
				

			
		{"items":"\n\t\t\t\t\t\t\t\t\t\t\t\t\t\t<link rel=\"stylesheet\" id=\"wd-post-types-mod-categories-style-bg-css\" href=\"https:\/\/brmagazine.com.ec\/wp-content\/themes\/woodmart\/css\/parts\/post-types-mod-categories-style-bg.min.css?ver=8.2.7\" type=\"text\/css\" media=\"all\" \/> \t\t\t\n<article id=\"post-6257\" class=\"wd-post blog-design-list blog-post-loop blog-style-flat post-6257 post type-post status-publish format-standard has-post-thumbnail hentry category-sociales pmpro-has-access\">\n\t<div class=\"wd-post-inner\">\n\t\t<div class=\"wd-post-thumb\">\n\t\t\t\t\t\t\t<div class=\"wd-post-img\">\n\t\t\t\t\t<img width=\"912\" height=\"600\" src=\"https:\/\/brmagazine.com.ec\/wp-content\/uploads\/2025\/10\/WhatsApp-Image-2025-10-28-at-1.10.15-PM.jpeg\" class=\"attachment-large size-large\" alt=\"\" decoding=\"async\" fetchpriority=\"high\" srcset=\"https:\/\/brmagazine.com.ec\/wp-content\/uploads\/2025\/10\/WhatsApp-Image-2025-10-28-at-1.10.15-PM.jpeg 912w, https:\/\/brmagazine.com.ec\/wp-content\/uploads\/2025\/10\/WhatsApp-Image-2025-10-28-at-1.10.15-PM-300x197.jpeg 300w, https:\/\/brmagazine.com.ec\/wp-content\/uploads\/2025\/10\/WhatsApp-Image-2025-10-28-at-1.10.15-PM-768x505.jpeg 768w, https:\/\/brmagazine.com.ec\/wp-content\/uploads\/2025\/10\/WhatsApp-Image-2025-10-28-at-1.10.15-PM-18x12.jpeg 18w\" sizes=\"(max-width: 912px) 100vw, 912px\" \/>\t\t\t\t<\/div>\n\t\t\t\t\t\t\t\t\t\t\t\t<a class=\"wd-post-link wd-fill\" href=\"https:\/\/brmagazine.com.ec\/3er-barometro-de-la-construccion-sostenible-de-saint-gobain-revela-pocos-avances-y-3-grandes-desafios\/\" rel=\"bookmark\" aria-label=\"Link on post 3er Bar\u00f3metro de la Construcci\u00f3n Sostenible de Saint-Gobain revela pocos avances y 3 grandes desaf\u00edos\"><\/a>\n\t\t\t\t\t\t\t<div class=\"wd-post-cat wd-style-with-bg\">\n\t\t\t\t\t<a href=\"https:\/\/brmagazine.com.ec\/category\/sociales\/\" rel=\"category tag\">Sociales<\/a>\t\t\t\t<\/div>\n\t\t\t\t\t<\/div>\n\n\t\t<div class=\"wd-post-content\">\n\t\t\t<div class=\"wd-post-content-inner wd-scroll\">\n\t\t\t\t\t\t\t\t\t<div class=\"wd-post-meta\">\n\t\t\t\t\t\t\t\t\t\t\t\t\t\t\t<link rel=\"stylesheet\" id=\"wd-blog-mod-author-css\" href=\"https:\/\/brmagazine.com.ec\/wp-content\/themes\/woodmart\/css\/parts\/blog-mod-author.min.css?ver=8.2.7\" type=\"text\/css\" media=\"all\" \/> \t\t\t\t\t\t\t\t\t<div class=\"wd-post-author\">\n\t\t\t\t\t\t\t\t\t\t\t\t<span>Posted by<\/span>\n\t\t\n\t\t\t\t\t<img alt='author-avatar' src='https:\/\/brmagazine.com.ec\/wp-content\/uploads\/2025\/08\/jhon-lopez_avatar-22x22.png' srcset='https:\/\/brmagazine.com.ec\/wp-content\/uploads\/2025\/08\/jhon-lopez_avatar-44x44.png 2x' class='avatar avatar-22 photo' height='22' width='22' decoding='async'\/>\t\t\n\t\t\t\t\t<a href=\"https:\/\/brmagazine.com.ec\/author\/jhon-lopez\/\" class=\"author\" rel=\"author\">Jhon L\u00f3pez (Soporte Br)<\/a>\n\t\t\t\t\t\t\t\t\t\t<\/div>\n\t\t\t\t\t\t<div class=\"wd-modified-date\">\n\t\t\t\t\t\t\t\t\t<time class=\"updated\" datetime=\"2025-10-29T10:17:12-05:00\">\n\t\t\toctubre 29, 2025\t\t<\/time>\n\t\t\t\t\t\t\t\t<\/div>\n\n\t\t\t\t\t\t\t\t\t\t\t\t\t<div class=\"wd-post-share wd-tltp\">\n\t\t\t\t\t\t\t\t<div class=\"tooltip top\">\n\t\t\t\t\t\t\t\t\t<div class=\"tooltip-inner\">\n\t\t\t\t\t\t\t\t\t\t\t\t\t<link rel=\"stylesheet\" id=\"wd-social-icons-css\" href=\"https:\/\/brmagazine.com.ec\/wp-content\/themes\/woodmart\/css\/parts\/el-social-icons.min.css?ver=8.2.7\" type=\"text\/css\" media=\"all\" \/> \t\t\t\t\t\t<div\n\t\t\t\t\t\tclass=\" wd-social-icons  wd-style-default wd-size-small social-share wd-shape-circle color-scheme-light text-center\">\n\t\t\t\t\n\t\t\t\t\n\t\t\t\t\t\t\t\t\t<a rel=\"noopener noreferrer nofollow\" href=\"https:\/\/www.facebook.com\/sharer\/sharer.php?u=https:\/\/brmagazine.com.ec\/3er-barometro-de-la-construccion-sostenible-de-saint-gobain-revela-pocos-avances-y-3-grandes-desafios\/\" target=\"_blank\" class=\" wd-social-icon social-facebook\" aria-label=\"Facebook social link\">\n\t\t\t\t\t\t<span class=\"wd-icon\"><\/span>\n\t\t\t\t\t\t\t\t\t\t\t<\/a>\n\t\t\t\t\n\t\t\t\t\t\t\t\t\t<a rel=\"noopener noreferrer nofollow\" href=\"https:\/\/x.com\/share?url=https:\/\/brmagazine.com.ec\/3er-barometro-de-la-construccion-sostenible-de-saint-gobain-revela-pocos-avances-y-3-grandes-desafios\/\" target=\"_blank\" class=\" wd-social-icon social-twitter\" aria-label=\"X social link\">\n\t\t\t\t\t\t<span class=\"wd-icon\"><\/span>\n\t\t\t\t\t\t\t\t\t\t\t<\/a>\n\t\t\t\t\n\t\t\t\t\n\t\t\t\t\n\t\t\t\t\n\t\t\t\t\n\t\t\t\t\n\t\t\t\t\t\t\t\t\t<a rel=\"noopener noreferrer nofollow\" href=\"https:\/\/pinterest.com\/pin\/create\/button\/?url=https:\/\/brmagazine.com.ec\/3er-barometro-de-la-construccion-sostenible-de-saint-gobain-revela-pocos-avances-y-3-grandes-desafios\/&media=https:\/\/brmagazine.com.ec\/wp-content\/uploads\/2025\/10\/WhatsApp-Image-2025-10-28-at-1.10.15-PM.jpeg&description=3er+Bar%C3%B3metro+de+la+Construcci%C3%B3n+Sostenible+de+Saint-Gobain+revela+pocos+avances+y+3+grandes+desaf%C3%ADos\" target=\"_blank\" class=\" wd-social-icon social-pinterest\" aria-label=\"Pinterest social link\">\n\t\t\t\t\t\t<span class=\"wd-icon\"><\/span>\n\t\t\t\t\t\t\t\t\t\t\t<\/a>\n\t\t\t\t\n\t\t\t\t\n\t\t\t\t\t\t\t\t\t<a rel=\"noopener noreferrer nofollow\" href=\"https:\/\/www.linkedin.com\/shareArticle?mini=true&url=https:\/\/brmagazine.com.ec\/3er-barometro-de-la-construccion-sostenible-de-saint-gobain-revela-pocos-avances-y-3-grandes-desafios\/\" target=\"_blank\" class=\" wd-social-icon social-linkedin\" aria-label=\"Linkedin social link\">\n\t\t\t\t\t\t<span class=\"wd-icon\"><\/span>\n\t\t\t\t\t\t\t\t\t\t\t<\/a>\n\t\t\t\t\n\t\t\t\t\n\t\t\t\t\n\t\t\t\t\n\t\t\t\t\n\t\t\t\t\n\t\t\t\t\n\t\t\t\t\n\t\t\t\t\n\t\t\t\t\n\t\t\t\t\n\t\t\t\t\n\t\t\t\t\n\t\t\t\t\n\t\t\t\t\n\t\t\t\t\t\t\t\t\t<a rel=\"noopener noreferrer nofollow\" href=\"https:\/\/telegram.me\/share\/url?url=https:\/\/brmagazine.com.ec\/3er-barometro-de-la-construccion-sostenible-de-saint-gobain-revela-pocos-avances-y-3-grandes-desafios\/\" target=\"_blank\" class=\" wd-social-icon social-tg\" aria-label=\"Telegram social link\">\n\t\t\t\t\t\t<span class=\"wd-icon\"><\/span>\n\t\t\t\t\t\t\t\t\t\t\t<\/a>\n\t\t\t\t\n\t\t\t\t\n\t\t\t<\/div>\n\n\t\t\t\t\t\t\t\t\t\t\t<\/div>\n\t\t\t\t\t\t\t\t\t<div class=\"tooltip-arrow\"><\/div>\n\t\t\t\t\t\t\t\t<\/div>\n\t\t\t\t\t\t\t<\/div>\n\t\t\t\t\t\t\n\t\t\t\t\t\t\t\t\t\t\t\t\t\t\t\t<link rel=\"stylesheet\" id=\"wd-blog-mod-comments-button-css\" href=\"https:\/\/brmagazine.com.ec\/wp-content\/themes\/woodmart\/css\/parts\/blog-mod-comments-button.min.css?ver=8.2.7\" type=\"text\/css\" media=\"all\" \/> \t\t\t\t\t\t\t\t\t\t<div class=\"wd-post-reply wd-style-1\">\n\t\t\t\t\t\t\t\t<a href=\"https:\/\/brmagazine.com.ec\/3er-barometro-de-la-construccion-sostenible-de-saint-gobain-revela-pocos-avances-y-3-grandes-desafios\/#respond\"><span class=\"wd-replies-count\">0<\/span><\/a>\t\t\t\t\t\t\t<\/div>\n\t\t\t\t\t\t\t\t\t\t\t<\/div>\n\t\t\t\t\t\t\t\t\t\t\t\t\t<h3 class=\"wd-post-title wd-entities-title title post-title\">\n\t\t\t\t\t\t<a href=\"https:\/\/brmagazine.com.ec\/3er-barometro-de-la-construccion-sostenible-de-saint-gobain-revela-pocos-avances-y-3-grandes-desafios\/\" rel=\"bookmark\">\n\t\t\t\t\t\t\t3er Bar\u00f3metro de la Construcci\u00f3n Sostenible de Saint-Gobain revela pocos avances y 3 grandes desaf\u00edos\t\t\t\t\t\t<\/a>\n\t\t\t\t\t<\/h3>\n\t\t\t\t\t\t\t\t\t\t\t\t\t<div class=\"wd-post-excerpt wd-scroll-content\">\n\t\t\t\t\t\t\t\t\t\t\t\t\tEl tercer Bar\u00f3metro de la Construcci\u00f3n Sostenible, desarrollado por el Observatorio de la Construcci\u00f3n Sostenible de Saint-Gobain, evidencia la urgencia de acelerar la transformaci\u00f3n del sector hacia una construcci\u00f3n con...\t\t\t\t\t\t\t\t\t\t\t<\/div>\n\t\t\t\t\t\t\t<\/div>\n\t\t\t\t\t\t\t\t\t\t\t\t<div class=\"wd-post-read-more wd-style-btn\">\n\t\t\t\t\t\t<a class=\" btn\" href=\"https:\/\/brmagazine.com.ec\/3er-barometro-de-la-construccion-sostenible-de-saint-gobain-revela-pocos-avances-y-3-grandes-desafios\/\">Continue reading<\/a>\t\t\t\t\t<\/div>\n\t\t\t\t\t\t\t\t\t<\/div>\n\t<\/div>\n<\/article>\n\t\t\t\t\t\t\t\t\t\t\t\n<article id=\"post-6253\" class=\"wd-post blog-design-list blog-post-loop blog-style-flat post-6253 post type-post status-publish format-standard has-post-thumbnail hentry category-sociales pmpro-has-access\">\n\t<div class=\"wd-post-inner\">\n\t\t<div class=\"wd-post-thumb\">\n\t\t\t\t\t\t\t<div class=\"wd-post-img\">\n\t\t\t\t\t<img width=\"759\" height=\"1024\" src=\"https:\/\/brmagazine.com.ec\/wp-content\/uploads\/2025\/10\/FOTO-CLIENTES-ALMAX-759x1024.jpg\" class=\"attachment-large size-large\" alt=\"\" decoding=\"async\" srcset=\"https:\/\/brmagazine.com.ec\/wp-content\/uploads\/2025\/10\/FOTO-CLIENTES-ALMAX-759x1024.jpg 759w, https:\/\/brmagazine.com.ec\/wp-content\/uploads\/2025\/10\/FOTO-CLIENTES-ALMAX-222x300.jpg 222w, https:\/\/brmagazine.com.ec\/wp-content\/uploads\/2025\/10\/FOTO-CLIENTES-ALMAX-768x1036.jpg 768w, https:\/\/brmagazine.com.ec\/wp-content\/uploads\/2025\/10\/FOTO-CLIENTES-ALMAX-1139x1536.jpg 1139w, https:\/\/brmagazine.com.ec\/wp-content\/uploads\/2025\/10\/FOTO-CLIENTES-ALMAX-1518x2048.jpg 1518w, https:\/\/brmagazine.com.ec\/wp-content\/uploads\/2025\/10\/FOTO-CLIENTES-ALMAX-9x12.jpg 9w, https:\/\/brmagazine.com.ec\/wp-content\/uploads\/2025\/10\/FOTO-CLIENTES-ALMAX-scaled.jpg 1898w\" sizes=\"(max-width: 759px) 100vw, 759px\" \/>\t\t\t\t<\/div>\n\t\t\t\t\t\t\t\t\t\t\t\t<a class=\"wd-post-link wd-fill\" href=\"https:\/\/brmagazine.com.ec\/almax-el-parque-empresarial-mas-grande-del-pais-impulsa-el-crecimiento-economico-de-ecuador\/\" rel=\"bookmark\" aria-label=\"Link on post ALMAX, el parque empresarial m\u00e1s grande del pa\u00eds impulsa el crecimiento econ\u00f3mico de Ecuador\"><\/a>\n\t\t\t\t\t\t\t<div class=\"wd-post-cat wd-style-with-bg\">\n\t\t\t\t\t<a href=\"https:\/\/brmagazine.com.ec\/category\/sociales\/\" rel=\"category tag\">Sociales<\/a>\t\t\t\t<\/div>\n\t\t\t\t\t<\/div>\n\n\t\t<div class=\"wd-post-content\">\n\t\t\t<div class=\"wd-post-content-inner wd-scroll\">\n\t\t\t\t\t\t\t\t\t<div class=\"wd-post-meta\">\n\t\t\t\t\t\t\t\t\t\t\t\t\t\t\t\t\t\t<div class=\"wd-post-author\">\n\t\t\t\t\t\t\t\t\t\t\t\t<span>Posted by<\/span>\n\t\t\n\t\t\t\t\t<img alt='author-avatar' src='https:\/\/brmagazine.com.ec\/wp-content\/uploads\/2025\/08\/jhon-lopez_avatar-22x22.png' srcset='https:\/\/brmagazine.com.ec\/wp-content\/uploads\/2025\/08\/jhon-lopez_avatar-44x44.png 2x' class='avatar avatar-22 photo' height='22' width='22' loading='lazy' decoding='async'\/>\t\t\n\t\t\t\t\t<a href=\"https:\/\/brmagazine.com.ec\/author\/jhon-lopez\/\" class=\"author\" rel=\"author\">Jhon L\u00f3pez (Soporte Br)<\/a>\n\t\t\t\t\t\t\t\t\t\t<\/div>\n\t\t\t\t\t\t<div class=\"wd-modified-date\">\n\t\t\t\t\t\t\t\t\t<time class=\"updated\" datetime=\"2025-10-28T11:15:09-05:00\">\n\t\t\toctubre 28, 2025\t\t<\/time>\n\t\t\t\t\t\t\t\t<\/div>\n\n\t\t\t\t\t\t\t\t\t\t\t\t\t<div class=\"wd-post-share wd-tltp\">\n\t\t\t\t\t\t\t\t<div class=\"tooltip top\">\n\t\t\t\t\t\t\t\t\t<div class=\"tooltip-inner\">\n\t\t\t\t\t\t\t\t\t\t\t\t\t<div\n\t\t\t\t\t\tclass=\" wd-social-icons  wd-style-default wd-size-small social-share wd-shape-circle color-scheme-light text-center\">\n\t\t\t\t\n\t\t\t\t\n\t\t\t\t\t\t\t\t\t<a rel=\"noopener noreferrer nofollow\" href=\"https:\/\/www.facebook.com\/sharer\/sharer.php?u=https:\/\/brmagazine.com.ec\/almax-el-parque-empresarial-mas-grande-del-pais-impulsa-el-crecimiento-economico-de-ecuador\/\" target=\"_blank\" class=\" wd-social-icon social-facebook\" aria-label=\"Facebook social link\">\n\t\t\t\t\t\t<span class=\"wd-icon\"><\/span>\n\t\t\t\t\t\t\t\t\t\t\t<\/a>\n\t\t\t\t\n\t\t\t\t\t\t\t\t\t<a rel=\"noopener noreferrer nofollow\" href=\"https:\/\/x.com\/share?url=https:\/\/brmagazine.com.ec\/almax-el-parque-empresarial-mas-grande-del-pais-impulsa-el-crecimiento-economico-de-ecuador\/\" target=\"_blank\" class=\" wd-social-icon social-twitter\" aria-label=\"X social link\">\n\t\t\t\t\t\t<span class=\"wd-icon\"><\/span>\n\t\t\t\t\t\t\t\t\t\t\t<\/a>\n\t\t\t\t\n\t\t\t\t\n\t\t\t\t\n\t\t\t\t\n\t\t\t\t\n\t\t\t\t\n\t\t\t\t\t\t\t\t\t<a rel=\"noopener noreferrer nofollow\" href=\"https:\/\/pinterest.com\/pin\/create\/button\/?url=https:\/\/brmagazine.com.ec\/almax-el-parque-empresarial-mas-grande-del-pais-impulsa-el-crecimiento-economico-de-ecuador\/&media=https:\/\/brmagazine.com.ec\/wp-content\/uploads\/2025\/10\/FOTO-CLIENTES-ALMAX-scaled.jpg&description=ALMAX%2C+el+parque+empresarial+m%C3%A1s+grande+del+pa%C3%ADs+impulsa+el+crecimiento+econ%C3%B3mico+de+Ecuador\" target=\"_blank\" class=\" wd-social-icon social-pinterest\" aria-label=\"Pinterest social link\">\n\t\t\t\t\t\t<span class=\"wd-icon\"><\/span>\n\t\t\t\t\t\t\t\t\t\t\t<\/a>\n\t\t\t\t\n\t\t\t\t\n\t\t\t\t\t\t\t\t\t<a rel=\"noopener noreferrer nofollow\" href=\"https:\/\/www.linkedin.com\/shareArticle?mini=true&url=https:\/\/brmagazine.com.ec\/almax-el-parque-empresarial-mas-grande-del-pais-impulsa-el-crecimiento-economico-de-ecuador\/\" target=\"_blank\" class=\" wd-social-icon social-linkedin\" aria-label=\"Linkedin social link\">\n\t\t\t\t\t\t<span class=\"wd-icon\"><\/span>\n\t\t\t\t\t\t\t\t\t\t\t<\/a>\n\t\t\t\t\n\t\t\t\t\n\t\t\t\t\n\t\t\t\t\n\t\t\t\t\n\t\t\t\t\n\t\t\t\t\n\t\t\t\t\n\t\t\t\t\n\t\t\t\t\n\t\t\t\t\n\t\t\t\t\n\t\t\t\t\n\t\t\t\t\n\t\t\t\t\n\t\t\t\t\t\t\t\t\t<a rel=\"noopener noreferrer nofollow\" href=\"https:\/\/telegram.me\/share\/url?url=https:\/\/brmagazine.com.ec\/almax-el-parque-empresarial-mas-grande-del-pais-impulsa-el-crecimiento-economico-de-ecuador\/\" target=\"_blank\" class=\" wd-social-icon social-tg\" aria-label=\"Telegram social link\">\n\t\t\t\t\t\t<span class=\"wd-icon\"><\/span>\n\t\t\t\t\t\t\t\t\t\t\t<\/a>\n\t\t\t\t\n\t\t\t\t\n\t\t\t<\/div>\n\n\t\t\t\t\t\t\t\t\t\t\t<\/div>\n\t\t\t\t\t\t\t\t\t<div class=\"tooltip-arrow\"><\/div>\n\t\t\t\t\t\t\t\t<\/div>\n\t\t\t\t\t\t\t<\/div>\n\t\t\t\t\t\t\n\t\t\t\t\t\t\t\t\t\t\t\t\t\t\t\t\t\t\t\t<div class=\"wd-post-reply wd-style-1\">\n\t\t\t\t\t\t\t\t<a href=\"https:\/\/brmagazine.com.ec\/almax-el-parque-empresarial-mas-grande-del-pais-impulsa-el-crecimiento-economico-de-ecuador\/#respond\"><span class=\"wd-replies-count\">0<\/span><\/a>\t\t\t\t\t\t\t<\/div>\n\t\t\t\t\t\t\t\t\t\t\t<\/div>\n\t\t\t\t\t\t\t\t\t\t\t\t\t<h3 class=\"wd-post-title wd-entities-title title post-title\">\n\t\t\t\t\t\t<a href=\"https:\/\/brmagazine.com.ec\/almax-el-parque-empresarial-mas-grande-del-pais-impulsa-el-crecimiento-economico-de-ecuador\/\" rel=\"bookmark\">\n\t\t\t\t\t\t\tALMAX, el parque empresarial m\u00e1s grande del pa\u00eds impulsa el crecimiento econ\u00f3mico de Ecuador\t\t\t\t\t\t<\/a>\n\t\t\t\t\t<\/h3>\n\t\t\t\t\t\t\t\t\t\t\t\t\t<div class=\"wd-post-excerpt wd-scroll-content\">\n\t\t\t\t\t\t\t\t\t\t\t\t\tGuayaquil, 23 de octubre de 2025. - Durante 18 a\u00f1os, ALMAX ha redefinido el desarrollo empresarial en Ecuador. Con una visi\u00f3n de expansi\u00f3n que comenz\u00f3 en la V\u00eda a Samborond\u00f3n...\t\t\t\t\t\t\t\t\t\t\t<\/div>\n\t\t\t\t\t\t\t<\/div>\n\t\t\t\t\t\t\t\t\t\t\t\t<div class=\"wd-post-read-more wd-style-btn\">\n\t\t\t\t\t\t<a class=\" btn\" href=\"https:\/\/brmagazine.com.ec\/almax-el-parque-empresarial-mas-grande-del-pais-impulsa-el-crecimiento-economico-de-ecuador\/\">Continue reading<\/a>\t\t\t\t\t<\/div>\n\t\t\t\t\t\t\t\t\t<\/div>\n\t<\/div>\n<\/article>\n\t\t\t\t\t\t\t\t\t\t\t\n<article id=\"post-6250\" class=\"wd-post blog-design-list blog-post-loop blog-style-flat post-6250 post type-post status-publish format-standard has-post-thumbnail hentry category-sociales pmpro-has-access\">\n\t<div class=\"wd-post-inner\">\n\t\t<div class=\"wd-post-thumb\">\n\t\t\t\t\t\t\t<div class=\"wd-post-img\">\n\t\t\t\t\t<img width=\"922\" height=\"942\" src=\"https:\/\/brmagazine.com.ec\/wp-content\/uploads\/2025\/10\/WhatsApp-Image-2025-10-21-at-10.04.36-AM.jpeg\" class=\"attachment-large size-large\" alt=\"\" decoding=\"async\" loading=\"lazy\" srcset=\"https:\/\/brmagazine.com.ec\/wp-content\/uploads\/2025\/10\/WhatsApp-Image-2025-10-21-at-10.04.36-AM.jpeg 922w, https:\/\/brmagazine.com.ec\/wp-content\/uploads\/2025\/10\/WhatsApp-Image-2025-10-21-at-10.04.36-AM-294x300.jpeg 294w, https:\/\/brmagazine.com.ec\/wp-content\/uploads\/2025\/10\/WhatsApp-Image-2025-10-21-at-10.04.36-AM-768x785.jpeg 768w, https:\/\/brmagazine.com.ec\/wp-content\/uploads\/2025\/10\/WhatsApp-Image-2025-10-21-at-10.04.36-AM-12x12.jpeg 12w\" sizes=\"auto, (max-width: 922px) 100vw, 922px\" \/>\t\t\t\t<\/div>\n\t\t\t\t\t\t\t\t\t\t\t\t<a class=\"wd-post-link wd-fill\" href=\"https:\/\/brmagazine.com.ec\/fazband-renueva-su-imagen-para-consolidarse-como-una-solucion-integral-para-la-construccion-liviana\/\" rel=\"bookmark\" aria-label=\"Link on post Fazband renueva su imagen para consolidarse como una soluci\u00f3n integral para la construcci\u00f3n liviana\"><\/a>\n\t\t\t\t\t\t\t<div class=\"wd-post-cat wd-style-with-bg\">\n\t\t\t\t\t<a href=\"https:\/\/brmagazine.com.ec\/category\/sociales\/\" rel=\"category tag\">Sociales<\/a>\t\t\t\t<\/div>\n\t\t\t\t\t<\/div>\n\n\t\t<div class=\"wd-post-content\">\n\t\t\t<div class=\"wd-post-content-inner wd-scroll\">\n\t\t\t\t\t\t\t\t\t<div class=\"wd-post-meta\">\n\t\t\t\t\t\t\t\t\t\t\t\t\t\t\t\t\t\t<div class=\"wd-post-author\">\n\t\t\t\t\t\t\t\t\t\t\t\t<span>Posted by<\/span>\n\t\t\n\t\t\t\t\t<img alt='author-avatar' src='https:\/\/brmagazine.com.ec\/wp-content\/uploads\/2025\/08\/jhon-lopez_avatar-22x22.png' srcset='https:\/\/brmagazine.com.ec\/wp-content\/uploads\/2025\/08\/jhon-lopez_avatar-44x44.png 2x' class='avatar avatar-22 photo' height='22' width='22' loading='lazy' decoding='async'\/>\t\t\n\t\t\t\t\t<a href=\"https:\/\/brmagazine.com.ec\/author\/jhon-lopez\/\" class=\"author\" rel=\"author\">Jhon L\u00f3pez (Soporte Br)<\/a>\n\t\t\t\t\t\t\t\t\t\t<\/div>\n\t\t\t\t\t\t<div class=\"wd-modified-date\">\n\t\t\t\t\t\t\t\t\t<time class=\"updated\" datetime=\"2025-10-28T10:20:14-05:00\">\n\t\t\toctubre 28, 2025\t\t<\/time>\n\t\t\t\t\t\t\t\t<\/div>\n\n\t\t\t\t\t\t\t\t\t\t\t\t\t<div class=\"wd-post-share wd-tltp\">\n\t\t\t\t\t\t\t\t<div class=\"tooltip top\">\n\t\t\t\t\t\t\t\t\t<div class=\"tooltip-inner\">\n\t\t\t\t\t\t\t\t\t\t\t\t\t<div\n\t\t\t\t\t\tclass=\" wd-social-icons  wd-style-default wd-size-small social-share wd-shape-circle color-scheme-light text-center\">\n\t\t\t\t\n\t\t\t\t\n\t\t\t\t\t\t\t\t\t<a rel=\"noopener noreferrer nofollow\" href=\"https:\/\/www.facebook.com\/sharer\/sharer.php?u=https:\/\/brmagazine.com.ec\/fazband-renueva-su-imagen-para-consolidarse-como-una-solucion-integral-para-la-construccion-liviana\/\" target=\"_blank\" class=\" wd-social-icon social-facebook\" aria-label=\"Facebook social link\">\n\t\t\t\t\t\t<span class=\"wd-icon\"><\/span>\n\t\t\t\t\t\t\t\t\t\t\t<\/a>\n\t\t\t\t\n\t\t\t\t\t\t\t\t\t<a rel=\"noopener noreferrer nofollow\" href=\"https:\/\/x.com\/share?url=https:\/\/brmagazine.com.ec\/fazband-renueva-su-imagen-para-consolidarse-como-una-solucion-integral-para-la-construccion-liviana\/\" target=\"_blank\" class=\" wd-social-icon social-twitter\" aria-label=\"X social link\">\n\t\t\t\t\t\t<span class=\"wd-icon\"><\/span>\n\t\t\t\t\t\t\t\t\t\t\t<\/a>\n\t\t\t\t\n\t\t\t\t\n\t\t\t\t\n\t\t\t\t\n\t\t\t\t\n\t\t\t\t\n\t\t\t\t\t\t\t\t\t<a rel=\"noopener noreferrer nofollow\" href=\"https:\/\/pinterest.com\/pin\/create\/button\/?url=https:\/\/brmagazine.com.ec\/fazband-renueva-su-imagen-para-consolidarse-como-una-solucion-integral-para-la-construccion-liviana\/&media=https:\/\/brmagazine.com.ec\/wp-content\/uploads\/2025\/10\/WhatsApp-Image-2025-10-21-at-10.04.36-AM.jpeg&description=Fazband+renueva+su+imagen+para+consolidarse+como+una+soluci%C3%B3n+integral+para+la+construcci%C3%B3n+liviana\" target=\"_blank\" class=\" wd-social-icon social-pinterest\" aria-label=\"Pinterest social link\">\n\t\t\t\t\t\t<span class=\"wd-icon\"><\/span>\n\t\t\t\t\t\t\t\t\t\t\t<\/a>\n\t\t\t\t\n\t\t\t\t\n\t\t\t\t\t\t\t\t\t<a rel=\"noopener noreferrer nofollow\" href=\"https:\/\/www.linkedin.com\/shareArticle?mini=true&url=https:\/\/brmagazine.com.ec\/fazband-renueva-su-imagen-para-consolidarse-como-una-solucion-integral-para-la-construccion-liviana\/\" target=\"_blank\" class=\" wd-social-icon social-linkedin\" aria-label=\"Linkedin social link\">\n\t\t\t\t\t\t<span class=\"wd-icon\"><\/span>\n\t\t\t\t\t\t\t\t\t\t\t<\/a>\n\t\t\t\t\n\t\t\t\t\n\t\t\t\t\n\t\t\t\t\n\t\t\t\t\n\t\t\t\t\n\t\t\t\t\n\t\t\t\t\n\t\t\t\t\n\t\t\t\t\n\t\t\t\t\n\t\t\t\t\n\t\t\t\t\n\t\t\t\t\n\t\t\t\t\n\t\t\t\t\t\t\t\t\t<a rel=\"noopener noreferrer nofollow\" href=\"https:\/\/telegram.me\/share\/url?url=https:\/\/brmagazine.com.ec\/fazband-renueva-su-imagen-para-consolidarse-como-una-solucion-integral-para-la-construccion-liviana\/\" target=\"_blank\" class=\" wd-social-icon social-tg\" aria-label=\"Telegram social link\">\n\t\t\t\t\t\t<span class=\"wd-icon\"><\/span>\n\t\t\t\t\t\t\t\t\t\t\t<\/a>\n\t\t\t\t\n\t\t\t\t\n\t\t\t<\/div>\n\n\t\t\t\t\t\t\t\t\t\t\t<\/div>\n\t\t\t\t\t\t\t\t\t<div class=\"tooltip-arrow\"><\/div>\n\t\t\t\t\t\t\t\t<\/div>\n\t\t\t\t\t\t\t<\/div>\n\t\t\t\t\t\t\n\t\t\t\t\t\t\t\t\t\t\t\t\t\t\t\t\t\t\t\t<div class=\"wd-post-reply wd-style-1\">\n\t\t\t\t\t\t\t\t<a href=\"https:\/\/brmagazine.com.ec\/fazband-renueva-su-imagen-para-consolidarse-como-una-solucion-integral-para-la-construccion-liviana\/#respond\"><span class=\"wd-replies-count\">0<\/span><\/a>\t\t\t\t\t\t\t<\/div>\n\t\t\t\t\t\t\t\t\t\t\t<\/div>\n\t\t\t\t\t\t\t\t\t\t\t\t\t<h3 class=\"wd-post-title wd-entities-title title post-title\">\n\t\t\t\t\t\t<a href=\"https:\/\/brmagazine.com.ec\/fazband-renueva-su-imagen-para-consolidarse-como-una-solucion-integral-para-la-construccion-liviana\/\" rel=\"bookmark\">\n\t\t\t\t\t\t\tFazband renueva su imagen para consolidarse como una soluci\u00f3n integral para la construcci\u00f3n liviana\t\t\t\t\t\t<\/a>\n\t\t\t\t\t<\/h3>\n\t\t\t\t\t\t\t\t\t\t\t\t\t<div class=\"wd-post-excerpt wd-scroll-content\">\n\t\t\t\t\t\t\t\t\t\t\t\t\tSaint-Gobain Imptek, empresa l\u00edder en soluciones de impermeabilizaci\u00f3n, construcci\u00f3n liviana y vialidad, renueva la imagen de su cinta asf\u00e1ltica doble faz \u201cFazband\u201d. Con este cambio, la marca busca fortalecer su...\t\t\t\t\t\t\t\t\t\t\t<\/div>\n\t\t\t\t\t\t\t<\/div>\n\t\t\t\t\t\t\t\t\t\t\t\t<div class=\"wd-post-read-more wd-style-btn\">\n\t\t\t\t\t\t<a class=\" btn\" href=\"https:\/\/brmagazine.com.ec\/fazband-renueva-su-imagen-para-consolidarse-como-una-solucion-integral-para-la-construccion-liviana\/\">Continue reading<\/a>\t\t\t\t\t<\/div>\n\t\t\t\t\t\t\t\t\t<\/div>\n\t<\/div>\n<\/article>\n\t\t\t\t\t\t\t\t\t\t\t\n<article id=\"post-6246\" class=\"wd-post blog-design-list blog-post-loop blog-style-flat post-6246 post type-post status-publish format-standard has-post-thumbnail hentry category-sociales pmpro-has-access\">\n\t<div class=\"wd-post-inner\">\n\t\t<div class=\"wd-post-thumb\">\n\t\t\t\t\t\t\t<div class=\"wd-post-img\">\n\t\t\t\t\t<img width=\"1024\" height=\"675\" src=\"https:\/\/brmagazine.com.ec\/wp-content\/uploads\/2025\/10\/WhatsApp-Image-2025-08-27-at-12.41.13-PM-1024x675.jpeg\" class=\"attachment-large size-large\" alt=\"\" decoding=\"async\" loading=\"lazy\" srcset=\"https:\/\/brmagazine.com.ec\/wp-content\/uploads\/2025\/10\/WhatsApp-Image-2025-08-27-at-12.41.13-PM-1024x675.jpeg 1024w, https:\/\/brmagazine.com.ec\/wp-content\/uploads\/2025\/10\/WhatsApp-Image-2025-08-27-at-12.41.13-PM-300x198.jpeg 300w, https:\/\/brmagazine.com.ec\/wp-content\/uploads\/2025\/10\/WhatsApp-Image-2025-08-27-at-12.41.13-PM-768x506.jpeg 768w, https:\/\/brmagazine.com.ec\/wp-content\/uploads\/2025\/10\/WhatsApp-Image-2025-08-27-at-12.41.13-PM-18x12.jpeg 18w, https:\/\/brmagazine.com.ec\/wp-content\/uploads\/2025\/10\/WhatsApp-Image-2025-08-27-at-12.41.13-PM.jpeg 1280w\" sizes=\"auto, (max-width: 1024px) 100vw, 1024px\" \/>\t\t\t\t<\/div>\n\t\t\t\t\t\t\t\t\t\t\t\t<a class=\"wd-post-link wd-fill\" href=\"https:\/\/brmagazine.com.ec\/eternit-impulsa-la-economia-circular-en-ecuador-con-alianzas-estrategicas-y-produccion-sustentable\/\" rel=\"bookmark\" aria-label=\"Link on post Eternit impulsa la econom\u00eda circular en Ecuador con alianzas estrat\u00e9gicas y producci\u00f3n sustentable\"><\/a>\n\t\t\t\t\t\t\t<div class=\"wd-post-cat wd-style-with-bg\">\n\t\t\t\t\t<a href=\"https:\/\/brmagazine.com.ec\/category\/sociales\/\" rel=\"category tag\">Sociales<\/a>\t\t\t\t<\/div>\n\t\t\t\t\t<\/div>\n\n\t\t<div class=\"wd-post-content\">\n\t\t\t<div class=\"wd-post-content-inner wd-scroll\">\n\t\t\t\t\t\t\t\t\t<div class=\"wd-post-meta\">\n\t\t\t\t\t\t\t\t\t\t\t\t\t\t\t\t\t\t<div class=\"wd-post-author\">\n\t\t\t\t\t\t\t\t\t\t\t\t<span>Posted by<\/span>\n\t\t\n\t\t\t\t\t<img alt='author-avatar' src='https:\/\/brmagazine.com.ec\/wp-content\/uploads\/2025\/08\/jhon-lopez_avatar-22x22.png' srcset='https:\/\/brmagazine.com.ec\/wp-content\/uploads\/2025\/08\/jhon-lopez_avatar-44x44.png 2x' class='avatar avatar-22 photo' height='22' width='22' loading='lazy' decoding='async'\/>\t\t\n\t\t\t\t\t<a href=\"https:\/\/brmagazine.com.ec\/author\/jhon-lopez\/\" class=\"author\" rel=\"author\">Jhon L\u00f3pez (Soporte Br)<\/a>\n\t\t\t\t\t\t\t\t\t\t<\/div>\n\t\t\t\t\t\t<div class=\"wd-modified-date\">\n\t\t\t\t\t\t\t\t\t<time class=\"updated\" datetime=\"2025-10-28T10:12:08-05:00\">\n\t\t\toctubre 28, 2025\t\t<\/time>\n\t\t\t\t\t\t\t\t<\/div>\n\n\t\t\t\t\t\t\t\t\t\t\t\t\t<div class=\"wd-post-share wd-tltp\">\n\t\t\t\t\t\t\t\t<div class=\"tooltip top\">\n\t\t\t\t\t\t\t\t\t<div class=\"tooltip-inner\">\n\t\t\t\t\t\t\t\t\t\t\t\t\t<div\n\t\t\t\t\t\tclass=\" wd-social-icons  wd-style-default wd-size-small social-share wd-shape-circle color-scheme-light text-center\">\n\t\t\t\t\n\t\t\t\t\n\t\t\t\t\t\t\t\t\t<a rel=\"noopener noreferrer nofollow\" href=\"https:\/\/www.facebook.com\/sharer\/sharer.php?u=https:\/\/brmagazine.com.ec\/eternit-impulsa-la-economia-circular-en-ecuador-con-alianzas-estrategicas-y-produccion-sustentable\/\" target=\"_blank\" class=\" wd-social-icon social-facebook\" aria-label=\"Facebook social link\">\n\t\t\t\t\t\t<span class=\"wd-icon\"><\/span>\n\t\t\t\t\t\t\t\t\t\t\t<\/a>\n\t\t\t\t\n\t\t\t\t\t\t\t\t\t<a rel=\"noopener noreferrer nofollow\" href=\"https:\/\/x.com\/share?url=https:\/\/brmagazine.com.ec\/eternit-impulsa-la-economia-circular-en-ecuador-con-alianzas-estrategicas-y-produccion-sustentable\/\" target=\"_blank\" class=\" wd-social-icon social-twitter\" aria-label=\"X social link\">\n\t\t\t\t\t\t<span class=\"wd-icon\"><\/span>\n\t\t\t\t\t\t\t\t\t\t\t<\/a>\n\t\t\t\t\n\t\t\t\t\n\t\t\t\t\n\t\t\t\t\n\t\t\t\t\n\t\t\t\t\n\t\t\t\t\t\t\t\t\t<a rel=\"noopener noreferrer nofollow\" href=\"https:\/\/pinterest.com\/pin\/create\/button\/?url=https:\/\/brmagazine.com.ec\/eternit-impulsa-la-economia-circular-en-ecuador-con-alianzas-estrategicas-y-produccion-sustentable\/&media=https:\/\/brmagazine.com.ec\/wp-content\/uploads\/2025\/10\/WhatsApp-Image-2025-08-27-at-12.41.13-PM.jpeg&description=Eternit+impulsa+la+econom%C3%ADa+circular+en+Ecuador+con+alianzas+estrat%C3%A9gicas+y+producci%C3%B3n+sustentable\" target=\"_blank\" class=\" wd-social-icon social-pinterest\" aria-label=\"Pinterest social link\">\n\t\t\t\t\t\t<span class=\"wd-icon\"><\/span>\n\t\t\t\t\t\t\t\t\t\t\t<\/a>\n\t\t\t\t\n\t\t\t\t\n\t\t\t\t\t\t\t\t\t<a rel=\"noopener noreferrer nofollow\" href=\"https:\/\/www.linkedin.com\/shareArticle?mini=true&url=https:\/\/brmagazine.com.ec\/eternit-impulsa-la-economia-circular-en-ecuador-con-alianzas-estrategicas-y-produccion-sustentable\/\" target=\"_blank\" class=\" wd-social-icon social-linkedin\" aria-label=\"Linkedin social link\">\n\t\t\t\t\t\t<span class=\"wd-icon\"><\/span>\n\t\t\t\t\t\t\t\t\t\t\t<\/a>\n\t\t\t\t\n\t\t\t\t\n\t\t\t\t\n\t\t\t\t\n\t\t\t\t\n\t\t\t\t\n\t\t\t\t\n\t\t\t\t\n\t\t\t\t\n\t\t\t\t\n\t\t\t\t\n\t\t\t\t\n\t\t\t\t\n\t\t\t\t\n\t\t\t\t\n\t\t\t\t\t\t\t\t\t<a rel=\"noopener noreferrer nofollow\" href=\"https:\/\/telegram.me\/share\/url?url=https:\/\/brmagazine.com.ec\/eternit-impulsa-la-economia-circular-en-ecuador-con-alianzas-estrategicas-y-produccion-sustentable\/\" target=\"_blank\" class=\" wd-social-icon social-tg\" aria-label=\"Telegram social link\">\n\t\t\t\t\t\t<span class=\"wd-icon\"><\/span>\n\t\t\t\t\t\t\t\t\t\t\t<\/a>\n\t\t\t\t\n\t\t\t\t\n\t\t\t<\/div>\n\n\t\t\t\t\t\t\t\t\t\t\t<\/div>\n\t\t\t\t\t\t\t\t\t<div class=\"tooltip-arrow\"><\/div>\n\t\t\t\t\t\t\t\t<\/div>\n\t\t\t\t\t\t\t<\/div>\n\t\t\t\t\t\t\n\t\t\t\t\t\t\t\t\t\t\t\t\t\t\t\t\t\t\t\t<div class=\"wd-post-reply wd-style-1\">\n\t\t\t\t\t\t\t\t<a href=\"https:\/\/brmagazine.com.ec\/eternit-impulsa-la-economia-circular-en-ecuador-con-alianzas-estrategicas-y-produccion-sustentable\/#respond\"><span class=\"wd-replies-count\">0<\/span><\/a>\t\t\t\t\t\t\t<\/div>\n\t\t\t\t\t\t\t\t\t\t\t<\/div>\n\t\t\t\t\t\t\t\t\t\t\t\t\t<h3 class=\"wd-post-title wd-entities-title title post-title\">\n\t\t\t\t\t\t<a href=\"https:\/\/brmagazine.com.ec\/eternit-impulsa-la-economia-circular-en-ecuador-con-alianzas-estrategicas-y-produccion-sustentable\/\" rel=\"bookmark\">\n\t\t\t\t\t\t\tEternit impulsa la econom\u00eda circular en Ecuador con alianzas estrat\u00e9gicas y producci\u00f3n sustentable\t\t\t\t\t\t<\/a>\n\t\t\t\t\t<\/h3>\n\t\t\t\t\t\t\t\t\t\t\t\t\t<div class=\"wd-post-excerpt wd-scroll-content\">\n\t\t\t\t\t\t\t\t\t\t\t\t\tDe acuerdo con el Ministerio del Ambiente, en Ecuador solo el 4% de los residuos pl\u00e1sticos son reciclados, mientras que m\u00e1s del 50% de los desechos generados en el pa\u00eds...\t\t\t\t\t\t\t\t\t\t\t<\/div>\n\t\t\t\t\t\t\t<\/div>\n\t\t\t\t\t\t\t\t\t\t\t\t<div class=\"wd-post-read-more wd-style-btn\">\n\t\t\t\t\t\t<a class=\" btn\" href=\"https:\/\/brmagazine.com.ec\/eternit-impulsa-la-economia-circular-en-ecuador-con-alianzas-estrategicas-y-produccion-sustentable\/\">Continue reading<\/a>\t\t\t\t\t<\/div>\n\t\t\t\t\t\t\t\t\t<\/div>\n\t<\/div>\n<\/article>\n\t\t\t\t\t\t\t\t\t\t\t\n<article id=\"post-6233\" class=\"wd-post blog-design-list blog-post-loop blog-style-flat post-6233 post type-post status-publish format-standard has-post-thumbnail hentry category-sociales pmpro-has-access\">\n\t<div class=\"wd-post-inner\">\n\t\t<div class=\"wd-post-thumb\">\n\t\t\t\t\t\t\t<div class=\"wd-post-img\">\n\t\t\t\t\t<img width=\"1024\" height=\"683\" src=\"https:\/\/brmagazine.com.ec\/wp-content\/uploads\/2025\/10\/WhatsApp-Image-2025-10-22-at-3.42.26-PM-1024x683.jpeg\" class=\"attachment-large size-large\" alt=\"\" decoding=\"async\" loading=\"lazy\" srcset=\"https:\/\/brmagazine.com.ec\/wp-content\/uploads\/2025\/10\/WhatsApp-Image-2025-10-22-at-3.42.26-PM-1024x683.jpeg 1024w, https:\/\/brmagazine.com.ec\/wp-content\/uploads\/2025\/10\/WhatsApp-Image-2025-10-22-at-3.42.26-PM-300x200.jpeg 300w, https:\/\/brmagazine.com.ec\/wp-content\/uploads\/2025\/10\/WhatsApp-Image-2025-10-22-at-3.42.26-PM-768x512.jpeg 768w, https:\/\/brmagazine.com.ec\/wp-content\/uploads\/2025\/10\/WhatsApp-Image-2025-10-22-at-3.42.26-PM-1536x1024.jpeg 1536w, https:\/\/brmagazine.com.ec\/wp-content\/uploads\/2025\/10\/WhatsApp-Image-2025-10-22-at-3.42.26-PM-18x12.jpeg 18w, https:\/\/brmagazine.com.ec\/wp-content\/uploads\/2025\/10\/WhatsApp-Image-2025-10-22-at-3.42.26-PM.jpeg 1600w\" sizes=\"auto, (max-width: 1024px) 100vw, 1024px\" \/>\t\t\t\t<\/div>\n\t\t\t\t\t\t\t\t\t\t\t\t<a class=\"wd-post-link wd-fill\" href=\"https:\/\/brmagazine.com.ec\/la-expectativa-salarial-de-los-ecuatorianos-aumento-un-312-en-lo-que-va-del-ano\/\" rel=\"bookmark\" aria-label=\"Link on post La expectativa salarial de los ecuatorianos aument\u00f3 un 3,12% en lo que va del a\u00f1o\"><\/a>\n\t\t\t\t\t\t\t<div class=\"wd-post-cat wd-style-with-bg\">\n\t\t\t\t\t<a href=\"https:\/\/brmagazine.com.ec\/category\/sociales\/\" rel=\"category tag\">Sociales<\/a>\t\t\t\t<\/div>\n\t\t\t\t\t<\/div>\n\n\t\t<div class=\"wd-post-content\">\n\t\t\t<div class=\"wd-post-content-inner wd-scroll\">\n\t\t\t\t\t\t\t\t\t<div class=\"wd-post-meta\">\n\t\t\t\t\t\t\t\t\t\t\t\t\t\t\t\t\t\t<div class=\"wd-post-author\">\n\t\t\t\t\t\t\t\t\t\t\t\t<span>Posted by<\/span>\n\t\t\n\t\t\t\t\t<img alt='author-avatar' src='https:\/\/brmagazine.com.ec\/wp-content\/uploads\/2025\/08\/jhon-lopez_avatar-22x22.png' srcset='https:\/\/brmagazine.com.ec\/wp-content\/uploads\/2025\/08\/jhon-lopez_avatar-44x44.png 2x' class='avatar avatar-22 photo' height='22' width='22' loading='lazy' decoding='async'\/>\t\t\n\t\t\t\t\t<a href=\"https:\/\/brmagazine.com.ec\/author\/jhon-lopez\/\" class=\"author\" rel=\"author\">Jhon L\u00f3pez (Soporte Br)<\/a>\n\t\t\t\t\t\t\t\t\t\t<\/div>\n\t\t\t\t\t\t<div class=\"wd-modified-date\">\n\t\t\t\t\t\t\t\t\t<time class=\"updated\" datetime=\"2025-10-28T10:01:59-05:00\">\n\t\t\toctubre 28, 2025\t\t<\/time>\n\t\t\t\t\t\t\t\t<\/div>\n\n\t\t\t\t\t\t\t\t\t\t\t\t\t<div class=\"wd-post-share wd-tltp\">\n\t\t\t\t\t\t\t\t<div class=\"tooltip top\">\n\t\t\t\t\t\t\t\t\t<div class=\"tooltip-inner\">\n\t\t\t\t\t\t\t\t\t\t\t\t\t<div\n\t\t\t\t\t\tclass=\" wd-social-icons  wd-style-default wd-size-small social-share wd-shape-circle color-scheme-light text-center\">\n\t\t\t\t\n\t\t\t\t\n\t\t\t\t\t\t\t\t\t<a rel=\"noopener noreferrer nofollow\" href=\"https:\/\/www.facebook.com\/sharer\/sharer.php?u=https:\/\/brmagazine.com.ec\/la-expectativa-salarial-de-los-ecuatorianos-aumento-un-312-en-lo-que-va-del-ano\/\" target=\"_blank\" class=\" wd-social-icon social-facebook\" aria-label=\"Facebook social link\">\n\t\t\t\t\t\t<span class=\"wd-icon\"><\/span>\n\t\t\t\t\t\t\t\t\t\t\t<\/a>\n\t\t\t\t\n\t\t\t\t\t\t\t\t\t<a rel=\"noopener noreferrer nofollow\" href=\"https:\/\/x.com\/share?url=https:\/\/brmagazine.com.ec\/la-expectativa-salarial-de-los-ecuatorianos-aumento-un-312-en-lo-que-va-del-ano\/\" target=\"_blank\" class=\" wd-social-icon social-twitter\" aria-label=\"X social link\">\n\t\t\t\t\t\t<span class=\"wd-icon\"><\/span>\n\t\t\t\t\t\t\t\t\t\t\t<\/a>\n\t\t\t\t\n\t\t\t\t\n\t\t\t\t\n\t\t\t\t\n\t\t\t\t\n\t\t\t\t\n\t\t\t\t\t\t\t\t\t<a rel=\"noopener noreferrer nofollow\" href=\"https:\/\/pinterest.com\/pin\/create\/button\/?url=https:\/\/brmagazine.com.ec\/la-expectativa-salarial-de-los-ecuatorianos-aumento-un-312-en-lo-que-va-del-ano\/&media=https:\/\/brmagazine.com.ec\/wp-content\/uploads\/2025\/10\/WhatsApp-Image-2025-10-22-at-3.42.26-PM.jpeg&description=La+expectativa+salarial+de+los+ecuatorianos+aument%C3%B3+un+3%2C12%25+en+lo+que+va+del+a%C3%B1o\" target=\"_blank\" class=\" wd-social-icon social-pinterest\" aria-label=\"Pinterest social link\">\n\t\t\t\t\t\t<span class=\"wd-icon\"><\/span>\n\t\t\t\t\t\t\t\t\t\t\t<\/a>\n\t\t\t\t\n\t\t\t\t\n\t\t\t\t\t\t\t\t\t<a rel=\"noopener noreferrer nofollow\" href=\"https:\/\/www.linkedin.com\/shareArticle?mini=true&url=https:\/\/brmagazine.com.ec\/la-expectativa-salarial-de-los-ecuatorianos-aumento-un-312-en-lo-que-va-del-ano\/\" target=\"_blank\" class=\" wd-social-icon social-linkedin\" aria-label=\"Linkedin social link\">\n\t\t\t\t\t\t<span class=\"wd-icon\"><\/span>\n\t\t\t\t\t\t\t\t\t\t\t<\/a>\n\t\t\t\t\n\t\t\t\t\n\t\t\t\t\n\t\t\t\t\n\t\t\t\t\n\t\t\t\t\n\t\t\t\t\n\t\t\t\t\n\t\t\t\t\n\t\t\t\t\n\t\t\t\t\n\t\t\t\t\n\t\t\t\t\n\t\t\t\t\n\t\t\t\t\n\t\t\t\t\t\t\t\t\t<a rel=\"noopener noreferrer nofollow\" href=\"https:\/\/telegram.me\/share\/url?url=https:\/\/brmagazine.com.ec\/la-expectativa-salarial-de-los-ecuatorianos-aumento-un-312-en-lo-que-va-del-ano\/\" target=\"_blank\" class=\" wd-social-icon social-tg\" aria-label=\"Telegram social link\">\n\t\t\t\t\t\t<span class=\"wd-icon\"><\/span>\n\t\t\t\t\t\t\t\t\t\t\t<\/a>\n\t\t\t\t\n\t\t\t\t\n\t\t\t<\/div>\n\n\t\t\t\t\t\t\t\t\t\t\t<\/div>\n\t\t\t\t\t\t\t\t\t<div class=\"tooltip-arrow\"><\/div>\n\t\t\t\t\t\t\t\t<\/div>\n\t\t\t\t\t\t\t<\/div>\n\t\t\t\t\t\t\n\t\t\t\t\t\t\t\t\t\t\t\t\t\t\t\t\t\t\t\t<div class=\"wd-post-reply wd-style-1\">\n\t\t\t\t\t\t\t\t<a href=\"https:\/\/brmagazine.com.ec\/la-expectativa-salarial-de-los-ecuatorianos-aumento-un-312-en-lo-que-va-del-ano\/#respond\"><span class=\"wd-replies-count\">0<\/span><\/a>\t\t\t\t\t\t\t<\/div>\n\t\t\t\t\t\t\t\t\t\t\t<\/div>\n\t\t\t\t\t\t\t\t\t\t\t\t\t<h3 class=\"wd-post-title wd-entities-title title post-title\">\n\t\t\t\t\t\t<a href=\"https:\/\/brmagazine.com.ec\/la-expectativa-salarial-de-los-ecuatorianos-aumento-un-312-en-lo-que-va-del-ano\/\" rel=\"bookmark\">\n\t\t\t\t\t\t\tLa expectativa salarial de los ecuatorianos aument\u00f3 un 3,12% en lo que va del a\u00f1o\t\t\t\t\t\t<\/a>\n\t\t\t\t\t<\/h3>\n\t\t\t\t\t\t\t\t\t\t\t\t\t<div class=\"wd-post-excerpt wd-scroll-content\">\n\t\t\t\t\t\t\t\t\t\t\t\t\tSeg\u00fan el Index de Multitrabajos, el salario promedio requerido en septiembre fue de USD 859; esto representa un aumento del 3,12% en lo que va del a\u00f1o y se posiciona...\t\t\t\t\t\t\t\t\t\t\t<\/div>\n\t\t\t\t\t\t\t<\/div>\n\t\t\t\t\t\t\t\t\t\t\t\t<div class=\"wd-post-read-more wd-style-btn\">\n\t\t\t\t\t\t<a class=\" btn\" href=\"https:\/\/brmagazine.com.ec\/la-expectativa-salarial-de-los-ecuatorianos-aumento-un-312-en-lo-que-va-del-ano\/\">Continue reading<\/a>\t\t\t\t\t<\/div>\n\t\t\t\t\t\t\t\t\t<\/div>\n\t<\/div>\n<\/article>\n\t\t\t\t\t\t\t\t\t\t\t\n<article id=\"post-6217\" class=\"wd-post blog-design-list blog-post-loop blog-style-flat post-6217 post type-post status-publish format-standard has-post-thumbnail hentry category-sociales pmpro-has-access\">\n\t<div class=\"wd-post-inner\">\n\t\t<div class=\"wd-post-thumb\">\n\t\t\t\t\t\t\t<div class=\"wd-post-img\">\n\t\t\t\t\t<img width=\"941\" height=\"704\" src=\"https:\/\/brmagazine.com.ec\/wp-content\/uploads\/2025\/10\/multitrabajo.png\" class=\"attachment-large size-large\" alt=\"\" decoding=\"async\" loading=\"lazy\" srcset=\"https:\/\/brmagazine.com.ec\/wp-content\/uploads\/2025\/10\/multitrabajo.png 941w, https:\/\/brmagazine.com.ec\/wp-content\/uploads\/2025\/10\/multitrabajo-300x224.png 300w, https:\/\/brmagazine.com.ec\/wp-content\/uploads\/2025\/10\/multitrabajo-768x575.png 768w, https:\/\/brmagazine.com.ec\/wp-content\/uploads\/2025\/10\/multitrabajo-16x12.png 16w\" sizes=\"auto, (max-width: 941px) 100vw, 941px\" \/>\t\t\t\t<\/div>\n\t\t\t\t\t\t\t\t\t\t\t\t<a class=\"wd-post-link wd-fill\" href=\"https:\/\/brmagazine.com.ec\/7-de-cada-10-personas-trabajadoras-fueron-discriminadas-por-su-edad-o-conoce-a-alguien-que-lo-experimento-by-multitrabajos\/\" rel=\"bookmark\" aria-label=\"Link on post &#8220;7 de cada 10 personas trabajadoras fueron discriminadas por su edad o conoce a alguien que lo experiment\u00f3&#8221; by Multitrabajos\"><\/a>\n\t\t\t\t\t\t\t<div class=\"wd-post-cat wd-style-with-bg\">\n\t\t\t\t\t<a href=\"https:\/\/brmagazine.com.ec\/category\/sociales\/\" rel=\"category tag\">Sociales<\/a>\t\t\t\t<\/div>\n\t\t\t\t\t<\/div>\n\n\t\t<div class=\"wd-post-content\">\n\t\t\t<div class=\"wd-post-content-inner wd-scroll\">\n\t\t\t\t\t\t\t\t\t<div class=\"wd-post-meta\">\n\t\t\t\t\t\t\t\t\t\t\t\t\t\t\t\t\t\t<div class=\"wd-post-author\">\n\t\t\t\t\t\t\t\t\t\t\t\t<span>Posted by<\/span>\n\t\t\n\t\t\t\t\t<img alt='author-avatar' src='https:\/\/brmagazine.com.ec\/wp-content\/uploads\/2025\/08\/jhon-lopez_avatar-22x22.png' srcset='https:\/\/brmagazine.com.ec\/wp-content\/uploads\/2025\/08\/jhon-lopez_avatar-44x44.png 2x' class='avatar avatar-22 photo' height='22' width='22' loading='lazy' decoding='async'\/>\t\t\n\t\t\t\t\t<a href=\"https:\/\/brmagazine.com.ec\/author\/jhon-lopez\/\" class=\"author\" rel=\"author\">Jhon L\u00f3pez (Soporte Br)<\/a>\n\t\t\t\t\t\t\t\t\t\t<\/div>\n\t\t\t\t\t\t<div class=\"wd-modified-date\">\n\t\t\t\t\t\t\t\t\t<time class=\"updated\" datetime=\"2025-10-20T11:51:46-05:00\">\n\t\t\toctubre 20, 2025\t\t<\/time>\n\t\t\t\t\t\t\t\t<\/div>\n\n\t\t\t\t\t\t\t\t\t\t\t\t\t<div class=\"wd-post-share wd-tltp\">\n\t\t\t\t\t\t\t\t<div class=\"tooltip top\">\n\t\t\t\t\t\t\t\t\t<div class=\"tooltip-inner\">\n\t\t\t\t\t\t\t\t\t\t\t\t\t<div\n\t\t\t\t\t\tclass=\" wd-social-icons  wd-style-default wd-size-small social-share wd-shape-circle color-scheme-light text-center\">\n\t\t\t\t\n\t\t\t\t\n\t\t\t\t\t\t\t\t\t<a rel=\"noopener noreferrer nofollow\" href=\"https:\/\/www.facebook.com\/sharer\/sharer.php?u=https:\/\/brmagazine.com.ec\/7-de-cada-10-personas-trabajadoras-fueron-discriminadas-por-su-edad-o-conoce-a-alguien-que-lo-experimento-by-multitrabajos\/\" target=\"_blank\" class=\" wd-social-icon social-facebook\" aria-label=\"Facebook social link\">\n\t\t\t\t\t\t<span class=\"wd-icon\"><\/span>\n\t\t\t\t\t\t\t\t\t\t\t<\/a>\n\t\t\t\t\n\t\t\t\t\t\t\t\t\t<a rel=\"noopener noreferrer nofollow\" href=\"https:\/\/x.com\/share?url=https:\/\/brmagazine.com.ec\/7-de-cada-10-personas-trabajadoras-fueron-discriminadas-por-su-edad-o-conoce-a-alguien-que-lo-experimento-by-multitrabajos\/\" target=\"_blank\" class=\" wd-social-icon social-twitter\" aria-label=\"X social link\">\n\t\t\t\t\t\t<span class=\"wd-icon\"><\/span>\n\t\t\t\t\t\t\t\t\t\t\t<\/a>\n\t\t\t\t\n\t\t\t\t\n\t\t\t\t\n\t\t\t\t\n\t\t\t\t\n\t\t\t\t\n\t\t\t\t\t\t\t\t\t<a rel=\"noopener noreferrer nofollow\" href=\"https:\/\/pinterest.com\/pin\/create\/button\/?url=https:\/\/brmagazine.com.ec\/7-de-cada-10-personas-trabajadoras-fueron-discriminadas-por-su-edad-o-conoce-a-alguien-que-lo-experimento-by-multitrabajos\/&media=https:\/\/brmagazine.com.ec\/wp-content\/uploads\/2025\/10\/multitrabajo.png&description=%26%238220%3B7+de+cada+10+personas+trabajadoras+fueron+discriminadas+por+su+edad+o+conoce+a+alguien+que+lo+experiment%C3%B3%26%238221%3B+by+Multitrabajos\" target=\"_blank\" class=\" wd-social-icon social-pinterest\" aria-label=\"Pinterest social link\">\n\t\t\t\t\t\t<span class=\"wd-icon\"><\/span>\n\t\t\t\t\t\t\t\t\t\t\t<\/a>\n\t\t\t\t\n\t\t\t\t\n\t\t\t\t\t\t\t\t\t<a rel=\"noopener noreferrer nofollow\" href=\"https:\/\/www.linkedin.com\/shareArticle?mini=true&url=https:\/\/brmagazine.com.ec\/7-de-cada-10-personas-trabajadoras-fueron-discriminadas-por-su-edad-o-conoce-a-alguien-que-lo-experimento-by-multitrabajos\/\" target=\"_blank\" class=\" wd-social-icon social-linkedin\" aria-label=\"Linkedin social link\">\n\t\t\t\t\t\t<span class=\"wd-icon\"><\/span>\n\t\t\t\t\t\t\t\t\t\t\t<\/a>\n\t\t\t\t\n\t\t\t\t\n\t\t\t\t\n\t\t\t\t\n\t\t\t\t\n\t\t\t\t\n\t\t\t\t\n\t\t\t\t\n\t\t\t\t\n\t\t\t\t\n\t\t\t\t\n\t\t\t\t\n\t\t\t\t\n\t\t\t\t\n\t\t\t\t\n\t\t\t\t\t\t\t\t\t<a rel=\"noopener noreferrer nofollow\" href=\"https:\/\/telegram.me\/share\/url?url=https:\/\/brmagazine.com.ec\/7-de-cada-10-personas-trabajadoras-fueron-discriminadas-por-su-edad-o-conoce-a-alguien-que-lo-experimento-by-multitrabajos\/\" target=\"_blank\" class=\" wd-social-icon social-tg\" aria-label=\"Telegram social link\">\n\t\t\t\t\t\t<span class=\"wd-icon\"><\/span>\n\t\t\t\t\t\t\t\t\t\t\t<\/a>\n\t\t\t\t\n\t\t\t\t\n\t\t\t<\/div>\n\n\t\t\t\t\t\t\t\t\t\t\t<\/div>\n\t\t\t\t\t\t\t\t\t<div class=\"tooltip-arrow\"><\/div>\n\t\t\t\t\t\t\t\t<\/div>\n\t\t\t\t\t\t\t<\/div>\n\t\t\t\t\t\t\n\t\t\t\t\t\t\t\t\t\t\t\t\t\t\t\t\t\t\t\t<div class=\"wd-post-reply wd-style-1\">\n\t\t\t\t\t\t\t\t<a href=\"https:\/\/brmagazine.com.ec\/7-de-cada-10-personas-trabajadoras-fueron-discriminadas-por-su-edad-o-conoce-a-alguien-que-lo-experimento-by-multitrabajos\/#respond\"><span class=\"wd-replies-count\">0<\/span><\/a>\t\t\t\t\t\t\t<\/div>\n\t\t\t\t\t\t\t\t\t\t\t<\/div>\n\t\t\t\t\t\t\t\t\t\t\t\t\t<h3 class=\"wd-post-title wd-entities-title title post-title\">\n\t\t\t\t\t\t<a href=\"https:\/\/brmagazine.com.ec\/7-de-cada-10-personas-trabajadoras-fueron-discriminadas-por-su-edad-o-conoce-a-alguien-que-lo-experimento-by-multitrabajos\/\" rel=\"bookmark\">\n\t\t\t\t\t\t\t&#8220;7 de cada 10 personas trabajadoras fueron discriminadas por su edad o conoce a alguien que lo experiment\u00f3&#8221; by Multitrabajos\t\t\t\t\t\t<\/a>\n\t\t\t\t\t<\/h3>\n\t\t\t\t\t\t\t\t\t\t\t\t\t<div class=\"wd-post-excerpt wd-scroll-content\">\n\t\t\t\t\t\t\t\t\t\t\t\t\tEcuador, octubre de 2025.- Seg\u00fan el estudio \u00bfEs la edad un factor determinante? de Multitrabajos, el portal de empleo l\u00edder en Latinoam\u00e9rica, el 67% de las personas trabajadoras fue discriminada...\t\t\t\t\t\t\t\t\t\t\t<\/div>\n\t\t\t\t\t\t\t<\/div>\n\t\t\t\t\t\t\t\t\t\t\t\t<div class=\"wd-post-read-more wd-style-btn\">\n\t\t\t\t\t\t<a class=\" btn\" href=\"https:\/\/brmagazine.com.ec\/7-de-cada-10-personas-trabajadoras-fueron-discriminadas-por-su-edad-o-conoce-a-alguien-que-lo-experimento-by-multitrabajos\/\">Continue reading<\/a>\t\t\t\t\t<\/div>\n\t\t\t\t\t\t\t\t\t<\/div>\n\t<\/div>\n<\/article>\n\t\t\t\t\t\t\t\t\t\t\t\n<article id=\"post-6213\" class=\"wd-post blog-design-list blog-post-loop blog-style-flat post-6213 post type-post status-publish format-standard has-post-thumbnail hentry category-sociales pmpro-has-access\">\n\t<div class=\"wd-post-inner\">\n\t\t<div class=\"wd-post-thumb\">\n\t\t\t\t\t\t\t<div class=\"wd-post-img\">\n\t\t\t\t\t<img width=\"768\" height=\"1024\" src=\"https:\/\/brmagazine.com.ec\/wp-content\/uploads\/2025\/10\/WhatsApp-Image-2025-10-14-at-10.45.04-AM-768x1024.jpeg\" class=\"attachment-large size-large\" alt=\"\" decoding=\"async\" loading=\"lazy\" srcset=\"https:\/\/brmagazine.com.ec\/wp-content\/uploads\/2025\/10\/WhatsApp-Image-2025-10-14-at-10.45.04-AM-768x1024.jpeg 768w, https:\/\/brmagazine.com.ec\/wp-content\/uploads\/2025\/10\/WhatsApp-Image-2025-10-14-at-10.45.04-AM-225x300.jpeg 225w, https:\/\/brmagazine.com.ec\/wp-content\/uploads\/2025\/10\/WhatsApp-Image-2025-10-14-at-10.45.04-AM-1152x1536.jpeg 1152w, https:\/\/brmagazine.com.ec\/wp-content\/uploads\/2025\/10\/WhatsApp-Image-2025-10-14-at-10.45.04-AM-9x12.jpeg 9w, https:\/\/brmagazine.com.ec\/wp-content\/uploads\/2025\/10\/WhatsApp-Image-2025-10-14-at-10.45.04-AM.jpeg 1200w\" sizes=\"auto, (max-width: 768px) 100vw, 768px\" \/>\t\t\t\t<\/div>\n\t\t\t\t\t\t\t\t\t\t\t\t<a class=\"wd-post-link wd-fill\" href=\"https:\/\/brmagazine.com.ec\/andalucia-y-proyecto-ana-firman-convenio-para-fortalecer-el-empoderamiento-de-mujeres-en-ecuador\/\" rel=\"bookmark\" aria-label=\"Link on post Andaluc\u00eda y Proyecto ANA firman convenio para fortalecer el empoderamiento de mujeres en Ecuador\"><\/a>\n\t\t\t\t\t\t\t<div class=\"wd-post-cat wd-style-with-bg\">\n\t\t\t\t\t<a href=\"https:\/\/brmagazine.com.ec\/category\/sociales\/\" rel=\"category tag\">Sociales<\/a>\t\t\t\t<\/div>\n\t\t\t\t\t<\/div>\n\n\t\t<div class=\"wd-post-content\">\n\t\t\t<div class=\"wd-post-content-inner wd-scroll\">\n\t\t\t\t\t\t\t\t\t<div class=\"wd-post-meta\">\n\t\t\t\t\t\t\t\t\t\t\t\t\t\t\t\t\t\t<div class=\"wd-post-author\">\n\t\t\t\t\t\t\t\t\t\t\t\t<span>Posted by<\/span>\n\t\t\n\t\t\t\t\t<img alt='author-avatar' src='https:\/\/brmagazine.com.ec\/wp-content\/uploads\/2025\/08\/jhon-lopez_avatar-22x22.png' srcset='https:\/\/brmagazine.com.ec\/wp-content\/uploads\/2025\/08\/jhon-lopez_avatar-44x44.png 2x' class='avatar avatar-22 photo' height='22' width='22' loading='lazy' decoding='async'\/>\t\t\n\t\t\t\t\t<a href=\"https:\/\/brmagazine.com.ec\/author\/jhon-lopez\/\" class=\"author\" rel=\"author\">Jhon L\u00f3pez (Soporte Br)<\/a>\n\t\t\t\t\t\t\t\t\t\t<\/div>\n\t\t\t\t\t\t<div class=\"wd-modified-date\">\n\t\t\t\t\t\t\t\t\t<time class=\"updated\" datetime=\"2025-10-17T09:58:19-05:00\">\n\t\t\toctubre 17, 2025\t\t<\/time>\n\t\t\t\t\t\t\t\t<\/div>\n\n\t\t\t\t\t\t\t\t\t\t\t\t\t<div class=\"wd-post-share wd-tltp\">\n\t\t\t\t\t\t\t\t<div class=\"tooltip top\">\n\t\t\t\t\t\t\t\t\t<div class=\"tooltip-inner\">\n\t\t\t\t\t\t\t\t\t\t\t\t\t<div\n\t\t\t\t\t\tclass=\" wd-social-icons  wd-style-default wd-size-small social-share wd-shape-circle color-scheme-light text-center\">\n\t\t\t\t\n\t\t\t\t\n\t\t\t\t\t\t\t\t\t<a rel=\"noopener noreferrer nofollow\" href=\"https:\/\/www.facebook.com\/sharer\/sharer.php?u=https:\/\/brmagazine.com.ec\/andalucia-y-proyecto-ana-firman-convenio-para-fortalecer-el-empoderamiento-de-mujeres-en-ecuador\/\" target=\"_blank\" class=\" wd-social-icon social-facebook\" aria-label=\"Facebook social link\">\n\t\t\t\t\t\t<span class=\"wd-icon\"><\/span>\n\t\t\t\t\t\t\t\t\t\t\t<\/a>\n\t\t\t\t\n\t\t\t\t\t\t\t\t\t<a rel=\"noopener noreferrer nofollow\" href=\"https:\/\/x.com\/share?url=https:\/\/brmagazine.com.ec\/andalucia-y-proyecto-ana-firman-convenio-para-fortalecer-el-empoderamiento-de-mujeres-en-ecuador\/\" target=\"_blank\" class=\" wd-social-icon social-twitter\" aria-label=\"X social link\">\n\t\t\t\t\t\t<span class=\"wd-icon\"><\/span>\n\t\t\t\t\t\t\t\t\t\t\t<\/a>\n\t\t\t\t\n\t\t\t\t\n\t\t\t\t\n\t\t\t\t\n\t\t\t\t\n\t\t\t\t\n\t\t\t\t\t\t\t\t\t<a rel=\"noopener noreferrer nofollow\" href=\"https:\/\/pinterest.com\/pin\/create\/button\/?url=https:\/\/brmagazine.com.ec\/andalucia-y-proyecto-ana-firman-convenio-para-fortalecer-el-empoderamiento-de-mujeres-en-ecuador\/&media=https:\/\/brmagazine.com.ec\/wp-content\/uploads\/2025\/10\/WhatsApp-Image-2025-10-14-at-10.45.04-AM.jpeg&description=Andaluc%C3%ADa+y+Proyecto+ANA+firman+convenio+para+fortalecer+el+empoderamiento+de+mujeres+en+Ecuador\" target=\"_blank\" class=\" wd-social-icon social-pinterest\" aria-label=\"Pinterest social link\">\n\t\t\t\t\t\t<span class=\"wd-icon\"><\/span>\n\t\t\t\t\t\t\t\t\t\t\t<\/a>\n\t\t\t\t\n\t\t\t\t\n\t\t\t\t\t\t\t\t\t<a rel=\"noopener noreferrer nofollow\" href=\"https:\/\/www.linkedin.com\/shareArticle?mini=true&url=https:\/\/brmagazine.com.ec\/andalucia-y-proyecto-ana-firman-convenio-para-fortalecer-el-empoderamiento-de-mujeres-en-ecuador\/\" target=\"_blank\" class=\" wd-social-icon social-linkedin\" aria-label=\"Linkedin social link\">\n\t\t\t\t\t\t<span class=\"wd-icon\"><\/span>\n\t\t\t\t\t\t\t\t\t\t\t<\/a>\n\t\t\t\t\n\t\t\t\t\n\t\t\t\t\n\t\t\t\t\n\t\t\t\t\n\t\t\t\t\n\t\t\t\t\n\t\t\t\t\n\t\t\t\t\n\t\t\t\t\n\t\t\t\t\n\t\t\t\t\n\t\t\t\t\n\t\t\t\t\n\t\t\t\t\n\t\t\t\t\t\t\t\t\t<a rel=\"noopener noreferrer nofollow\" href=\"https:\/\/telegram.me\/share\/url?url=https:\/\/brmagazine.com.ec\/andalucia-y-proyecto-ana-firman-convenio-para-fortalecer-el-empoderamiento-de-mujeres-en-ecuador\/\" target=\"_blank\" class=\" wd-social-icon social-tg\" aria-label=\"Telegram social link\">\n\t\t\t\t\t\t<span class=\"wd-icon\"><\/span>\n\t\t\t\t\t\t\t\t\t\t\t<\/a>\n\t\t\t\t\n\t\t\t\t\n\t\t\t<\/div>\n\n\t\t\t\t\t\t\t\t\t\t\t<\/div>\n\t\t\t\t\t\t\t\t\t<div class=\"tooltip-arrow\"><\/div>\n\t\t\t\t\t\t\t\t<\/div>\n\t\t\t\t\t\t\t<\/div>\n\t\t\t\t\t\t\n\t\t\t\t\t\t\t\t\t\t\t\t\t\t\t\t\t\t\t\t<div class=\"wd-post-reply wd-style-1\">\n\t\t\t\t\t\t\t\t<a href=\"https:\/\/brmagazine.com.ec\/andalucia-y-proyecto-ana-firman-convenio-para-fortalecer-el-empoderamiento-de-mujeres-en-ecuador\/#respond\"><span class=\"wd-replies-count\">0<\/span><\/a>\t\t\t\t\t\t\t<\/div>\n\t\t\t\t\t\t\t\t\t\t\t<\/div>\n\t\t\t\t\t\t\t\t\t\t\t\t\t<h3 class=\"wd-post-title wd-entities-title title post-title\">\n\t\t\t\t\t\t<a href=\"https:\/\/brmagazine.com.ec\/andalucia-y-proyecto-ana-firman-convenio-para-fortalecer-el-empoderamiento-de-mujeres-en-ecuador\/\" rel=\"bookmark\">\n\t\t\t\t\t\t\tAndaluc\u00eda y Proyecto ANA firman convenio para fortalecer el empoderamiento de mujeres en Ecuador\t\t\t\t\t\t<\/a>\n\t\t\t\t\t<\/h3>\n\t\t\t\t\t\t\t\t\t\t\t\t\t<div class=\"wd-post-excerpt wd-scroll-content\">\n\t\t\t\t\t\t\t\t\t\t\t\t\tQuito, octubre 2025.- Andaluc\u00eda y el Proyecto ANA firmaron un convenio de cooperaci\u00f3n para promover el empoderamiento econ\u00f3mico, educativo y social de las mujeres en el pa\u00eds.\r\n\r\nEl acuerdo contempla la...\t\t\t\t\t\t\t\t\t\t\t<\/div>\n\t\t\t\t\t\t\t<\/div>\n\t\t\t\t\t\t\t\t\t\t\t\t<div class=\"wd-post-read-more wd-style-btn\">\n\t\t\t\t\t\t<a class=\" btn\" href=\"https:\/\/brmagazine.com.ec\/andalucia-y-proyecto-ana-firman-convenio-para-fortalecer-el-empoderamiento-de-mujeres-en-ecuador\/\">Continue reading<\/a>\t\t\t\t\t<\/div>\n\t\t\t\t\t\t\t\t\t<\/div>\n\t<\/div>\n<\/article>\n\t\t\t\t\t\t\t\t\t\t\t\n<article id=\"post-6208\" class=\"wd-post blog-design-list blog-post-loop blog-style-flat post-6208 post type-post status-publish format-standard has-post-thumbnail hentry category-sociales pmpro-has-access\">\n\t<div class=\"wd-post-inner\">\n\t\t<div class=\"wd-post-thumb\">\n\t\t\t\t\t\t\t<div class=\"wd-post-img\">\n\t\t\t\t\t<img width=\"1024\" height=\"768\" src=\"https:\/\/brmagazine.com.ec\/wp-content\/uploads\/2025\/10\/250926_Foto_FedeXpor-1024x768.jpg\" class=\"attachment-large size-large\" alt=\"\" decoding=\"async\" loading=\"lazy\" srcset=\"https:\/\/brmagazine.com.ec\/wp-content\/uploads\/2025\/10\/250926_Foto_FedeXpor-1024x768.jpg 1024w, https:\/\/brmagazine.com.ec\/wp-content\/uploads\/2025\/10\/250926_Foto_FedeXpor-300x225.jpg 300w, https:\/\/brmagazine.com.ec\/wp-content\/uploads\/2025\/10\/250926_Foto_FedeXpor-768x576.jpg 768w, https:\/\/brmagazine.com.ec\/wp-content\/uploads\/2025\/10\/250926_Foto_FedeXpor-1536x1152.jpg 1536w, https:\/\/brmagazine.com.ec\/wp-content\/uploads\/2025\/10\/250926_Foto_FedeXpor-16x12.jpg 16w, https:\/\/brmagazine.com.ec\/wp-content\/uploads\/2025\/10\/250926_Foto_FedeXpor.jpg 1600w\" sizes=\"auto, (max-width: 1024px) 100vw, 1024px\" \/>\t\t\t\t<\/div>\n\t\t\t\t\t\t\t\t\t\t\t\t<a class=\"wd-post-link wd-fill\" href=\"https:\/\/brmagazine.com.ec\/novopan-recibe-por-segunda-vez-consecutiva-el-premioexpor-2025-en-la-categoria-gran-empresa-exportadora-de-industrializados\/\" rel=\"bookmark\" aria-label=\"Link on post Novopan recibe por segunda vez consecutiva el PremioeXpor 2025 en la categor\u00eda \u201cGran Empresa Exportadora de Industrializados\u201d\"><\/a>\n\t\t\t\t\t\t\t<div class=\"wd-post-cat wd-style-with-bg\">\n\t\t\t\t\t<a href=\"https:\/\/brmagazine.com.ec\/category\/sociales\/\" rel=\"category tag\">Sociales<\/a>\t\t\t\t<\/div>\n\t\t\t\t\t<\/div>\n\n\t\t<div class=\"wd-post-content\">\n\t\t\t<div class=\"wd-post-content-inner wd-scroll\">\n\t\t\t\t\t\t\t\t\t<div class=\"wd-post-meta\">\n\t\t\t\t\t\t\t\t\t\t\t\t\t\t\t\t\t\t<div class=\"wd-post-author\">\n\t\t\t\t\t\t\t\t\t\t\t\t<span>Posted by<\/span>\n\t\t\n\t\t\t\t\t<img alt='author-avatar' src='https:\/\/brmagazine.com.ec\/wp-content\/uploads\/2025\/08\/jhon-lopez_avatar-22x22.png' srcset='https:\/\/brmagazine.com.ec\/wp-content\/uploads\/2025\/08\/jhon-lopez_avatar-44x44.png 2x' class='avatar avatar-22 photo' height='22' width='22' loading='lazy' decoding='async'\/>\t\t\n\t\t\t\t\t<a href=\"https:\/\/brmagazine.com.ec\/author\/jhon-lopez\/\" class=\"author\" rel=\"author\">Jhon L\u00f3pez (Soporte Br)<\/a>\n\t\t\t\t\t\t\t\t\t\t<\/div>\n\t\t\t\t\t\t<div class=\"wd-modified-date\">\n\t\t\t\t\t\t\t\t\t<time class=\"updated\" datetime=\"2025-10-14T09:34:20-05:00\">\n\t\t\toctubre 14, 2025\t\t<\/time>\n\t\t\t\t\t\t\t\t<\/div>\n\n\t\t\t\t\t\t\t\t\t\t\t\t\t<div class=\"wd-post-share wd-tltp\">\n\t\t\t\t\t\t\t\t<div class=\"tooltip top\">\n\t\t\t\t\t\t\t\t\t<div class=\"tooltip-inner\">\n\t\t\t\t\t\t\t\t\t\t\t\t\t<div\n\t\t\t\t\t\tclass=\" wd-social-icons  wd-style-default wd-size-small social-share wd-shape-circle color-scheme-light text-center\">\n\t\t\t\t\n\t\t\t\t\n\t\t\t\t\t\t\t\t\t<a rel=\"noopener noreferrer nofollow\" href=\"https:\/\/www.facebook.com\/sharer\/sharer.php?u=https:\/\/brmagazine.com.ec\/novopan-recibe-por-segunda-vez-consecutiva-el-premioexpor-2025-en-la-categoria-gran-empresa-exportadora-de-industrializados\/\" target=\"_blank\" class=\" wd-social-icon social-facebook\" aria-label=\"Facebook social link\">\n\t\t\t\t\t\t<span class=\"wd-icon\"><\/span>\n\t\t\t\t\t\t\t\t\t\t\t<\/a>\n\t\t\t\t\n\t\t\t\t\t\t\t\t\t<a rel=\"noopener noreferrer nofollow\" href=\"https:\/\/x.com\/share?url=https:\/\/brmagazine.com.ec\/novopan-recibe-por-segunda-vez-consecutiva-el-premioexpor-2025-en-la-categoria-gran-empresa-exportadora-de-industrializados\/\" target=\"_blank\" class=\" wd-social-icon social-twitter\" aria-label=\"X social link\">\n\t\t\t\t\t\t<span class=\"wd-icon\"><\/span>\n\t\t\t\t\t\t\t\t\t\t\t<\/a>\n\t\t\t\t\n\t\t\t\t\n\t\t\t\t\n\t\t\t\t\n\t\t\t\t\n\t\t\t\t\n\t\t\t\t\t\t\t\t\t<a rel=\"noopener noreferrer nofollow\" href=\"https:\/\/pinterest.com\/pin\/create\/button\/?url=https:\/\/brmagazine.com.ec\/novopan-recibe-por-segunda-vez-consecutiva-el-premioexpor-2025-en-la-categoria-gran-empresa-exportadora-de-industrializados\/&media=https:\/\/brmagazine.com.ec\/wp-content\/uploads\/2025\/10\/250926_Foto_FedeXpor.jpg&description=Novopan+recibe+por+segunda+vez+consecutiva+el+PremioeXpor+2025+en+la+categor%C3%ADa+%E2%80%9CGran+Empresa+Exportadora+de+Industrializados%E2%80%9D\" target=\"_blank\" class=\" wd-social-icon social-pinterest\" aria-label=\"Pinterest social link\">\n\t\t\t\t\t\t<span class=\"wd-icon\"><\/span>\n\t\t\t\t\t\t\t\t\t\t\t<\/a>\n\t\t\t\t\n\t\t\t\t\n\t\t\t\t\t\t\t\t\t<a rel=\"noopener noreferrer nofollow\" href=\"https:\/\/www.linkedin.com\/shareArticle?mini=true&url=https:\/\/brmagazine.com.ec\/novopan-recibe-por-segunda-vez-consecutiva-el-premioexpor-2025-en-la-categoria-gran-empresa-exportadora-de-industrializados\/\" target=\"_blank\" class=\" wd-social-icon social-linkedin\" aria-label=\"Linkedin social link\">\n\t\t\t\t\t\t<span class=\"wd-icon\"><\/span>\n\t\t\t\t\t\t\t\t\t\t\t<\/a>\n\t\t\t\t\n\t\t\t\t\n\t\t\t\t\n\t\t\t\t\n\t\t\t\t\n\t\t\t\t\n\t\t\t\t\n\t\t\t\t\n\t\t\t\t\n\t\t\t\t\n\t\t\t\t\n\t\t\t\t\n\t\t\t\t\n\t\t\t\t\n\t\t\t\t\n\t\t\t\t\t\t\t\t\t<a rel=\"noopener noreferrer nofollow\" href=\"https:\/\/telegram.me\/share\/url?url=https:\/\/brmagazine.com.ec\/novopan-recibe-por-segunda-vez-consecutiva-el-premioexpor-2025-en-la-categoria-gran-empresa-exportadora-de-industrializados\/\" target=\"_blank\" class=\" wd-social-icon social-tg\" aria-label=\"Telegram social link\">\n\t\t\t\t\t\t<span class=\"wd-icon\"><\/span>\n\t\t\t\t\t\t\t\t\t\t\t<\/a>\n\t\t\t\t\n\t\t\t\t\n\t\t\t<\/div>\n\n\t\t\t\t\t\t\t\t\t\t\t<\/div>\n\t\t\t\t\t\t\t\t\t<div class=\"tooltip-arrow\"><\/div>\n\t\t\t\t\t\t\t\t<\/div>\n\t\t\t\t\t\t\t<\/div>\n\t\t\t\t\t\t\n\t\t\t\t\t\t\t\t\t\t\t\t\t\t\t\t\t\t\t\t<div class=\"wd-post-reply wd-style-1\">\n\t\t\t\t\t\t\t\t<a href=\"https:\/\/brmagazine.com.ec\/novopan-recibe-por-segunda-vez-consecutiva-el-premioexpor-2025-en-la-categoria-gran-empresa-exportadora-de-industrializados\/#respond\"><span class=\"wd-replies-count\">0<\/span><\/a>\t\t\t\t\t\t\t<\/div>\n\t\t\t\t\t\t\t\t\t\t\t<\/div>\n\t\t\t\t\t\t\t\t\t\t\t\t\t<h3 class=\"wd-post-title wd-entities-title title post-title\">\n\t\t\t\t\t\t<a href=\"https:\/\/brmagazine.com.ec\/novopan-recibe-por-segunda-vez-consecutiva-el-premioexpor-2025-en-la-categoria-gran-empresa-exportadora-de-industrializados\/\" rel=\"bookmark\">\n\t\t\t\t\t\t\tNovopan recibe por segunda vez consecutiva el PremioeXpor 2025 en la categor\u00eda \u201cGran Empresa Exportadora de Industrializados\u201d\t\t\t\t\t\t<\/a>\n\t\t\t\t\t<\/h3>\n\t\t\t\t\t\t\t\t\t\t\t\t\t<div class=\"wd-post-excerpt wd-scroll-content\">\n\t\t\t\t\t\t\t\t\t\t\t\t\tQuito, octubre de 2025.- Novopan, empresa ecuatoriana l\u00edder en la producci\u00f3n de paneles de madera de la m\u00e1s alta calidad, dise\u00f1o y tecnolog\u00eda, fue galardonada por segundo a\u00f1o consecutivo con...\t\t\t\t\t\t\t\t\t\t\t<\/div>\n\t\t\t\t\t\t\t<\/div>\n\t\t\t\t\t\t\t\t\t\t\t\t<div class=\"wd-post-read-more wd-style-btn\">\n\t\t\t\t\t\t<a class=\" btn\" href=\"https:\/\/brmagazine.com.ec\/novopan-recibe-por-segunda-vez-consecutiva-el-premioexpor-2025-en-la-categoria-gran-empresa-exportadora-de-industrializados\/\">Continue reading<\/a>\t\t\t\t\t<\/div>\n\t\t\t\t\t\t\t\t\t<\/div>\n\t<\/div>\n<\/article>\n\t\t\t\t\t\t\t\t\t\t\t\n<article id=\"post-6192\" class=\"wd-post blog-design-list blog-post-loop blog-style-flat post-6192 post type-post status-publish format-standard has-post-thumbnail hentry category-sociales pmpro-has-access\">\n\t<div class=\"wd-post-inner\">\n\t\t<div class=\"wd-post-thumb\">\n\t\t\t\t\t\t\t<div class=\"wd-post-img\">\n\t\t\t\t\t<img width=\"803\" height=\"531\" src=\"https:\/\/brmagazine.com.ec\/wp-content\/uploads\/2025\/10\/derechos-inquilinos-sin-contrato-firmado.jpg\" class=\"attachment-large size-large\" alt=\"\" decoding=\"async\" loading=\"lazy\" srcset=\"https:\/\/brmagazine.com.ec\/wp-content\/uploads\/2025\/10\/derechos-inquilinos-sin-contrato-firmado.jpg 803w, https:\/\/brmagazine.com.ec\/wp-content\/uploads\/2025\/10\/derechos-inquilinos-sin-contrato-firmado-300x198.jpg 300w, https:\/\/brmagazine.com.ec\/wp-content\/uploads\/2025\/10\/derechos-inquilinos-sin-contrato-firmado-768x508.jpg 768w, https:\/\/brmagazine.com.ec\/wp-content\/uploads\/2025\/10\/derechos-inquilinos-sin-contrato-firmado-18x12.jpg 18w\" sizes=\"auto, (max-width: 803px) 100vw, 803px\" \/>\t\t\t\t<\/div>\n\t\t\t\t\t\t\t\t\t\t\t\t<a class=\"wd-post-link wd-fill\" href=\"https:\/\/brmagazine.com.ec\/mas-de-un-millon-de-familias-ecuatorianas-viven-en-arriendo-cuanto-cuesta-alquilar\/\" rel=\"bookmark\" aria-label=\"Link on post &#8220;M\u00e1s de un mill\u00f3n de familias ecuatorianas viven en arriendo: \u00bfcu\u00e1nto cuesta alquilar?&#8221; by Plusval\u00eda\"><\/a>\n\t\t\t\t\t\t\t<div class=\"wd-post-cat wd-style-with-bg\">\n\t\t\t\t\t<a href=\"https:\/\/brmagazine.com.ec\/category\/sociales\/\" rel=\"category tag\">Sociales<\/a>\t\t\t\t<\/div>\n\t\t\t\t\t<\/div>\n\n\t\t<div class=\"wd-post-content\">\n\t\t\t<div class=\"wd-post-content-inner wd-scroll\">\n\t\t\t\t\t\t\t\t\t<div class=\"wd-post-meta\">\n\t\t\t\t\t\t\t\t\t\t\t\t\t\t\t\t\t\t<div class=\"wd-post-author\">\n\t\t\t\t\t\t\t\t\t\t\t\t<span>Posted by<\/span>\n\t\t\n\t\t\t\t\t<img alt='author-avatar' src='https:\/\/brmagazine.com.ec\/wp-content\/uploads\/2025\/08\/jhon-lopez_avatar-22x22.png' srcset='https:\/\/brmagazine.com.ec\/wp-content\/uploads\/2025\/08\/jhon-lopez_avatar-44x44.png 2x' class='avatar avatar-22 photo' height='22' width='22' loading='lazy' decoding='async'\/>\t\t\n\t\t\t\t\t<a href=\"https:\/\/brmagazine.com.ec\/author\/jhon-lopez\/\" class=\"author\" rel=\"author\">Jhon L\u00f3pez (Soporte Br)<\/a>\n\t\t\t\t\t\t\t\t\t\t<\/div>\n\t\t\t\t\t\t<div class=\"wd-modified-date\">\n\t\t\t\t\t\t\t\t\t<time class=\"updated\" datetime=\"2025-10-07T12:25:23-05:00\">\n\t\t\toctubre 7, 2025\t\t<\/time>\n\t\t\t\t\t\t\t\t<\/div>\n\n\t\t\t\t\t\t\t\t\t\t\t\t\t<div class=\"wd-post-share wd-tltp\">\n\t\t\t\t\t\t\t\t<div class=\"tooltip top\">\n\t\t\t\t\t\t\t\t\t<div class=\"tooltip-inner\">\n\t\t\t\t\t\t\t\t\t\t\t\t\t<div\n\t\t\t\t\t\tclass=\" wd-social-icons  wd-style-default wd-size-small social-share wd-shape-circle color-scheme-light text-center\">\n\t\t\t\t\n\t\t\t\t\n\t\t\t\t\t\t\t\t\t<a rel=\"noopener noreferrer nofollow\" href=\"https:\/\/www.facebook.com\/sharer\/sharer.php?u=https:\/\/brmagazine.com.ec\/mas-de-un-millon-de-familias-ecuatorianas-viven-en-arriendo-cuanto-cuesta-alquilar\/\" target=\"_blank\" class=\" wd-social-icon social-facebook\" aria-label=\"Facebook social link\">\n\t\t\t\t\t\t<span class=\"wd-icon\"><\/span>\n\t\t\t\t\t\t\t\t\t\t\t<\/a>\n\t\t\t\t\n\t\t\t\t\t\t\t\t\t<a rel=\"noopener noreferrer nofollow\" href=\"https:\/\/x.com\/share?url=https:\/\/brmagazine.com.ec\/mas-de-un-millon-de-familias-ecuatorianas-viven-en-arriendo-cuanto-cuesta-alquilar\/\" target=\"_blank\" class=\" wd-social-icon social-twitter\" aria-label=\"X social link\">\n\t\t\t\t\t\t<span class=\"wd-icon\"><\/span>\n\t\t\t\t\t\t\t\t\t\t\t<\/a>\n\t\t\t\t\n\t\t\t\t\n\t\t\t\t\n\t\t\t\t\n\t\t\t\t\n\t\t\t\t\n\t\t\t\t\t\t\t\t\t<a rel=\"noopener noreferrer nofollow\" href=\"https:\/\/pinterest.com\/pin\/create\/button\/?url=https:\/\/brmagazine.com.ec\/mas-de-un-millon-de-familias-ecuatorianas-viven-en-arriendo-cuanto-cuesta-alquilar\/&media=https:\/\/brmagazine.com.ec\/wp-content\/uploads\/2025\/10\/derechos-inquilinos-sin-contrato-firmado.jpg&description=%26%238220%3BM%C3%A1s+de+un+mill%C3%B3n+de+familias+ecuatorianas+viven+en+arriendo%3A+%C2%BFcu%C3%A1nto+cuesta+alquilar%3F%26%238221%3B+by+Plusval%C3%ADa\" target=\"_blank\" class=\" wd-social-icon social-pinterest\" aria-label=\"Pinterest social link\">\n\t\t\t\t\t\t<span class=\"wd-icon\"><\/span>\n\t\t\t\t\t\t\t\t\t\t\t<\/a>\n\t\t\t\t\n\t\t\t\t\n\t\t\t\t\t\t\t\t\t<a rel=\"noopener noreferrer nofollow\" href=\"https:\/\/www.linkedin.com\/shareArticle?mini=true&url=https:\/\/brmagazine.com.ec\/mas-de-un-millon-de-familias-ecuatorianas-viven-en-arriendo-cuanto-cuesta-alquilar\/\" target=\"_blank\" class=\" wd-social-icon social-linkedin\" aria-label=\"Linkedin social link\">\n\t\t\t\t\t\t<span class=\"wd-icon\"><\/span>\n\t\t\t\t\t\t\t\t\t\t\t<\/a>\n\t\t\t\t\n\t\t\t\t\n\t\t\t\t\n\t\t\t\t\n\t\t\t\t\n\t\t\t\t\n\t\t\t\t\n\t\t\t\t\n\t\t\t\t\n\t\t\t\t\n\t\t\t\t\n\t\t\t\t\n\t\t\t\t\n\t\t\t\t\n\t\t\t\t\n\t\t\t\t\t\t\t\t\t<a rel=\"noopener noreferrer nofollow\" href=\"https:\/\/telegram.me\/share\/url?url=https:\/\/brmagazine.com.ec\/mas-de-un-millon-de-familias-ecuatorianas-viven-en-arriendo-cuanto-cuesta-alquilar\/\" target=\"_blank\" class=\" wd-social-icon social-tg\" aria-label=\"Telegram social link\">\n\t\t\t\t\t\t<span class=\"wd-icon\"><\/span>\n\t\t\t\t\t\t\t\t\t\t\t<\/a>\n\t\t\t\t\n\t\t\t\t\n\t\t\t<\/div>\n\n\t\t\t\t\t\t\t\t\t\t\t<\/div>\n\t\t\t\t\t\t\t\t\t<div class=\"tooltip-arrow\"><\/div>\n\t\t\t\t\t\t\t\t<\/div>\n\t\t\t\t\t\t\t<\/div>\n\t\t\t\t\t\t\n\t\t\t\t\t\t\t\t\t\t\t\t\t\t\t\t\t\t\t\t<div class=\"wd-post-reply wd-style-1\">\n\t\t\t\t\t\t\t\t<a href=\"https:\/\/brmagazine.com.ec\/mas-de-un-millon-de-familias-ecuatorianas-viven-en-arriendo-cuanto-cuesta-alquilar\/#respond\"><span class=\"wd-replies-count\">0<\/span><\/a>\t\t\t\t\t\t\t<\/div>\n\t\t\t\t\t\t\t\t\t\t\t<\/div>\n\t\t\t\t\t\t\t\t\t\t\t\t\t<h3 class=\"wd-post-title wd-entities-title title post-title\">\n\t\t\t\t\t\t<a href=\"https:\/\/brmagazine.com.ec\/mas-de-un-millon-de-familias-ecuatorianas-viven-en-arriendo-cuanto-cuesta-alquilar\/\" rel=\"bookmark\">\n\t\t\t\t\t\t\t&#8220;M\u00e1s de un mill\u00f3n de familias ecuatorianas viven en arriendo: \u00bfcu\u00e1nto cuesta alquilar?&#8221; by Plusval\u00eda\t\t\t\t\t\t<\/a>\n\t\t\t\t\t<\/h3>\n\t\t\t\t\t\t\t\t\t\t\t\t\t<div class=\"wd-post-excerpt wd-scroll-content\">\n\t\t\t\t\t\t\t\t\t\t\t\t\tQuito, octubre del 2025.- Este 6 de octubre, en el marco del D\u00eda Internacional de los Inquilinos, el portal de clasificados Plusval\u00eda presenta un panorama actualizado sobre el mercado de...\t\t\t\t\t\t\t\t\t\t\t<\/div>\n\t\t\t\t\t\t\t<\/div>\n\t\t\t\t\t\t\t\t\t\t\t\t<div class=\"wd-post-read-more wd-style-btn\">\n\t\t\t\t\t\t<a class=\" btn\" href=\"https:\/\/brmagazine.com.ec\/mas-de-un-millon-de-familias-ecuatorianas-viven-en-arriendo-cuanto-cuesta-alquilar\/\">Continue reading<\/a>\t\t\t\t\t<\/div>\n\t\t\t\t\t\t\t\t\t<\/div>\n\t<\/div>\n<\/article>\n\t\t\t\t\t\t\t\t\t\t\t\n<article id=\"post-6187\" class=\"wd-post blog-design-list blog-post-loop blog-style-flat post-6187 post type-post status-publish format-standard has-post-thumbnail hentry category-sociales pmpro-has-access\">\n\t<div class=\"wd-post-inner\">\n\t\t<div class=\"wd-post-thumb\">\n\t\t\t\t\t\t\t<div class=\"wd-post-img\">\n\t\t\t\t\t<img width=\"1024\" height=\"768\" src=\"https:\/\/brmagazine.com.ec\/wp-content\/uploads\/2025\/10\/WhatsApp-Image-2025-10-06-at-2.39.48-PM-1-1024x768.jpeg\" class=\"attachment-large size-large\" alt=\"\" decoding=\"async\" loading=\"lazy\" srcset=\"https:\/\/brmagazine.com.ec\/wp-content\/uploads\/2025\/10\/WhatsApp-Image-2025-10-06-at-2.39.48-PM-1-1024x768.jpeg 1024w, https:\/\/brmagazine.com.ec\/wp-content\/uploads\/2025\/10\/WhatsApp-Image-2025-10-06-at-2.39.48-PM-1-300x225.jpeg 300w, https:\/\/brmagazine.com.ec\/wp-content\/uploads\/2025\/10\/WhatsApp-Image-2025-10-06-at-2.39.48-PM-1-768x576.jpeg 768w, https:\/\/brmagazine.com.ec\/wp-content\/uploads\/2025\/10\/WhatsApp-Image-2025-10-06-at-2.39.48-PM-1-1536x1152.jpeg 1536w, https:\/\/brmagazine.com.ec\/wp-content\/uploads\/2025\/10\/WhatsApp-Image-2025-10-06-at-2.39.48-PM-1-16x12.jpeg 16w, https:\/\/brmagazine.com.ec\/wp-content\/uploads\/2025\/10\/WhatsApp-Image-2025-10-06-at-2.39.48-PM-1.jpeg 1600w\" sizes=\"auto, (max-width: 1024px) 100vw, 1024px\" \/>\t\t\t\t<\/div>\n\t\t\t\t\t\t\t\t\t\t\t\t<a class=\"wd-post-link wd-fill\" href=\"https:\/\/brmagazine.com.ec\/usfq-inauguro-circa-el-primer-centro-de-investigacion-critica-e-interdisciplinaria-en-arquitectura-del-ecuador\/\" rel=\"bookmark\" aria-label=\"Link on post USFQ inaugur\u00f3 CIRCA, el primer centro de investigaci\u00f3n cr\u00edtica e interdisciplinaria en arquitectura del Ecuador\"><\/a>\n\t\t\t\t\t\t\t<div class=\"wd-post-cat wd-style-with-bg\">\n\t\t\t\t\t<a href=\"https:\/\/brmagazine.com.ec\/category\/sociales\/\" rel=\"category tag\">Sociales<\/a>\t\t\t\t<\/div>\n\t\t\t\t\t<\/div>\n\n\t\t<div class=\"wd-post-content\">\n\t\t\t<div class=\"wd-post-content-inner wd-scroll\">\n\t\t\t\t\t\t\t\t\t<div class=\"wd-post-meta\">\n\t\t\t\t\t\t\t\t\t\t\t\t\t\t\t\t\t\t<div class=\"wd-post-author\">\n\t\t\t\t\t\t\t\t\t\t\t\t<span>Posted by<\/span>\n\t\t\n\t\t\t\t\t<img alt='author-avatar' src='https:\/\/brmagazine.com.ec\/wp-content\/uploads\/2025\/08\/jhon-lopez_avatar-22x22.png' srcset='https:\/\/brmagazine.com.ec\/wp-content\/uploads\/2025\/08\/jhon-lopez_avatar-44x44.png 2x' class='avatar avatar-22 photo' height='22' width='22' loading='lazy' decoding='async'\/>\t\t\n\t\t\t\t\t<a href=\"https:\/\/brmagazine.com.ec\/author\/jhon-lopez\/\" class=\"author\" rel=\"author\">Jhon L\u00f3pez (Soporte Br)<\/a>\n\t\t\t\t\t\t\t\t\t\t<\/div>\n\t\t\t\t\t\t<div class=\"wd-modified-date\">\n\t\t\t\t\t\t\t\t\t<time class=\"updated\" datetime=\"2025-10-07T10:40:04-05:00\">\n\t\t\toctubre 7, 2025\t\t<\/time>\n\t\t\t\t\t\t\t\t<\/div>\n\n\t\t\t\t\t\t\t\t\t\t\t\t\t<div class=\"wd-post-share wd-tltp\">\n\t\t\t\t\t\t\t\t<div class=\"tooltip top\">\n\t\t\t\t\t\t\t\t\t<div class=\"tooltip-inner\">\n\t\t\t\t\t\t\t\t\t\t\t\t\t<div\n\t\t\t\t\t\tclass=\" wd-social-icons  wd-style-default wd-size-small social-share wd-shape-circle color-scheme-light text-center\">\n\t\t\t\t\n\t\t\t\t\n\t\t\t\t\t\t\t\t\t<a rel=\"noopener noreferrer nofollow\" href=\"https:\/\/www.facebook.com\/sharer\/sharer.php?u=https:\/\/brmagazine.com.ec\/usfq-inauguro-circa-el-primer-centro-de-investigacion-critica-e-interdisciplinaria-en-arquitectura-del-ecuador\/\" target=\"_blank\" class=\" wd-social-icon social-facebook\" aria-label=\"Facebook social link\">\n\t\t\t\t\t\t<span class=\"wd-icon\"><\/span>\n\t\t\t\t\t\t\t\t\t\t\t<\/a>\n\t\t\t\t\n\t\t\t\t\t\t\t\t\t<a rel=\"noopener noreferrer nofollow\" href=\"https:\/\/x.com\/share?url=https:\/\/brmagazine.com.ec\/usfq-inauguro-circa-el-primer-centro-de-investigacion-critica-e-interdisciplinaria-en-arquitectura-del-ecuador\/\" target=\"_blank\" class=\" wd-social-icon social-twitter\" aria-label=\"X social link\">\n\t\t\t\t\t\t<span class=\"wd-icon\"><\/span>\n\t\t\t\t\t\t\t\t\t\t\t<\/a>\n\t\t\t\t\n\t\t\t\t\n\t\t\t\t\n\t\t\t\t\n\t\t\t\t\n\t\t\t\t\n\t\t\t\t\t\t\t\t\t<a rel=\"noopener noreferrer nofollow\" href=\"https:\/\/pinterest.com\/pin\/create\/button\/?url=https:\/\/brmagazine.com.ec\/usfq-inauguro-circa-el-primer-centro-de-investigacion-critica-e-interdisciplinaria-en-arquitectura-del-ecuador\/&media=https:\/\/brmagazine.com.ec\/wp-content\/uploads\/2025\/10\/WhatsApp-Image-2025-10-06-at-2.39.48-PM-1.jpeg&description=USFQ+inaugur%C3%B3+CIRCA%2C+el+primer+centro+de+investigaci%C3%B3n+cr%C3%ADtica+e+interdisciplinaria+en+arquitectura+del+Ecuador\" target=\"_blank\" class=\" wd-social-icon social-pinterest\" aria-label=\"Pinterest social link\">\n\t\t\t\t\t\t<span class=\"wd-icon\"><\/span>\n\t\t\t\t\t\t\t\t\t\t\t<\/a>\n\t\t\t\t\n\t\t\t\t\n\t\t\t\t\t\t\t\t\t<a rel=\"noopener noreferrer nofollow\" href=\"https:\/\/www.linkedin.com\/shareArticle?mini=true&url=https:\/\/brmagazine.com.ec\/usfq-inauguro-circa-el-primer-centro-de-investigacion-critica-e-interdisciplinaria-en-arquitectura-del-ecuador\/\" target=\"_blank\" class=\" wd-social-icon social-linkedin\" aria-label=\"Linkedin social link\">\n\t\t\t\t\t\t<span class=\"wd-icon\"><\/span>\n\t\t\t\t\t\t\t\t\t\t\t<\/a>\n\t\t\t\t\n\t\t\t\t\n\t\t\t\t\n\t\t\t\t\n\t\t\t\t\n\t\t\t\t\n\t\t\t\t\n\t\t\t\t\n\t\t\t\t\n\t\t\t\t\n\t\t\t\t\n\t\t\t\t\n\t\t\t\t\n\t\t\t\t\n\t\t\t\t\n\t\t\t\t\t\t\t\t\t<a rel=\"noopener noreferrer nofollow\" href=\"https:\/\/telegram.me\/share\/url?url=https:\/\/brmagazine.com.ec\/usfq-inauguro-circa-el-primer-centro-de-investigacion-critica-e-interdisciplinaria-en-arquitectura-del-ecuador\/\" target=\"_blank\" class=\" wd-social-icon social-tg\" aria-label=\"Telegram social link\">\n\t\t\t\t\t\t<span class=\"wd-icon\"><\/span>\n\t\t\t\t\t\t\t\t\t\t\t<\/a>\n\t\t\t\t\n\t\t\t\t\n\t\t\t<\/div>\n\n\t\t\t\t\t\t\t\t\t\t\t<\/div>\n\t\t\t\t\t\t\t\t\t<div class=\"tooltip-arrow\"><\/div>\n\t\t\t\t\t\t\t\t<\/div>\n\t\t\t\t\t\t\t<\/div>\n\t\t\t\t\t\t\n\t\t\t\t\t\t\t\t\t\t\t\t\t\t\t\t\t\t\t\t<div class=\"wd-post-reply wd-style-1\">\n\t\t\t\t\t\t\t\t<a href=\"https:\/\/brmagazine.com.ec\/usfq-inauguro-circa-el-primer-centro-de-investigacion-critica-e-interdisciplinaria-en-arquitectura-del-ecuador\/#respond\"><span class=\"wd-replies-count\">0<\/span><\/a>\t\t\t\t\t\t\t<\/div>\n\t\t\t\t\t\t\t\t\t\t\t<\/div>\n\t\t\t\t\t\t\t\t\t\t\t\t\t<h3 class=\"wd-post-title wd-entities-title title post-title\">\n\t\t\t\t\t\t<a href=\"https:\/\/brmagazine.com.ec\/usfq-inauguro-circa-el-primer-centro-de-investigacion-critica-e-interdisciplinaria-en-arquitectura-del-ecuador\/\" rel=\"bookmark\">\n\t\t\t\t\t\t\tUSFQ inaugur\u00f3 CIRCA, el primer centro de investigaci\u00f3n cr\u00edtica e interdisciplinaria en arquitectura del Ecuador\t\t\t\t\t\t<\/a>\n\t\t\t\t\t<\/h3>\n\t\t\t\t\t\t\t\t\t\t\t\t\t<div class=\"wd-post-excerpt wd-scroll-content\">\n\t\t\t\t\t\t\t\t\t\t\t\t\tQuito, septiembre de 2025 \u2013 La Universidad San Francisco de Quito USFQ anunci\u00f3 la creaci\u00f3n de CIRCA (Critical and Interdisciplinary Research Centre for Architecture), un espacio acad\u00e9mico dedicado a la...\t\t\t\t\t\t\t\t\t\t\t<\/div>\n\t\t\t\t\t\t\t<\/div>\n\t\t\t\t\t\t\t\t\t\t\t\t<div class=\"wd-post-read-more wd-style-btn\">\n\t\t\t\t\t\t<a class=\" btn\" href=\"https:\/\/brmagazine.com.ec\/usfq-inauguro-circa-el-primer-centro-de-investigacion-critica-e-interdisciplinaria-en-arquitectura-del-ecuador\/\">Continue reading<\/a>\t\t\t\t\t<\/div>\n\t\t\t\t\t\t\t\t\t<\/div>\n\t<\/div>\n<\/article>\n\t\t\t\t\t\n\t\t\t\t\t","status":"have-posts","nextPage":"https:\/\/brmagazine.com.ec\/category\/sociales\/page\/13\/?woo_ajax=1","currentPage":"https:\/\/brmagazine.com.ec\/category\/sociales\/page\/12"}